{"id":69376,"date":"2026-06-17T17:14:08","date_gmt":"2026-06-17T20:14:08","guid":{"rendered":"https:\/\/guialimeira.com.br\/prefeitura-de-limeira-realiza-primeiro-encontro-para-discussao-do-plano-municipal-de-igualdade-racial\/"},"modified":"2026-06-17T17:14:08","modified_gmt":"2026-06-17T20:14:08","slug":"prefeitura-de-limeira-realiza-primeiro-encontro-para-discussao-do-plano-municipal-de-igualdade-racial","status":"publish","type":"post","link":"https:\/\/guialimeira.com.br\/news\/prefeitura-de-limeira-realiza-primeiro-encontro-para-discussao-do-plano-municipal-de-igualdade-racial\/","title":{"rendered":"Prefeitura de Limeira realiza primeiro encontro para discuss\u00e3o do Plano Municipal de Igualdade Racial"},"content":{"rendered":"<p> <br \/>\n<br \/><img data-recalc-dims=\"1\" decoding=\"async\" src=\"https:\/\/i0.wp.com\/ecrie.com.br\/sistema\/conteudos\/imagem\/m_137_1_1_17062026155144.jpeg?w=696&#038;ssl=1\" \/><\/p>\n<div>\n<h3 data-reticencias=\"34\">Jornada de Cr\u00e9dito re\u00fane empres\u00e1rios e amplia acesso a oportunidades de financiamento em Limeira<\/h3>\n<p class=\"descricao\" data-reticencias=\"44 [...]\">&#13;<br \/>\n                                    Evento realizado pela Prefeitura, em parceria com a Desenvolve SP, apresenta alternativas de financiamento e estrat\u00e9gias de gest\u00e3o para empreendedores&#13;\n                                <\/p>\n<\/p><\/div>\n<p><br \/>\n<br \/><a href=\"https:\/\/limeira.sp.gov.br\/prefeitura-de-limeira-realiza-primeiro-encontro-para-discussao-do-plano-municipal-de-igualdade-racial\" rel=\"noopener\">Informa\u00e7\u00f5es da PML <\/a><\/p>\n","protected":false},"excerpt":{"rendered":"<p>Jornada de Cr\u00e9dito re\u00fane empres\u00e1rios e amplia acesso a oportunidades de financiamento em Limeira &#13; Evento realizado pela Prefeitura, em parceria com a Desenvolve SP, apresenta alternativas de financiamento e estrat\u00e9gias de gest\u00e3o para empreendedores&#13; Informa\u00e7\u00f5es da PML<\/p>\n","protected":false},"author":1,"featured_media":69377,"comment_status":"","ping_status":"open","sticky":false,"template":"","format":"standard","meta":{"_jetpack_newsletter_access":"","_jetpack_dont_email_post_to_subs":false,"_jetpack_newsletter_tier_id":0,"_jetpack_memberships_contains_paywalled_content":false,"_mbp_banners":[],"_jetpack_feature_clip_id":0,"_jetpack_memberships_contains_paid_content":false,"footnotes":"","jetpack_publicize_message":"","jetpack_publicize_feature_enabled":true,"jetpack_social_post_already_shared":true,"jetpack_social_options":{"image_generator_settings":{"template":"highway","default_image_id":0,"font":"","enabled":false},"version":2},"jetpack_post_was_ever_published":false},"categories":[16],"tags":[],"class_list":["post-69376","post","type-post","status-publish","format-standard","has-post-thumbnail","category-local"],"jetpack_publicize_connections":[],"jetpack-related-posts":[],"jetpack_shortlink":"https:\/\/wp.me\/p7Eq1F-i2Y","jetpack_sharing_enabled":true,"jetpack_featured_media_url":"https:\/\/i0.wp.com\/guialimeira.com.br\/news\/wp-content\/uploads\/2026\/06\/m_137_1_1_17062026155144.jpeg?fit=1024%2C576&ssl=1","_links":{"self":[{"href":"https:\/\/guialimeira.com.br\/news\/wp-json\/wp\/v2\/posts\/69376","targetHints":{"allow":["GET"]}}],"collection":[{"href":"https:\/\/guialimeira.com.br\/news\/wp-json\/wp\/v2\/posts"}],"about":[{"href":"https:\/\/guialimeira.com.br\/news\/wp-json\/wp\/v2\/types\/post"}],"author":[{"embeddable":true,"href":"https:\/\/guialimeira.com.br\/news\/wp-json\/wp\/v2\/users\/1"}],"replies":[{"embeddable":true,"href":"https:\/\/guialimeira.com.br\/news\/wp-json\/wp\/v2\/comments?post=69376"}],"version-history":[{"count":0,"href":"https:\/\/guialimeira.com.br\/news\/wp-json\/wp\/v2\/posts\/69376\/revisions"}],"wp:featuredmedia":[{"embeddable":true,"href":"https:\/\/guialimeira.com.br\/news\/wp-json\/wp\/v2\/media\/69377"}],"wp:attachment":[{"href":"https:\/\/guialimeira.com.br\/news\/wp-json\/wp\/v2\/media?parent=69376"}],"wp:term":[{"taxonomy":"category","embeddable":true,"href":"https:\/\/guialimeira.com.br\/news\/wp-json\/wp\/v2\/categories?post=69376"},{"taxonomy":"post_tag","embeddable":true,"href":"https:\/\/guialimeira.com.br\/news\/wp-json\/wp\/v2\/tags?post=69376"}],"curies":[{"name":"wp","href":"https:\/\/api.w.org\/{rel}","templated":true}]}}