{"id":69374,"date":"2026-06-17T17:13:09","date_gmt":"2026-06-17T20:13:09","guid":{"rendered":"https:\/\/guialimeira.com.br\/governo-de-sp-abre-inscricoes-para-curso-gratuito-de-empreendedorismo\/"},"modified":"2026-06-17T17:13:09","modified_gmt":"2026-06-17T20:13:09","slug":"governo-de-sp-abre-inscricoes-para-curso-gratuito-de-empreendedorismo","status":"publish","type":"post","link":"https:\/\/guialimeira.com.br\/news\/governo-de-sp-abre-inscricoes-para-curso-gratuito-de-empreendedorismo\/","title":{"rendered":"Governo de SP abre inscri\u00e7\u00f5es para curso gratuito de empreendedorismo"},"content":{"rendered":"<p> <br \/>\n<\/p>\n<div>\n<p class=\"wp-block-paragraph\">Quem tem interesse em empreender ou j\u00e1 tem o pr\u00f3prio neg\u00f3cio pode fazer um curso gratuito de empreendedorismo, oferecido pelo Qualifica SP \u2013 Empreenda, programa da Secretaria de Desenvolvimento Econ\u00f4mico. A iniciativa capacita empreendedores de micro e pequenas empresas oferecendo mentorias coletivas e individuais. Neste momento, est\u00e3o abertas 500 vagas. No total, ser\u00e3o 2 mil vagas distribu\u00eddas em quatro etapas ao longo do ano.<\/p>\n<p class=\"wp-block-paragraph\">Paulo Pereira, 47 anos, \u00e9 um dos 400 alunos que est\u00e3o participando da primeira turma e disse que se surpreendeu com o curso. \u201cEu sou prestador de servi\u00e7os e geralmente os cursos que t\u00eam por a\u00ed s\u00e3o focados em empreendedores de alimentos, mas o Qualifica SP tem conte\u00fado que serve para o meu ramo, me senti acolhido\u201d, conta.<\/p>\n<figure class=\"wp-block-image size-large\"><img data-recalc-dims=\"1\" fetchpriority=\"high\" decoding=\"async\" width=\"696\" height=\"928\" src=\"https:\/\/i0.wp.com\/www.agenciasp.sp.gov.br\/wp-content\/uploads\/2026\/06\/Paulo-Pereira-aluno-do-Qualifica-SP-Empreenda.-Foto-Cassandra-Mello-1-768x1024.jpeg?resize=696%2C928&#038;ssl=1\" alt=\"Qualifica SP\" class=\"wp-image-152802 lazy\" srcset=\"https:\/\/www.agenciasp.sp.gov.br\/wp-content\/uploads\/2026\/06\/Paulo-Pereira-aluno-do-Qualifica-SP-Empreenda.-Foto-Cassandra-Mello-1-768x1024.jpeg 768w, https:\/\/www.agenciasp.sp.gov.br\/wp-content\/uploads\/2026\/06\/Paulo-Pereira-aluno-do-Qualifica-SP-Empreenda.-Foto-Cassandra-Mello-1-225x300.jpeg 225w, https:\/\/www.agenciasp.sp.gov.br\/wp-content\/uploads\/2026\/06\/Paulo-Pereira-aluno-do-Qualifica-SP-Empreenda.-Foto-Cassandra-Mello-1-1152x1536.jpeg 1152w, https:\/\/www.agenciasp.sp.gov.br\/wp-content\/uploads\/2026\/06\/Paulo-Pereira-aluno-do-Qualifica-SP-Empreenda.-Foto-Cassandra-Mello-1-1536x2048.jpeg 1536w, https:\/\/www.agenciasp.sp.gov.br\/wp-content\/uploads\/2026\/06\/Paulo-Pereira-aluno-do-Qualifica-SP-Empreenda.-Foto-Cassandra-Mello-1-640x853.jpeg 640w, https:\/\/www.agenciasp.sp.gov.br\/wp-content\/uploads\/2026\/06\/Paulo-Pereira-aluno-do-Qualifica-SP-Empreenda.-Foto-Cassandra-Mello-1-150x200.jpeg 150w, https:\/\/www.agenciasp.sp.gov.br\/wp-content\/uploads\/2026\/06\/Paulo-Pereira-aluno-do-Qualifica-SP-Empreenda.-Foto-Cassandra-Mello-1.jpeg 1632w\" data-sizes=\"(max-width: 768px) 100vw, 768px\"\/><figcaption class=\"wp-element-caption\">Paulo Pereira, aluno do Qualifica SP \u2013 Foto: Divulga\u00e7\u00e3o\/Governo de S\u00e3o Paulo<\/figcaption><\/figure>\n<p class=\"wp-block-paragraph\"><strong>LEIA TAMB\u00c9M: <\/strong><a href=\"https:\/\/www.agenciasp.sp.gov.br\/cdhu-nova-diretriz-projetos-habitacionais\/\" rel=\"noopener\">CDHU adota novas diretrizes urban\u00edsticas para projetos habitacionais no estado de SP<\/a><\/p>\n<p class=\"wp-block-paragraph\">Paulo tem produtora audiovisual independente focada em document\u00e1rios. \u201cEm 25 anos de carreira eu sempre via o que eu fa\u00e7o como um bico e o curso me fez enxergar como uma empresa\u201d, revela.<\/p>\n<p class=\"wp-block-paragraph\">O objetivo do empreendedor ap\u00f3s o curso \u00e9 solicitar cr\u00e9dito do Banco do Povo para comprar equipamento fotogr\u00e1fico para aumentar suas produ\u00e7\u00f5es audiovisuais.<\/p>\n<p class=\"wp-block-paragraph\"><strong>LEIA TAMB\u00c9M: <\/strong><a href=\"https:\/\/www.agenciasp.sp.gov.br\/sp-lidera-impacto-positivo-no-setor-de-servicos-em-abril-2\/\" rel=\"noopener\">SP lidera impacto positivo no setor de Servi\u00e7os em abril<\/a><\/p>\n<h3 class=\"wp-block-heading\">Sobre o curso<\/h3>\n<p class=\"wp-block-paragraph\">O curso, executado pela Funda\u00e7\u00e3o Dom Cabral, \u00e9 dividido em tr\u00eas m\u00f3dulos com carga hor\u00e1ria de 30 horas. Os alunos ter\u00e3o mentoria coletiva e individual e aprender\u00e3o sobre gest\u00e3o financeira, a identificar oportunidades de mercado e a construir um plano de neg\u00f3cios.<\/p>\n<p class=\"wp-block-paragraph\">Assim como Paulo, empreendedores do estado de S\u00e3o Paulo, de 18 anos ou mais, formais ou informais podem participar do programa. As inscri\u00e7\u00f5es devem ser realizadas pelo site www.qualificasp.sp.gov.br at\u00e9 o dia 30 de junho. As aulas t\u00eam previs\u00e3o para in\u00edcio nas primeiras semanas de julho.<\/p>\n<h3 class=\"wp-block-heading\">Servi\u00e7o<\/h3>\n<p class=\"wp-block-paragraph\">Inscri\u00e7\u00f5es para curso de empreendedorismo do Qualifica SP \u2013 Empreenda<br \/>Prazo: at\u00e9 30\/06<br \/>Site: <a href=\"https:\/\/www.qualificasp.sp.gov.br\" data-type=\"link\" data-id=\"www.qualificasp.sp.gov.br\" target=\"_blank\" rel=\"noopener\">www.qualificasp.sp.gov.br<\/a><\/p>\n<h3 class=\"wp-block-heading\">Sobre a SDE<\/h3>\n<p class=\"wp-block-paragraph\">A Secretaria de Desenvolvimento Econ\u00f4mico (SDE), pasta do Governo do Estado de S\u00e3o Paulo, exerce papel fundamental para a reindustrializa\u00e7\u00e3o e atra\u00e7\u00e3o de investimentos com foco na gera\u00e7\u00e3o de emprego, renda e desenvolvimento regional. Al\u00e9m disso, conta com programas de capacita\u00e7\u00e3o profissional, a\u00e7\u00f5es de fomento ao empreendedorismo, que incluem linhas de microcr\u00e9dito do Banco do Povo. Tem como institui\u00e7\u00f5es vinculadas a InvestSP, a Desenvolve SP e a Junta Comercial do Estado de S\u00e3o Paulo (Jucesp).<\/p>\n<\/p><\/div>\n<p><br \/>\n<br \/><a href=\"https:\/\/www.agenciasp.sp.gov.br\/governo-de-sp-abre-inscricoes-para-curso-gratuito-de-empreendedorismo\/\" rel=\"noopener\">Informa\u00e7\u00f5es GOV.SP<\/a><\/p>\n","protected":false},"excerpt":{"rendered":"<p>Quem tem interesse em empreender ou j\u00e1 tem o pr\u00f3prio neg\u00f3cio pode fazer um curso gratuito de empreendedorismo, oferecido pelo Qualifica SP \u2013 Empreenda, programa da Secretaria de Desenvolvimento Econ\u00f4mico. A iniciativa capacita empreendedores de micro e pequenas empresas oferecendo mentorias coletivas e individuais. Neste momento, est\u00e3o abertas 500 vagas. No total, ser\u00e3o 2 mil [&hellip;]<\/p>\n","protected":false},"author":1,"featured_media":69375,"comment_status":"","ping_status":"open","sticky":false,"template":"","format":"standard","meta":{"_jetpack_newsletter_access":"","_jetpack_dont_email_post_to_subs":false,"_jetpack_newsletter_tier_id":0,"_jetpack_memberships_contains_paywalled_content":false,"_mbp_banners":[],"_jetpack_feature_clip_id":0,"_jetpack_memberships_contains_paid_content":false,"footnotes":"","jetpack_publicize_message":"","jetpack_publicize_feature_enabled":true,"jetpack_social_post_already_shared":true,"jetpack_social_options":{"image_generator_settings":{"template":"highway","default_image_id":0,"font":"","enabled":false},"version":2},"jetpack_post_was_ever_published":false},"categories":[21],"tags":[],"class_list":["post-69374","post","type-post","status-publish","format-standard","has-post-thumbnail","category-sp-news"],"jetpack_publicize_connections":[],"jetpack-related-posts":[],"jetpack_shortlink":"https:\/\/wp.me\/p7Eq1F-i2W","jetpack_sharing_enabled":true,"jetpack_featured_media_url":"https:\/\/i0.wp.com\/guialimeira.com.br\/news\/wp-content\/uploads\/2026\/06\/Governo-de-SP-abre-inscricoes-para-curso-gratuito-de-empreendedorismo.jpeg?fit=768%2C1024&ssl=1","_links":{"self":[{"href":"https:\/\/guialimeira.com.br\/news\/wp-json\/wp\/v2\/posts\/69374","targetHints":{"allow":["GET"]}}],"collection":[{"href":"https:\/\/guialimeira.com.br\/news\/wp-json\/wp\/v2\/posts"}],"about":[{"href":"https:\/\/guialimeira.com.br\/news\/wp-json\/wp\/v2\/types\/post"}],"author":[{"embeddable":true,"href":"https:\/\/guialimeira.com.br\/news\/wp-json\/wp\/v2\/users\/1"}],"replies":[{"embeddable":true,"href":"https:\/\/guialimeira.com.br\/news\/wp-json\/wp\/v2\/comments?post=69374"}],"version-history":[{"count":0,"href":"https:\/\/guialimeira.com.br\/news\/wp-json\/wp\/v2\/posts\/69374\/revisions"}],"wp:featuredmedia":[{"embeddable":true,"href":"https:\/\/guialimeira.com.br\/news\/wp-json\/wp\/v2\/media\/69375"}],"wp:attachment":[{"href":"https:\/\/guialimeira.com.br\/news\/wp-json\/wp\/v2\/media?parent=69374"}],"wp:term":[{"taxonomy":"category","embeddable":true,"href":"https:\/\/guialimeira.com.br\/news\/wp-json\/wp\/v2\/categories?post=69374"},{"taxonomy":"post_tag","embeddable":true,"href":"https:\/\/guialimeira.com.br\/news\/wp-json\/wp\/v2\/tags?post=69374"}],"curies":[{"name":"wp","href":"https:\/\/api.w.org\/{rel}","templated":true}]}}