{"id":69372,"date":"2026-06-17T17:09:07","date_gmt":"2026-06-17T20:09:07","guid":{"rendered":"https:\/\/guialimeira.com.br\/jornada-de-credito-reune-empresarios-e-amplia-acesso-a-oportunidades-de-financiamento-em-limeira\/"},"modified":"2026-06-17T17:09:07","modified_gmt":"2026-06-17T20:09:07","slug":"jornada-de-credito-reune-empresarios-e-amplia-acesso-a-oportunidades-de-financiamento-em-limeira","status":"publish","type":"post","link":"https:\/\/guialimeira.com.br\/news\/jornada-de-credito-reune-empresarios-e-amplia-acesso-a-oportunidades-de-financiamento-em-limeira\/","title":{"rendered":"Jornada de Cr\u00e9dito re\u00fane empres\u00e1rios e amplia acesso a oportunidades de financiamento em Limeira"},"content":{"rendered":"<p> <br \/>\n<\/p>\n<div>\n                <main class=\"\">&#13;<br \/>\n                    &#13;<br \/>\n&#13;<br \/>\n&#13;<br \/>\n&#13;<br \/>\n&#13;<br \/>\n&#13;<br \/>\n    <img data-recalc-dims=\"1\" decoding=\"async\" src=\"https:\/\/i0.wp.com\/ecrie.com.br\/sistema\/conteudos\/imagem\/m_137_0_1_17062026170827.jpg?w=696&#038;ssl=1\" alt=\"Jornada de Cr\u00e9dito re\u00fane empres\u00e1rios e amplia acesso a oportunidades de financiamento em Limeira\"\/>&#13;<br \/>\n&#13;<br \/>\n&#13;<\/p>\n<p style=\"text-align: justify;\">A Prefeitura de Limeira, em parceria com a Desenvolve SP, Investe S\u00e3o Paulo e Banco do Povo Paulista, realizou nesta quarta-feira (17), no Espa\u00e7o Elo, a Jornada de Cr\u00e9dito. A iniciativa reuniu cerca de 60 participantes entre empres\u00e1rios, empreendedores, representantes de entidades e convidados interessados em conhecer op\u00e7\u00f5es de financiamento e estrat\u00e9gias para o desenvolvimento dos neg\u00f3cios.<\/p>\n<p>&#13;<\/p>\n<p style=\"text-align: justify;\">O evento contou com o apoio do Sebrae, do Ciesp (Centro das Ind\u00fastrias do Estado de S\u00e3o Paulo) e da Acil (Associa\u00e7\u00e3o Comercial e Industrial de Limeira).<\/p>\n<p>&#13;<\/p>\n<p style=\"text-align: justify;\">Durante a abertura, o vice-prefeito Fabiano D\u2019Andr\u00e9a destacou a import\u00e2ncia da iniciativa para o fortalecimento da economia local. \u201cA Jornada de Cr\u00e9dito aproxima os empreendedores das ferramentas necess\u00e1rias para investir, crescer e gerar novas oportunidades para o munic\u00edpio\u201d, afirmou.<\/p>\n<p>&#13;<\/p>\n<p style=\"text-align: justify;\">O secret\u00e1rio municipal de Desenvolvimento Econ\u00f4mico, Daniel Bonatti, ressaltou que o acesso \u00e0 informa\u00e7\u00e3o e \u00e0s linhas de financiamento \u00e9 um passo importante para o crescimento das empresas. \u201cNosso objetivo \u00e9 aproximar o empreendedor das oportunidades dispon\u00edveis, oferecendo conhecimento e acesso a instrumentos que contribuam para a expans\u00e3o dos neg\u00f3cios e a gera\u00e7\u00e3o de emprego e renda\u201d, disse.<\/p>\n<p>&#13;<\/p>\n<p style=\"text-align: justify;\">A programa\u00e7\u00e3o contou com a palestra \u201cCr\u00e9dito Consciente\u201d, ministrada pelo consultor do Sebrae Anderson Santos, e com a apresenta\u00e7\u00e3o \u201cLinhas de Cr\u00e9dito da Desenvolve SP\u201d, conduzida pelo consultor de Neg\u00f3cios Alexandre Fontana, que detalhou as op\u00e7\u00f5es de financiamento dispon\u00edveis para empresas de diferentes portes.<\/p>\n<p>&#13;<\/p>\n<p style=\"text-align: justify;\">A subsecret\u00e1ria de Empreendedorismo, Produtividade e Desenvolvimento Econ\u00f4mico do Estado de S\u00e3o Paulo, Amiris de Paula Serdeira, tamb\u00e9m participou do encontro e destacou a import\u00e2ncia da parceria entre Estado e munic\u00edpio. \u201cLimeira possui um ambiente empreendedor forte e com grande potencial de crescimento. O acesso ao cr\u00e9dito e \u00e0 qualifica\u00e7\u00e3o \u00e9 fundamental para fortalecer os neg\u00f3cios e ampliar as oportunidades de desenvolvimento\u201d, destacou.<\/p>\n<p>&#13;<\/p>\n<p style=\"text-align: justify;\">Tamb\u00e9m participaram da cerim\u00f4nia o diretor-executivo do Banco do Povo Paulista, Marcos Wolff; o secret\u00e1rio de Esporte e Lazer, Dimas Peruzza; os vereadores Nilton Santos e Mara Isa Mattos Silveira; o presidente da Acil, Dr. Valmir Martins; a diretora do Procon Limeira, Carolina Pontes e os representantes da F\u00e1brica de Inova\u00e7\u00e3o, Leonardo Polli, Paula Arcanjo e F\u00e1bio Baldin.<\/p>\n<p>&#13;<br \/>\n&#13;<br \/>\n&#13;<br \/>\n&#13;<\/p>\n<article class=\"conteudo-relacionado no-print\">&#13;<br \/>\n        &#13;<br \/>\n&#13;<br \/>\n        &#13;<br \/>\n    <\/article>\n<p>&#13;<br \/>\n&#13;<br \/>\n                <\/main><\/p><\/div>\n<p><br \/>\n<br \/><a href=\"https:\/\/limeira.sp.gov.br\/jornada-de-credito-reune-empresarios-e-amplia-acesso-a-oportunidades-de-financiamento-em-limeira\" rel=\"noopener\">Informa\u00e7\u00f5es da PML <\/a><\/p>\n","protected":false},"excerpt":{"rendered":"<p>&#13; &#13; &#13; &#13; &#13; &#13; &#13; &#13; &#13; &#13; A Prefeitura de Limeira, em parceria com a Desenvolve SP, Investe S\u00e3o Paulo e Banco do Povo Paulista, realizou nesta quarta-feira (17), no Espa\u00e7o Elo, a Jornada de Cr\u00e9dito. A iniciativa reuniu cerca de 60 participantes entre empres\u00e1rios, empreendedores, representantes de entidades e convidados interessados [&hellip;]<\/p>\n","protected":false},"author":1,"featured_media":69373,"comment_status":"","ping_status":"open","sticky":false,"template":"","format":"standard","meta":{"_jetpack_newsletter_access":"","_jetpack_dont_email_post_to_subs":false,"_jetpack_newsletter_tier_id":0,"_jetpack_memberships_contains_paywalled_content":false,"_mbp_banners":[],"_jetpack_feature_clip_id":0,"_jetpack_memberships_contains_paid_content":false,"footnotes":"","jetpack_publicize_message":"","jetpack_publicize_feature_enabled":true,"jetpack_social_post_already_shared":true,"jetpack_social_options":{"image_generator_settings":{"template":"highway","default_image_id":0,"font":"","enabled":false},"version":2},"jetpack_post_was_ever_published":false},"categories":[16],"tags":[],"class_list":["post-69372","post","type-post","status-publish","format-standard","has-post-thumbnail","category-local"],"jetpack_publicize_connections":[],"jetpack-related-posts":[],"jetpack_shortlink":"https:\/\/wp.me\/p7Eq1F-i2U","jetpack_sharing_enabled":true,"jetpack_featured_media_url":"https:\/\/i0.wp.com\/guialimeira.com.br\/news\/wp-content\/uploads\/2026\/06\/m_137_0_1_17062026170827.jpg?fit=1024%2C682&ssl=1","_links":{"self":[{"href":"https:\/\/guialimeira.com.br\/news\/wp-json\/wp\/v2\/posts\/69372","targetHints":{"allow":["GET"]}}],"collection":[{"href":"https:\/\/guialimeira.com.br\/news\/wp-json\/wp\/v2\/posts"}],"about":[{"href":"https:\/\/guialimeira.com.br\/news\/wp-json\/wp\/v2\/types\/post"}],"author":[{"embeddable":true,"href":"https:\/\/guialimeira.com.br\/news\/wp-json\/wp\/v2\/users\/1"}],"replies":[{"embeddable":true,"href":"https:\/\/guialimeira.com.br\/news\/wp-json\/wp\/v2\/comments?post=69372"}],"version-history":[{"count":0,"href":"https:\/\/guialimeira.com.br\/news\/wp-json\/wp\/v2\/posts\/69372\/revisions"}],"wp:featuredmedia":[{"embeddable":true,"href":"https:\/\/guialimeira.com.br\/news\/wp-json\/wp\/v2\/media\/69373"}],"wp:attachment":[{"href":"https:\/\/guialimeira.com.br\/news\/wp-json\/wp\/v2\/media?parent=69372"}],"wp:term":[{"taxonomy":"category","embeddable":true,"href":"https:\/\/guialimeira.com.br\/news\/wp-json\/wp\/v2\/categories?post=69372"},{"taxonomy":"post_tag","embeddable":true,"href":"https:\/\/guialimeira.com.br\/news\/wp-json\/wp\/v2\/tags?post=69372"}],"curies":[{"name":"wp","href":"https:\/\/api.w.org\/{rel}","templated":true}]}}