{"id":69367,"date":"2026-06-17T16:45:55","date_gmt":"2026-06-17T19:45:55","guid":{"rendered":"https:\/\/guialimeira.com.br\/comissao-de-educacao-e-ciencias-dialoga-com-secretario-antonio-montesano-sobre-as-acoes-da-rede-municipal-de-ensino\/"},"modified":"2026-06-17T16:45:55","modified_gmt":"2026-06-17T19:45:55","slug":"comissao-de-educacao-e-ciencias-dialoga-com-secretario-antonio-montesano-sobre-as-acoes-da-rede-municipal-de-ensino","status":"publish","type":"post","link":"https:\/\/guialimeira.com.br\/news\/comissao-de-educacao-e-ciencias-dialoga-com-secretario-antonio-montesano-sobre-as-acoes-da-rede-municipal-de-ensino\/","title":{"rendered":"Comiss\u00e3o de Educa\u00e7\u00e3o e Ci\u00eancias dialoga com secret\u00e1rio Ant\u00f4nio Montesano sobre as a\u00e7\u00f5es da rede municipal de ensino"},"content":{"rendered":"<p>Comiss\u00e3o de Educa\u00e7\u00e3o e Ci\u00eancias dialoga com secret\u00e1rio Ant\u00f4nio Montesano sobre as a\u00e7\u00f5es da rede municipal de ensino<\/p>\n<p>O secret\u00e1rio municipal de Educa\u00e7\u00e3o de Limeira, Ant\u00f4nio Montesano Neto, prestou contas sobre as a\u00e7\u00f5es da pasta \u00e0 Comiss\u00e3o de Educa\u00e7\u00e3o e Ci\u00eancias da C\u00e2mara Municipal na tarde desta quarta-feira, 17 de junho. O encontro abordou as tratativas para realiza\u00e7\u00e3o de concurso p\u00fablico na \u00e1rea, as condi\u00e7\u00f5es do transporte escolar, a loca\u00e7\u00e3o de pr\u00e9dio para a educa\u00e7\u00e3o especial e a audi\u00eancia p\u00fablica sobre o fechamento de salas de aula pelo Governo do Estado.<\/p>\n<p>A reuni\u00e3o foi conduzida pelos membros do colegiado, vereadores Mariana Calsa (PSB), presidente; e Marco Xavier (PP), secret\u00e1rio. Tamb\u00e9m participou a agente de desenvolvimento escolar, Sandra Formigari. Os trabalhos foram transmitidos ao vivo e podem ser conferidos por v\u00eddeo neste link. Todas as delibera\u00e7\u00f5es dos membros constam em ata.<\/p>\n<p>Escola Pequeno Pr\u00edncipe<\/p>\n<p>O primeiro tema abordado foi sobre a loca\u00e7\u00e3o do pr\u00e9dio da Escola Pequeno Pr\u00edncipe. Apesar de n\u00e3o detalhar o projeto, Montesano respondeu que o uso do espa\u00e7o ser\u00e1 destinado \u00e0 educa\u00e7\u00e3o especial. Ele destacou que a ocupa\u00e7\u00e3o do pr\u00e9dio e o pagamento dos alugu\u00e9is correspondentes somente devem ocorrer ap\u00f3s a conclus\u00e3o de reformas de acessibilidade, apontadas pela Secretaria como necess\u00e1rias para in\u00edcio das atividades.<\/p>\n<p>Concurso p\u00fablico<\/p>\n<p>Outro assunto questionado pela vereadora Mariana Calsa foi em rela\u00e7\u00e3o ao andamento do concurso p\u00fablico para a contrata\u00e7\u00e3o de profissionais para a \u00e1rea da educa\u00e7\u00e3o. Montesano informou que uma comiss\u00e3o organizadora vinculada \u00e0 Secretaria de Administra\u00e7\u00e3o tramita o processo que trata sobre o tema na Prefeitura e envolve n\u00e3o somente a demanda da pasta, mas de outras secretarias.<\/p>\n<p>O gestor afirmou, durante a reuni\u00e3o, que n\u00e3o dispunha de dados exatos da tramita\u00e7\u00e3o. Mas ponderou que o concurso deve atender a falta de funcion\u00e1rios em fun\u00e7\u00f5es como secret\u00e1rios de escola, assistentes administrativos, auxiliares gerais, merendeiros, professores de educa\u00e7\u00e3o especial e infantil, diretores e assistentes sociais.<\/p>\n<p>Transporte escolar<\/p>\n<p>A presidente da Comiss\u00e3o apresentou, em Plen\u00e1rio, a imagem de um \u00f4nibus escolar sem o vidro traseiro. O registro foi enviado por moradores no Bairro dos Lopes. O secret\u00e1rio relatou que a pasta n\u00e3o havia recebido nenhuma reclama\u00e7\u00e3o sobre o fato at\u00e9 o momento da reuni\u00e3o, mas comprometeu-se a adotar as provid\u00eancias para sanar o problema no mesmo dia.<\/p>\n<p>Audi\u00eancia p\u00fablica<\/p>\n<p>A Comiss\u00e3o de Educa\u00e7\u00e3o refor\u00e7ou o convite ao secret\u00e1rio Montesano para que participe, no dia 15 de julho, \u00e0s 18h, no Plen\u00e1rio Vereador Vit\u00f3rio Bortolan, da audi\u00eancia p\u00fablica para debater o fechamento de salas de aula de ensino fundamental 1 e do per\u00edodo noturno em escolas estaduais pelo Governo do Estado de S\u00e3o Paulo. O secret\u00e1rio de Educa\u00e7\u00e3o manifestou apoio \u00e0 iniciativa e ratificou que a rede municipal n\u00e3o tem condi\u00e7\u00f5es de absorver estes alunos no pr\u00f3ximo ano.<\/p>\n<p>Tamb\u00e9m est\u00e3o convidados representantes do Campl Patrulheiro, da Escola T\u00e9cnica Trajano Camargo, da Diretoria de Ensino, da Secretaria Municipal de Educa\u00e7\u00e3o, da Secretaria Estadual de Educa\u00e7\u00e3o, do Sindicato dos Professores do Ensino Oficial do Estado de S\u00e3o Paulo (Apeoesp), a deputada estadual Marina Helou e o vereador de Cordeir\u00f3polis, Diego Fabiano de Oliveira (MDB).<\/p>\n<hr>\n<p><em>Fonte: <a href=\"https:\/\/www.limeira.sp.leg.br\/noticias\/view\/2026-06-17_comissao-de-educacao-e-ciencias-dialoga-com-secretario-antonio-montesano-sobre-as-acoes-da-rede-municipal-de-ensino\" target=\"_blank\" rel=\"noopener\">C\u00e2mara Municipal de Limeira<\/a><\/em><\/p>\n","protected":false},"excerpt":{"rendered":"<p>Comiss\u00e3o de Educa\u00e7\u00e3o e Ci\u00eancias dialoga com secret\u00e1rio Ant\u00f4nio Montesano sobre as a\u00e7\u00f5es da rede municipal de ensino<\/p>\n<p>O secret\u00e1rio municipal de Educa\u00e7\u00e3o de Limeira, Ant\u00f4nio Montesano Neto, prestou contas sobre as a\u00e7\u00f5es da pasta \u00e0 Comiss\u00e3o de Educa\u00e7\u00e3o e Ci\u00eancias da C\u00e2mara Municipal na tarde desta quar<\/p>\n","protected":false},"author":4,"featured_media":69366,"comment_status":"","ping_status":"open","sticky":false,"template":"","format":"standard","meta":{"_jetpack_newsletter_access":"","_jetpack_dont_email_post_to_subs":false,"_jetpack_newsletter_tier_id":0,"_jetpack_memberships_contains_paywalled_content":false,"_mbp_banners":[],"_jetpack_feature_clip_id":0,"_jetpack_memberships_contains_paid_content":false,"footnotes":"","jetpack_publicize_message":"","jetpack_publicize_feature_enabled":true,"jetpack_social_post_already_shared":true,"jetpack_social_options":{"image_generator_settings":{"template":"highway","default_image_id":0,"font":"","enabled":false},"version":2},"jetpack_post_was_ever_published":false},"categories":[19],"tags":[],"class_list":["post-69367","post","type-post","status-publish","format-standard","has-post-thumbnail","category-politica"],"jetpack_publicize_connections":[],"jetpack-related-posts":[],"jetpack_shortlink":"https:\/\/wp.me\/p7Eq1F-i2P","jetpack_sharing_enabled":true,"jetpack_featured_media_url":"https:\/\/i0.wp.com\/guialimeira.com.br\/news\/wp-content\/uploads\/2026\/06\/noticia-camara-72.jpg?fit=1280%2C640&ssl=1","_links":{"self":[{"href":"https:\/\/guialimeira.com.br\/news\/wp-json\/wp\/v2\/posts\/69367","targetHints":{"allow":["GET"]}}],"collection":[{"href":"https:\/\/guialimeira.com.br\/news\/wp-json\/wp\/v2\/posts"}],"about":[{"href":"https:\/\/guialimeira.com.br\/news\/wp-json\/wp\/v2\/types\/post"}],"author":[{"embeddable":true,"href":"https:\/\/guialimeira.com.br\/news\/wp-json\/wp\/v2\/users\/4"}],"replies":[{"embeddable":true,"href":"https:\/\/guialimeira.com.br\/news\/wp-json\/wp\/v2\/comments?post=69367"}],"version-history":[{"count":0,"href":"https:\/\/guialimeira.com.br\/news\/wp-json\/wp\/v2\/posts\/69367\/revisions"}],"wp:featuredmedia":[{"embeddable":true,"href":"https:\/\/guialimeira.com.br\/news\/wp-json\/wp\/v2\/media\/69366"}],"wp:attachment":[{"href":"https:\/\/guialimeira.com.br\/news\/wp-json\/wp\/v2\/media?parent=69367"}],"wp:term":[{"taxonomy":"category","embeddable":true,"href":"https:\/\/guialimeira.com.br\/news\/wp-json\/wp\/v2\/categories?post=69367"},{"taxonomy":"post_tag","embeddable":true,"href":"https:\/\/guialimeira.com.br\/news\/wp-json\/wp\/v2\/tags?post=69367"}],"curies":[{"name":"wp","href":"https:\/\/api.w.org\/{rel}","templated":true}]}}