{"id":69359,"date":"2026-06-17T16:11:20","date_gmt":"2026-06-17T19:11:20","guid":{"rendered":"https:\/\/guialimeira.com.br\/governo-de-sp-devolve-celulares-e-alianca-a-vitimas-apos-operacao-da-policia\/"},"modified":"2026-06-17T16:11:20","modified_gmt":"2026-06-17T19:11:20","slug":"governo-de-sp-devolve-celulares-e-alianca-a-vitimas-apos-operacao-da-policia","status":"publish","type":"post","link":"https:\/\/guialimeira.com.br\/news\/governo-de-sp-devolve-celulares-e-alianca-a-vitimas-apos-operacao-da-policia\/","title":{"rendered":"Governo de SP devolve celulares e alian\u00e7a a v\u00edtimas ap\u00f3s opera\u00e7\u00e3o da Pol\u00edcia"},"content":{"rendered":"<p> <br \/>\n<\/p>\n<div>\n<p class=\"wp-block-paragraph\">A Secretaria da Seguran\u00e7a P\u00fablica realizou nesta quarta-feira (17) a devolu\u00e7\u00e3o de celulares e outros objetos recuperados durante uma opera\u00e7\u00e3o contra um esquema de recepta\u00e7\u00e3o de bens roubados e furtados na capital paulista. Entre os propriet\u00e1rios que receberam os itens de volta est\u00e3o duas v\u00edtimas de roubos que tiveram os aparelhos localizados pelas for\u00e7as de seguran\u00e7a.<\/p>\n<p class=\"wp-block-paragraph\">\u201cEu nem acreditei\u201d, contou Isabela Victer, de 24 anos, uma das v\u00edtimas que recebeu o aparelho recuperado. A estudante registrou o boletim de ocorr\u00eancia ap\u00f3s ter o celular levado e foi surpreendida ao saber que o equipamento havia sido localizado em menos de uma semana.<\/p>\n<figure class=\"wp-block-image size-large\"><img data-recalc-dims=\"1\" fetchpriority=\"high\" decoding=\"async\" width=\"696\" height=\"649\" src=\"https:\/\/i0.wp.com\/www.agenciasp.sp.gov.br\/wp-content\/uploads\/2026\/06\/WhatsApp-Image-2026-06-17-at-15.55.49-1024x955.jpeg?resize=696%2C649&#038;ssl=1\" alt=\"\" class=\"wp-image-152770 lazy\" srcset=\"https:\/\/www.agenciasp.sp.gov.br\/wp-content\/uploads\/2026\/06\/WhatsApp-Image-2026-06-17-at-15.55.49-1024x955.jpeg 1024w, https:\/\/www.agenciasp.sp.gov.br\/wp-content\/uploads\/2026\/06\/WhatsApp-Image-2026-06-17-at-15.55.49-300x280.jpeg 300w, https:\/\/www.agenciasp.sp.gov.br\/wp-content\/uploads\/2026\/06\/WhatsApp-Image-2026-06-17-at-15.55.49-768x716.jpeg 768w, https:\/\/www.agenciasp.sp.gov.br\/wp-content\/uploads\/2026\/06\/WhatsApp-Image-2026-06-17-at-15.55.49-150x140.jpeg 150w, https:\/\/www.agenciasp.sp.gov.br\/wp-content\/uploads\/2026\/06\/WhatsApp-Image-2026-06-17-at-15.55.49.jpeg 1299w\" data-sizes=\"(max-width: 1024px) 100vw, 1024px\"\/><figcaption class=\"wp-element-caption\">Alian\u00e7as recuperadas. Foto: SSP<\/figcaption><\/figure>\n<p class=\"wp-block-paragraph\"><strong>LEIA TAMB\u00c9M: <a href=\"https:\/\/www.agenciasp.sp.gov.br\/governo-de-sp-reforca-seguranca-da-capital-com-entrega-de-251-viaturas-e-42-mil-armamentos\/\" rel=\"noopener\">Governo de SP refor\u00e7a seguran\u00e7a da capital com entrega de 251 viaturas e 4,2 mil armamentos<\/a><\/strong><\/p>\n<h3 class=\"wp-block-heading\">V\u00edtima de falso entregador<\/h3>\n<p class=\"wp-block-paragraph\">A aut\u00f4noma Emily da Concei\u00e7\u00e3o, de 25 anos, tamb\u00e9m recebeu o celular durante a cerim\u00f4nia. Ela foi roubada enquanto voltava do shopping com uma amiga e contou que o criminoso se aproximou do ve\u00edculo usando uma bolsa de aplicativo de entrega, simulando ser um entregador.<\/p>\n<p class=\"wp-block-paragraph\">\u201cEle bateu na janela e anunciou o assalto. Eu tinha acabado de trocar de celular e ele pediu a senha. Foi um trauma\u201d, disse.<\/p>\n<p class=\"wp-block-paragraph\">Ap\u00f3s o roubo, o aparelho foi bloqueado pelo IMEI, e a jovem afirmou que n\u00e3o esperava conseguir recuper\u00e1-lo.<\/p>\n<p class=\"wp-block-paragraph\">\u201cEu nunca imaginei que fosse conseguir recuperar. O policial compareceu na minha casa e avisou. Me deu um al\u00edvio muito grande\u201d, disse.<\/p>\n<h3 class=\"wp-block-heading\">Opera\u00e7\u00e3o Contrafeixe<\/h3>\n<p class=\"wp-block-paragraph\">As devolu\u00e7\u00f5es fazem parte da <a href=\"https:\/\/www.agenciasp.sp.gov.br\/operacao-da-policia-de-sp-mira-receptadores-de-celulares-roubados-da-quadrilha-do-quebra-vidro\/\" rel=\"noopener\">Opera\u00e7\u00e3o Contrafeixe, deflagrada em 10 de junho<\/a> pelo Departamento Estadual de Investiga\u00e7\u00f5es Criminais (Deic) para combater um esquema de recepta\u00e7\u00e3o de celulares roubados e furtados na capital.<\/p>\n<p class=\"wp-block-paragraph\">Durante a a\u00e7\u00e3o, foram apreendidos 182 celulares e outros objetos de valor, incluindo 42 alian\u00e7as, avaliados em quase R$ 500 mil.<\/p>\n<p class=\"wp-block-paragraph\"><strong>LEIA TAMB\u00c9M:<a href=\"https:\/\/www.agenciasp.sp.gov.br\/quebra-vidro-policia-de-sp-identifica-imovel-com-isolamento-eletromagnetico-usado-em-esquema-de-receptacao-de-celulares\/\" data-type=\"link\" data-id=\"https:\/\/www.agenciasp.sp.gov.br\/quebra-vidro-policia-de-sp-identifica-imovel-com-isolamento-eletromagnetico-usado-em-esquema-de-receptacao-de-celulares\/\" rel=\"noopener\"> \u2018Quebra-vidro\u2019: pol\u00edcia de SP identifica im\u00f3vel com isolamento eletromagn\u00e9tico usado em esquema de recepta\u00e7\u00e3o de celulares<\/a><\/strong><\/p>\n<p class=\"wp-block-paragraph\">A investiga\u00e7\u00e3o identificou a atua\u00e7\u00e3o das chamadas \u201cgangues do quebra-vidro\u201d, respons\u00e1veis por furtos e roubos de celulares em diferentes regi\u00f5es da cidade. Durante o cumprimento dos mandados judiciais, os policiais localizaram um im\u00f3vel adaptado com isolamento eletromagn\u00e9tico e bloqueadores de sinal de telecomunica\u00e7\u00e3o, estrutura usada para dificultar o rastreamento dos aparelhos.<\/p>\n<p class=\"wp-block-paragraph\">O trabalho de recupera\u00e7\u00e3o de celulares tamb\u00e9m conta com o apoio do programa SP Mobile, que possibilitou a localiza\u00e7\u00e3o de quase 30 mil aparelhos em todo o estado. Cerca de 34% foram devolvidos aos propriet\u00e1rios.<\/p>\n<\/p><\/div>\n<p><br \/>\n<br \/><a href=\"https:\/\/www.agenciasp.sp.gov.br\/governo-de-sp-devolve-celulares-e-alianca-a-vitimas-apos-operacao-da-policia\/\" rel=\"noopener\">Informa\u00e7\u00f5es GOV.SP<\/a><\/p>\n","protected":false},"excerpt":{"rendered":"<p>A Secretaria da Seguran\u00e7a P\u00fablica realizou nesta quarta-feira (17) a devolu\u00e7\u00e3o de celulares e outros objetos recuperados durante uma opera\u00e7\u00e3o contra um esquema de recepta\u00e7\u00e3o de bens roubados e furtados na capital paulista. Entre os propriet\u00e1rios que receberam os itens de volta est\u00e3o duas v\u00edtimas de roubos que tiveram os aparelhos localizados pelas for\u00e7as de [&hellip;]<\/p>\n","protected":false},"author":1,"featured_media":69360,"comment_status":"","ping_status":"open","sticky":false,"template":"","format":"standard","meta":{"_jetpack_newsletter_access":"","_jetpack_dont_email_post_to_subs":false,"_jetpack_newsletter_tier_id":0,"_jetpack_memberships_contains_paywalled_content":false,"_mbp_banners":[],"_jetpack_feature_clip_id":0,"_jetpack_memberships_contains_paid_content":false,"footnotes":"","jetpack_publicize_message":"","jetpack_publicize_feature_enabled":true,"jetpack_social_post_already_shared":true,"jetpack_social_options":{"image_generator_settings":{"template":"highway","default_image_id":0,"font":"","enabled":false},"version":2},"jetpack_post_was_ever_published":false},"categories":[21],"tags":[],"class_list":["post-69359","post","type-post","status-publish","format-standard","has-post-thumbnail","category-sp-news"],"jetpack_publicize_connections":[],"jetpack-related-posts":[],"jetpack_shortlink":"https:\/\/wp.me\/p7Eq1F-i2H","jetpack_sharing_enabled":true,"jetpack_featured_media_url":"https:\/\/i0.wp.com\/guialimeira.com.br\/news\/wp-content\/uploads\/2026\/06\/Governo-de-SP-devolve-celulares-e-alianca-a-vitimas-apos.jpeg?fit=1024%2C955&ssl=1","_links":{"self":[{"href":"https:\/\/guialimeira.com.br\/news\/wp-json\/wp\/v2\/posts\/69359","targetHints":{"allow":["GET"]}}],"collection":[{"href":"https:\/\/guialimeira.com.br\/news\/wp-json\/wp\/v2\/posts"}],"about":[{"href":"https:\/\/guialimeira.com.br\/news\/wp-json\/wp\/v2\/types\/post"}],"author":[{"embeddable":true,"href":"https:\/\/guialimeira.com.br\/news\/wp-json\/wp\/v2\/users\/1"}],"replies":[{"embeddable":true,"href":"https:\/\/guialimeira.com.br\/news\/wp-json\/wp\/v2\/comments?post=69359"}],"version-history":[{"count":0,"href":"https:\/\/guialimeira.com.br\/news\/wp-json\/wp\/v2\/posts\/69359\/revisions"}],"wp:featuredmedia":[{"embeddable":true,"href":"https:\/\/guialimeira.com.br\/news\/wp-json\/wp\/v2\/media\/69360"}],"wp:attachment":[{"href":"https:\/\/guialimeira.com.br\/news\/wp-json\/wp\/v2\/media?parent=69359"}],"wp:term":[{"taxonomy":"category","embeddable":true,"href":"https:\/\/guialimeira.com.br\/news\/wp-json\/wp\/v2\/categories?post=69359"},{"taxonomy":"post_tag","embeddable":true,"href":"https:\/\/guialimeira.com.br\/news\/wp-json\/wp\/v2\/tags?post=69359"}],"curies":[{"name":"wp","href":"https:\/\/api.w.org\/{rel}","templated":true}]}}