{"id":69356,"date":"2026-06-17T15:10:04","date_gmt":"2026-06-17T18:10:04","guid":{"rendered":"https:\/\/guialimeira.com.br\/sp-reforca-orientacao-sobre-vacina-contra-febre-amarela-apos-novo-caso-no-vale-do-paraiba\/"},"modified":"2026-06-17T15:10:04","modified_gmt":"2026-06-17T18:10:04","slug":"sp-reforca-orientacao-sobre-vacina-contra-febre-amarela-apos-novo-caso-no-vale-do-paraiba","status":"publish","type":"post","link":"https:\/\/guialimeira.com.br\/news\/sp-reforca-orientacao-sobre-vacina-contra-febre-amarela-apos-novo-caso-no-vale-do-paraiba\/","title":{"rendered":"SP refor\u00e7a orienta\u00e7\u00e3o sobre vacina contra febre amarela ap\u00f3s novo caso no Vale do Para\u00edba"},"content":{"rendered":"<p> <br \/>\n<br \/><img data-recalc-dims=\"1\" decoding=\"async\" src=\"https:\/\/i0.wp.com\/www.agenciasp.sp.gov.br\/wp-content\/uploads\/2026\/04\/50256237292_4e3567a951_k-1024x698-1.jpg?w=696&#038;ssl=1\" \/><\/p>\n<div>\n<p class=\"wp-block-paragraph\">A Secretaria de Estado da Sa\u00fade de S\u00e3o Paulo (SES-SP) registrou, nesta semana, o 11\u00ba caso de febre amarela em 2026. O paciente \u00e9 um homem, de 55 anos, sem hist\u00f3rico de vacina\u00e7\u00e3o e residente da cidade de Lagoinha, no Vale do Para\u00edba, regi\u00e3o que concentra 82% dos casos da doen\u00e7a neste ano.<\/p>\n<p class=\"wp-block-paragraph\">Desde o in\u00edcio do ano, foram registrados 11 casos e seis \u00f3bitos da doen\u00e7a em todo o Estado. Nove casos foram na regi\u00e3o do Vale do Para\u00edba, com cinco \u00f3bitos; um na regi\u00e3o de Sorocaba, sem \u00f3bito; e um na regi\u00e3o de Bauru, com um \u00f3bito. Nenhum dos casos e \u00f3bitos registrados possu\u00edam hist\u00f3rico de vacina\u00e7\u00e3o.<\/p>\n<p class=\"wp-block-paragraph\"><strong>LEIA TAMB\u00c9M: <\/strong><a href=\"https:\/\/www.agenciasp.sp.gov.br\/iamspe-amplia-rede-de-servicos-na-baixada-santista\/\" rel=\"noopener\">Iamspe amplia rede de servi\u00e7os na Baixada Santista<\/a><\/p>\n<p class=\"wp-block-paragraph\">Com a aproxima\u00e7\u00e3o das f\u00e9rias escolares, a SES-SP recomenda que o imunizante deve ser aplicado ao menos dez dias antes da exposi\u00e7\u00e3o ao risco. A orienta\u00e7\u00e3o \u00e9 que pessoas que ainda n\u00e3o receberam a vacina procurem a unidade de sa\u00fade mais pr\u00f3xima para atualizar a situa\u00e7\u00e3o vacinal, especialmente antes de viagens para \u00e1reas rurais, de mata ou regi\u00f5es com circula\u00e7\u00e3o do v\u00edrus.<\/p>\n<p class=\"wp-block-paragraph\">\u201cA vacina contra a febre amarela \u00e9 segura, eficaz e est\u00e1 dispon\u00edvel nas Unidades B\u00e1sicas de Sa\u00fade dos 645 munic\u00edpios paulistas. Desde 2019, a imuniza\u00e7\u00e3o \u00e9 recomendada para toda a popula\u00e7\u00e3o do estado. Por isso, a orienta\u00e7\u00e3o \u00e9 que quem ainda n\u00e3o se vacinou procure uma UBS, especialmente antes de viagens para \u00e1reas de mata ou regi\u00f5es com circula\u00e7\u00e3o do v\u00edrus\u201d, afirma a diretora do Centro de Vigil\u00e2ncia Epidemiol\u00f3gica do Estado de S\u00e3o Paulo (CVE-SP), Tatiana Lang.<\/p>\n<p class=\"wp-block-paragraph\"><strong>LEIA TAMB\u00c9M: <\/strong><a href=\"https:\/\/www.agenciasp.sp.gov.br\/tatuape-cptm-recebe-acao-hiv-ist-quinta-18\/\" rel=\"noopener\">Esta\u00e7\u00e3o Tatuap\u00e9 da CPTM recebe a\u00e7\u00e3o para preven\u00e7\u00e3o ao HIV e outras ISTs nesta quinta-feira (18)<\/a><\/p>\n<p class=\"wp-block-paragraph\">A Secretaria est\u00e1 monitorando continuamente o cen\u00e1rio epidemiol\u00f3gico e mant\u00e9m ativas as a\u00e7\u00f5es de vigil\u00e2ncia e preven\u00e7\u00e3o em todo o estado. A orienta\u00e7\u00e3o \u00e9 que casos suspeitos sejam comunicados imediatamente aos servi\u00e7os de sa\u00fade, contribuindo para a resposta r\u00e1pida e a redu\u00e7\u00e3o do risco de transmiss\u00e3o.<\/p>\n<p class=\"wp-block-paragraph\">Os dados atualizados de casos pela doen\u00e7a est\u00e3o dispon\u00edveis no painel do N\u00facleo de Informa\u00e7\u00f5es Estrat\u00e9gicas em Sa\u00fade (NIES) da SES-SP: <a href=\"https:\/\/nies.saude.sp.gov.br\/ses\/febre-amarela\" target=\"_blank\" rel=\"noopener\">https:\/\/nies.saude.sp.gov.br\/ses\/febre-amarela<\/a><\/p>\n<h3 class=\"wp-block-heading\">Quais s\u00e3o os sintomas da febre amarela<\/h3>\n<p class=\"wp-block-paragraph\">Os sintomas iniciais da febre amarela incluem febre de in\u00edcio s\u00fabito, calafrios, dor de cabe\u00e7a intensa, dores nas costas, dores no corpo, n\u00e1useas, v\u00f4mitos, fadiga e fraqueza.<\/p>\n<h3 class=\"wp-block-heading\">Como a febre amarela \u00e9 transmitida<\/h3>\n<p class=\"wp-block-paragraph\">A febre amarela \u00e9 transmitida por mosquitos infectados pelo v\u00edrus e possui dois ciclos de transmiss\u00e3o: silvestre e urbano. No ciclo silvestre, os principais vetores s\u00e3o os mosquitos dos g\u00eaneros Haemagogus e Sabethes.<\/p>\n<p class=\"wp-block-paragraph\">Os primatas n\u00e3o humanos atuam como hospedeiros amplificadores do v\u00edrus e tamb\u00e9m s\u00e3o v\u00edtimas da doen\u00e7a, assim como os seres humanos, considerados hospedeiros acidentais nesse ciclo.<\/p>\n<p class=\"wp-block-paragraph\">No ciclo urbano, a transmiss\u00e3o ocorre pelo mosquito Aedes aegypti, caso esteja infectado. N\u00e3o h\u00e1 registro de febre amarela urbana no Brasil desde 1942.<\/p>\n<h3 class=\"wp-block-heading\">Quem deve se vacinar contra a febre amarela<\/h3>\n<p class=\"wp-block-paragraph\">A vacina contra a febre amarela \u00e9 gratuita e integra o calend\u00e1rio de rotina. O esquema vacinal recomendado \u00e9:<\/p>\n<ul class=\"wp-block-list\">\n<li>Crian\u00e7as: uma dose aos 9 meses e refor\u00e7o aos 4 anos;<\/li>\n<li>Pessoas que receberam apenas uma dose antes dos 5 anos: devem receber refor\u00e7o;<\/li>\n<li>Pessoas de 5 a 59 anos n\u00e3o vacinadas: dose \u00fanica;<\/li>\n<li>Pessoas vacinadas com dose fracionada em 2018: devem verificar a necessidade de atualiza\u00e7\u00e3o da caderneta.<\/li>\n<li>Pessoas acima dos 59 anos sem comorbidades graves: que residem, frequentam ou viajar\u00e3o para regi\u00f5es com casos humanos ou em primatas n\u00e3o humanos devem se vacinar tamb\u00e9m.<\/li>\n<\/ul>\n<h3 class=\"wp-block-heading\">D\u00favidas sobre a vacina\u00e7\u00e3o<\/h3>\n<p class=\"wp-block-paragraph\">O Governo de SP criou o portal \u201cVacina 100 D\u00favidas\u201d, com respostas para as perguntas mais frequentes sobre vacina\u00e7\u00e3o feitas nos buscadores da internet. A ferramenta esclarece d\u00favidas sobre efeitos colaterais, efic\u00e1cia das vacinas, doen\u00e7as imunopreven\u00edveis e os riscos da n\u00e3o imuniza\u00e7\u00e3o. O acesso est\u00e1 dispon\u00edvel em: <a href=\"https:\/\/www.vacina100duvidas.sp.gov.br\" data-type=\"link\" data-id=\"www.vacina100duvidas.sp.gov.br\" target=\"_blank\" rel=\"noopener\">www.vacina100duvidas.sp.gov.br<\/a><\/p>\n<\/p><\/div>\n<p><br \/>\n<br \/><a href=\"https:\/\/www.agenciasp.sp.gov.br\/sp-reforca-orientacao-sobre-vacina-contra-febre-amarela-apos-novo-caso-no-vale-do-paraiba\/\" rel=\"noopener\">Informa\u00e7\u00f5es GOV.SP<\/a><\/p>\n","protected":false},"excerpt":{"rendered":"<p>A Secretaria de Estado da Sa\u00fade de S\u00e3o Paulo (SES-SP) registrou, nesta semana, o 11\u00ba caso de febre amarela em 2026. O paciente \u00e9 um homem, de 55 anos, sem hist\u00f3rico de vacina\u00e7\u00e3o e residente da cidade de Lagoinha, no Vale do Para\u00edba, regi\u00e3o que concentra 82% dos casos da doen\u00e7a neste ano. Desde o [&hellip;]<\/p>\n","protected":false},"author":1,"featured_media":62616,"comment_status":"","ping_status":"open","sticky":false,"template":"","format":"standard","meta":{"_jetpack_newsletter_access":"","_jetpack_dont_email_post_to_subs":false,"_jetpack_newsletter_tier_id":0,"_jetpack_memberships_contains_paywalled_content":false,"_mbp_banners":[],"_jetpack_feature_clip_id":0,"_jetpack_memberships_contains_paid_content":false,"footnotes":"","jetpack_publicize_message":"","jetpack_publicize_feature_enabled":true,"jetpack_social_post_already_shared":true,"jetpack_social_options":{"image_generator_settings":{"template":"highway","default_image_id":0,"font":"","enabled":false},"version":2},"jetpack_post_was_ever_published":false},"categories":[21],"tags":[],"class_list":["post-69356","post","type-post","status-publish","format-standard","has-post-thumbnail","category-sp-news"],"jetpack_publicize_connections":[],"jetpack-related-posts":[],"jetpack_shortlink":"https:\/\/wp.me\/p7Eq1F-i2E","jetpack_sharing_enabled":true,"jetpack_featured_media_url":"https:\/\/i0.wp.com\/guialimeira.com.br\/news\/wp-content\/uploads\/2026\/04\/Semana-Mundial-de-Imunizacao-Governo-de-SP-reforca-alerta-para.jpg?fit=1024%2C698&ssl=1","_links":{"self":[{"href":"https:\/\/guialimeira.com.br\/news\/wp-json\/wp\/v2\/posts\/69356","targetHints":{"allow":["GET"]}}],"collection":[{"href":"https:\/\/guialimeira.com.br\/news\/wp-json\/wp\/v2\/posts"}],"about":[{"href":"https:\/\/guialimeira.com.br\/news\/wp-json\/wp\/v2\/types\/post"}],"author":[{"embeddable":true,"href":"https:\/\/guialimeira.com.br\/news\/wp-json\/wp\/v2\/users\/1"}],"replies":[{"embeddable":true,"href":"https:\/\/guialimeira.com.br\/news\/wp-json\/wp\/v2\/comments?post=69356"}],"version-history":[{"count":0,"href":"https:\/\/guialimeira.com.br\/news\/wp-json\/wp\/v2\/posts\/69356\/revisions"}],"wp:featuredmedia":[{"embeddable":true,"href":"https:\/\/guialimeira.com.br\/news\/wp-json\/wp\/v2\/media\/62616"}],"wp:attachment":[{"href":"https:\/\/guialimeira.com.br\/news\/wp-json\/wp\/v2\/media?parent=69356"}],"wp:term":[{"taxonomy":"category","embeddable":true,"href":"https:\/\/guialimeira.com.br\/news\/wp-json\/wp\/v2\/categories?post=69356"},{"taxonomy":"post_tag","embeddable":true,"href":"https:\/\/guialimeira.com.br\/news\/wp-json\/wp\/v2\/tags?post=69356"}],"curies":[{"name":"wp","href":"https:\/\/api.w.org\/{rel}","templated":true}]}}