{"id":69347,"date":"2026-06-17T13:59:13","date_gmt":"2026-06-17T16:59:13","guid":{"rendered":"https:\/\/guialimeira.com.br\/unicamp-limeira-oferece-curso-basico-intensivo-de-libras-em-julho\/"},"modified":"2026-06-17T13:59:13","modified_gmt":"2026-06-17T16:59:13","slug":"unicamp-limeira-oferece-curso-basico-intensivo-de-libras-em-julho","status":"publish","type":"post","link":"https:\/\/guialimeira.com.br\/news\/unicamp-limeira-oferece-curso-basico-intensivo-de-libras-em-julho\/","title":{"rendered":"Unicamp Limeira oferece Curso B\u00e1sico Intensivo de Libras em julho"},"content":{"rendered":"<p> <br \/>\n<\/p>\n<div id=\"\">&#13;<br \/>\n                    &#13;<br \/>\n&#13;<br \/>\n&#13;<br \/>\n&#13;<br \/>\n&#13;<br \/>\n&#13;<br \/>\n    <img data-recalc-dims=\"1\" decoding=\"async\" src=\"https:\/\/i0.wp.com\/ecrie.com.br\/sistema\/conteudos\/imagem\/m_137_0_1_17062026135733.jpeg?w=696&#038;ssl=1\" alt=\"Unicamp Limeira oferece Curso B\u00e1sico Intensivo de Libras em julho\"\/>&#13;<br \/>\n&#13;<br \/>\n&#13;<\/p>\n<p>A Faculdade de Tecnologia (FT) da Universidade Estadual de Campinas (Unicamp), campus Limeira, est\u00e1 com inscri\u00e7\u00f5es abertas para novas turmas do Curso B\u00e1sico Intensivo de Libras (L\u00edngua Brasileira de Sinais), com in\u00edcio previsto para julho.<\/p>\n<p>&#13;<\/p>\n<p>Voltado a iniciantes, o curso oferece uma abordagem pr\u00e1tica, objetiva e acess\u00edvel, abordando os fundamentos da comunica\u00e7\u00e3o em Libras ao longo de um m\u00eas. A proposta \u00e9 proporcionar aos participantes os primeiros passos para a intera\u00e7\u00e3o com pessoas surdas, contribuindo para a promo\u00e7\u00e3o da inclus\u00e3o e da acessibilidade.<\/p>\n<p>&#13;<\/p>\n<p>As aulas ser\u00e3o realizadas presencialmente no Laborat\u00f3rio do Programa Ecoedu Ambiental \u2013 FT\/Unicamp, localizado na Rua Paschoal Marmo, 1888, Jardim Nova It\u00e1lia, em Limeira.<\/p>\n<p>&#13;<\/p>\n<p>As op\u00e7\u00f5es de turmas dispon\u00edveis s\u00e3o a Turma H, com aulas \u00e0s segundas-feiras, das 14h \u00e0s 17h, nos dias 6, 13, 20 e 27 de julho; a Turma I, com aulas \u00e0s quartas-feiras, das 14h \u00e0s 17h, nos dias 8, 15, 22 e 29 de julho; e a Turma J, com aulas \u00e0s quintas-feiras, das 14h \u00e0s 17h, nos dias 16, 23 e 30 de julho e 6 de agosto.<\/p>\n<p>&#13;<\/p>\n<p>A certifica\u00e7\u00e3o ser\u00e1 concedida aos participantes que obtiverem frequ\u00eancia m\u00ednima de 75%, participa\u00e7\u00e3o nas atividades propostas e desempenho satisfat\u00f3rio ao longo do curso. Para efetivar a inscri\u00e7\u00e3o, \u00e9 solicitada uma contribui\u00e7\u00e3o simb\u00f3lica de R$ 20,00, n\u00e3o reembols\u00e1vel.<\/p>\n<p>&#13;<\/p>\n<p>O valor arrecadado ser\u00e1 destinado aos projetos do Programa Ecoedu Ambiental, incluindo a\u00e7\u00f5es voltadas a crian\u00e7as surdas e pessoas com S\u00edndrome de Down.<\/p>\n<p>&#13;<\/p>\n<p>O pagamento deve ser realizado via PIX, pela chave <a href=\"http:\/\/limeira.sp.gov.br\/cdn-cgi\/l\/email-protection#b4d7d6d8ddd6c6d5c7f4c1daddd7d5d9c49ad6c6\" rel=\"noopener\"><span class=\"__cf_email__\" data-cfemail=\"dfbcbdb3b6bdadbeac9faab1b6bcbeb2aff1bdad\">[email\u00a0protected]<\/span><\/a>, em nome de S\u00edlvia Helena Covais. As inscri\u00e7\u00f5es podem ser feitas at\u00e9 o dia 30 de junho, por meio do formul\u00e1rio eletr\u00f4nico dispon\u00edvel em: <a href=\"https:\/\/docs.google.com\/forms\/d\/e\/1FAIpQLSdoRjH6Ildo0jdSvwUcx-njAN5oIBkisppBlig9kaSMVDcy6w\/viewform\" rel=\"noopener\">https:\/\/docs.google.com\/forms\/d\/e\/1FAIpQLSdoRjH6Ildo0jdSvwUcx-njAN5oIBkisppBlig9kaSMVDcy6w\/viewform<\/a>.<\/p>\n<p>&#13;<\/p>\n<p>A iniciativa \u00e9 promovida pela Faculdade de Tecnologia da Unicamp, por meio do Programa Ecoedu Ambiental, com apoio da Prefeitura de Limeira, refor\u00e7ando o compromisso das institui\u00e7\u00f5es com a inclus\u00e3o social e a amplia\u00e7\u00e3o do acesso \u00e0 comunica\u00e7\u00e3o por meio da Libras.<\/p>\n<p>&#13;<\/p>\n<p>\u00a0<\/p>\n<p>&#13;<br \/>\n&#13;<br \/>\n&#13;<br \/>\n&#13;<\/p>\n<article class=\"conteudo-relacionado no-print\">&#13;<br \/>\n        &#13;<br \/>\n&#13;<br \/>\n        &#13;<br \/>\n    <\/article>\n<p>&#13;<br \/>\n&#13;\n                <\/p><\/div>\n<p><br \/>\n<br \/><a href=\"https:\/\/limeira.sp.gov.br\/unicamp-limeira-oferece-curso-basico-intensivo-de-libras-em-julho\" rel=\"noopener\">Informa\u00e7\u00f5es da PML <\/a><\/p>\n","protected":false},"excerpt":{"rendered":"<p>&#13; &#13; &#13; &#13; &#13; &#13; &#13; &#13; &#13; &#13; A Faculdade de Tecnologia (FT) da Universidade Estadual de Campinas (Unicamp), campus Limeira, est\u00e1 com inscri\u00e7\u00f5es abertas para novas turmas do Curso B\u00e1sico Intensivo de Libras (L\u00edngua Brasileira de Sinais), com in\u00edcio previsto para julho. &#13; Voltado a iniciantes, o curso oferece uma abordagem pr\u00e1tica, [&hellip;]<\/p>\n","protected":false},"author":1,"featured_media":69348,"comment_status":"","ping_status":"open","sticky":false,"template":"","format":"standard","meta":{"_jetpack_newsletter_access":"","_jetpack_dont_email_post_to_subs":false,"_jetpack_newsletter_tier_id":0,"_jetpack_memberships_contains_paywalled_content":false,"_mbp_banners":[],"_jetpack_feature_clip_id":0,"_jetpack_memberships_contains_paid_content":false,"footnotes":"","jetpack_publicize_message":"","jetpack_publicize_feature_enabled":true,"jetpack_social_post_already_shared":true,"jetpack_social_options":{"image_generator_settings":{"template":"highway","default_image_id":0,"font":"","enabled":false},"version":2},"jetpack_post_was_ever_published":false},"categories":[16],"tags":[],"class_list":["post-69347","post","type-post","status-publish","format-standard","has-post-thumbnail","category-local"],"jetpack_publicize_connections":[],"jetpack-related-posts":[],"jetpack_shortlink":"https:\/\/wp.me\/p7Eq1F-i2v","jetpack_sharing_enabled":true,"jetpack_featured_media_url":"https:\/\/i0.wp.com\/guialimeira.com.br\/news\/wp-content\/uploads\/2026\/06\/m_137_0_1_17062026135733.jpeg?fit=1024%2C576&ssl=1","_links":{"self":[{"href":"https:\/\/guialimeira.com.br\/news\/wp-json\/wp\/v2\/posts\/69347","targetHints":{"allow":["GET"]}}],"collection":[{"href":"https:\/\/guialimeira.com.br\/news\/wp-json\/wp\/v2\/posts"}],"about":[{"href":"https:\/\/guialimeira.com.br\/news\/wp-json\/wp\/v2\/types\/post"}],"author":[{"embeddable":true,"href":"https:\/\/guialimeira.com.br\/news\/wp-json\/wp\/v2\/users\/1"}],"replies":[{"embeddable":true,"href":"https:\/\/guialimeira.com.br\/news\/wp-json\/wp\/v2\/comments?post=69347"}],"version-history":[{"count":0,"href":"https:\/\/guialimeira.com.br\/news\/wp-json\/wp\/v2\/posts\/69347\/revisions"}],"wp:featuredmedia":[{"embeddable":true,"href":"https:\/\/guialimeira.com.br\/news\/wp-json\/wp\/v2\/media\/69348"}],"wp:attachment":[{"href":"https:\/\/guialimeira.com.br\/news\/wp-json\/wp\/v2\/media?parent=69347"}],"wp:term":[{"taxonomy":"category","embeddable":true,"href":"https:\/\/guialimeira.com.br\/news\/wp-json\/wp\/v2\/categories?post=69347"},{"taxonomy":"post_tag","embeddable":true,"href":"https:\/\/guialimeira.com.br\/news\/wp-json\/wp\/v2\/tags?post=69347"}],"curies":[{"name":"wp","href":"https:\/\/api.w.org\/{rel}","templated":true}]}}