{"id":69343,"date":"2026-06-17T13:20:57","date_gmt":"2026-06-17T16:20:57","guid":{"rendered":"https:\/\/guialimeira.com.br\/forum-eca-digital-sera-realizado-na-camara-municipal-de-limeira-dia-26-de-junho\/"},"modified":"2026-06-17T13:20:57","modified_gmt":"2026-06-17T16:20:57","slug":"forum-eca-digital-sera-realizado-na-camara-municipal-de-limeira-dia-26-de-junho","status":"publish","type":"post","link":"https:\/\/guialimeira.com.br\/news\/forum-eca-digital-sera-realizado-na-camara-municipal-de-limeira-dia-26-de-junho\/","title":{"rendered":"F\u00f3rum ECA Digital ser\u00e1 realizado na C\u00e2mara Municipal de Limeira dia 26 de junho"},"content":{"rendered":"<p>F\u00f3rum ECA Digital ser\u00e1 realizado na C\u00e2mara Municipal de Limeira dia 26 de junho<\/p>\n<p>Promovido pela Escola Legislativa Paulo Freire, em parceria com a Comiss\u00e3o Municipal de Erradica\u00e7\u00e3o do Trabalho Infantil e Prote\u00e7\u00e3o do Trabalho do Adolescente (Cometil) e o Conselho Municipal dos Direitos da Crian\u00e7a e do Adolescente (CMDCA), a C\u00e2mara Municipal de Limeira realizar\u00e1, no dia 26 de junho \u00e0s 8h30, o F\u00f3rum ECA Digital \u2013 Rede de Prote\u00e7\u00e3o na Era Digital. O evento tem como objetivo trazer esclarecimentos sobre o Estatuto da Crian\u00e7a e do Adolescente (ECA) Digital para a rede de atendimento \u00e0 crian\u00e7a e ao adolescente no Munic\u00edpio, com foco nas situa\u00e7\u00f5es de explora\u00e7\u00e3o do trabalho infantil nas redes em todas as suas formas. As inscri\u00e7\u00f5es est\u00e3o abertas e podem ser realizadas por meio do link.<\/p>\n<p>De acordo com a Escola Legislativa, a realiza\u00e7\u00e3o da palestra se deve \u00e0 crescente complexidade dos desafios enfrentados pelo Sistema de Garantia de Direitos de Crian\u00e7as e Adolescentes (SGDCA) no contexto digital. A amplia\u00e7\u00e3o do uso da internet por crian\u00e7as e adolescentes tem sido acompanhada por novas formas de viola\u00e7\u00e3o de direitos, como a explora\u00e7\u00e3o sexual comercial online, a promo\u00e7\u00e3o do trabalho infantil sob a roupagem de empreendedorismo e a exposi\u00e7\u00e3o indevida por meio de perfis de influenciadores digitais infantojuvenis.<\/p>\n<p>Segundo a organiza\u00e7\u00e3o, diante desse cen\u00e1rio, torna-se fundamental o fortalecimento e a atualiza\u00e7\u00e3o dos profissionais que integram o SGDCA para que possam identificar, compreender e enfrentar essas novas din\u00e2micas de viola\u00e7\u00e3o de direitos. \u201cA recente disponibiliza\u00e7\u00e3o de mecanismos que possibilitam a responsabiliza\u00e7\u00e3o de plataformas digitais tamb\u00e9m demanda apropria\u00e7\u00e3o t\u00e9cnica e estrat\u00e9gica por parte dos atores do sistema\u201d, ressaltaram.<\/p>\n<p>Os palestrantes ser\u00e3o Guilherme Guimar\u00e3es Feliciano, juiz do Trabalho, professor de Direito e Processo do Trabalho e de Direitos Humanos da USP, e Daniel Elias de Carvalho, historiador, educador social e mestre em Educa\u00e7\u00e3o. O F\u00f3rum ECA Digital ser\u00e1 realizado das 8h30 \u00e0s 12h, no Plen\u00e1rio Vereador Vit\u00f3rio Bortolan. A atividade ter\u00e1 transmiss\u00e3o ao vivo pelo site, YouTube e Facebook da C\u00e2mara Municipal de Limeira.<\/p>\n<p>\u201cA palestra busca contribuir para a qualifica\u00e7\u00e3o dos participantes, promovendo o entendimento sobre novas formas de explora\u00e7\u00e3o de crian\u00e7as e adolescentes no ambiente digital, bem como sobre os instrumentos legais e operacionais dispon\u00edveis para sua preven\u00e7\u00e3o e enfrentamento. O evento tamb\u00e9m pretende fomentar uma atua\u00e7\u00e3o integrada entre os diversos setores da rede de prote\u00e7\u00e3o\u201d, explicou a diretora da Escola Legislativa, Giane Boscolo.<\/p>\n<p>O p\u00fablico-alvo \u00e9 composto por conselheiros tutelares e gestores de pol\u00edticas p\u00fablicas das \u00e1reas de educa\u00e7\u00e3o municipal e estadual, cultura, esporte e seguran\u00e7a p\u00fablica.<\/p>\n<hr>\n<p><em>Fonte: <a href=\"https:\/\/www.limeira.sp.leg.br\/noticias\/view\/2026-06-17_forum-eca-digital-sera-realizado-na-camara-municipal-de-limeira-dia-26-de-junho\" target=\"_blank\" rel=\"noopener\">C\u00e2mara Municipal de Limeira<\/a><\/em><\/p>\n","protected":false},"excerpt":{"rendered":"<p>F\u00f3rum ECA Digital ser\u00e1 realizado na C\u00e2mara Municipal de Limeira dia 26 de junho<\/p>\n<p>Promovido pela Escola Legislativa Paulo Freire, em parceria com a Comiss\u00e3o Municipal de Erradica\u00e7\u00e3o do Trabalho Infantil e Prote\u00e7\u00e3o do Trabalho do Adolescente (Cometil) e o Conselho Municipal dos Direitos da Crian\u00e7a e d<\/p>\n","protected":false},"author":4,"featured_media":69342,"comment_status":"","ping_status":"open","sticky":false,"template":"","format":"standard","meta":{"_jetpack_newsletter_access":"","_jetpack_dont_email_post_to_subs":false,"_jetpack_newsletter_tier_id":0,"_jetpack_memberships_contains_paywalled_content":false,"_mbp_banners":[],"_jetpack_feature_clip_id":0,"_jetpack_memberships_contains_paid_content":false,"footnotes":"","jetpack_publicize_message":"","jetpack_publicize_feature_enabled":true,"jetpack_social_post_already_shared":true,"jetpack_social_options":{"image_generator_settings":{"template":"highway","default_image_id":0,"font":"","enabled":false},"version":2},"jetpack_post_was_ever_published":false},"categories":[19],"tags":[],"class_list":["post-69343","post","type-post","status-publish","format-standard","has-post-thumbnail","category-politica"],"jetpack_publicize_connections":[],"jetpack-related-posts":[],"jetpack_shortlink":"https:\/\/wp.me\/p7Eq1F-i2r","jetpack_sharing_enabled":true,"jetpack_featured_media_url":"https:\/\/i0.wp.com\/guialimeira.com.br\/news\/wp-content\/uploads\/2026\/06\/noticia-camara-71.jpg?fit=1280%2C640&ssl=1","_links":{"self":[{"href":"https:\/\/guialimeira.com.br\/news\/wp-json\/wp\/v2\/posts\/69343","targetHints":{"allow":["GET"]}}],"collection":[{"href":"https:\/\/guialimeira.com.br\/news\/wp-json\/wp\/v2\/posts"}],"about":[{"href":"https:\/\/guialimeira.com.br\/news\/wp-json\/wp\/v2\/types\/post"}],"author":[{"embeddable":true,"href":"https:\/\/guialimeira.com.br\/news\/wp-json\/wp\/v2\/users\/4"}],"replies":[{"embeddable":true,"href":"https:\/\/guialimeira.com.br\/news\/wp-json\/wp\/v2\/comments?post=69343"}],"version-history":[{"count":0,"href":"https:\/\/guialimeira.com.br\/news\/wp-json\/wp\/v2\/posts\/69343\/revisions"}],"wp:featuredmedia":[{"embeddable":true,"href":"https:\/\/guialimeira.com.br\/news\/wp-json\/wp\/v2\/media\/69342"}],"wp:attachment":[{"href":"https:\/\/guialimeira.com.br\/news\/wp-json\/wp\/v2\/media?parent=69343"}],"wp:term":[{"taxonomy":"category","embeddable":true,"href":"https:\/\/guialimeira.com.br\/news\/wp-json\/wp\/v2\/categories?post=69343"},{"taxonomy":"post_tag","embeddable":true,"href":"https:\/\/guialimeira.com.br\/news\/wp-json\/wp\/v2\/tags?post=69343"}],"curies":[{"name":"wp","href":"https:\/\/api.w.org\/{rel}","templated":true}]}}