{"id":6934,"date":"2024-05-29T17:05:03","date_gmt":"2024-05-29T20:05:03","guid":{"rendered":"https:\/\/guialimeira.com.br\/2024\/05\/29\/parque-cidade-recebe-em-8-de-junho-projeto-prefeito-no-bairro-adocao-de-animais-sera-um-dos-destaques\/"},"modified":"2024-05-29T17:05:03","modified_gmt":"2024-05-29T20:05:03","slug":"parque-cidade-recebe-em-8-de-junho-projeto-prefeito-no-bairro-adocao-de-animais-sera-um-dos-destaques","status":"publish","type":"post","link":"https:\/\/guialimeira.com.br\/news\/parque-cidade-recebe-em-8-de-junho-projeto-prefeito-no-bairro-adocao-de-animais-sera-um-dos-destaques\/","title":{"rendered":"Parque Cidade recebe em 8 de junho projeto \u201cPrefeito no Bairro\u201d; ado\u00e7\u00e3o de animais ser\u00e1 um dos destaques"},"content":{"rendered":"<p> <br \/>\n<\/p>\n<div>\n            <main class=\"\">&#13;<br \/>\n                &#13;<br \/>\n&#13;<br \/>\n&#13;<br \/>\n&#13;<br \/>\n    <img data-recalc-dims=\"1\" decoding=\"async\" src=\"https:\/\/i0.wp.com\/ecrie.com.br\/sistema\/conteudos\/imagem\/m_137_0_1_29052024154350.jpg?w=696&#038;ssl=1\" alt=\"Parque Cidade recebe em 8 de junho projeto \u201cPrefeito no Bairro\u201d; ado\u00e7\u00e3o de animais ser\u00e1 um dos destaques\"\/>&#13;<br \/>\n&#13;<\/p>\n<p>\u00a0<\/p>\n<p>&#13;<\/p>\n<p>A pr\u00f3xima edi\u00e7\u00e3o do projeto \u201cPrefeito no Bairro\u201d j\u00e1 est\u00e1 marcada. Ser\u00e1 em 8 de junho, no Parque Cidade, das 9h \u00e0s 12h. Por meio da iniciativa, a Prefeitura de Limeira re\u00fane no espa\u00e7o diversos servi\u00e7os municipais, como Empregabilidade 360\u00b0, microchipagem e cadastramento de c\u00e3es e gatos para castra\u00e7\u00e3o, doa\u00e7\u00e3o de mudas\u00a0e educa\u00e7\u00e3o ambiental. Na \u00e1rea de Sa\u00fade, haver\u00e1 vacina\u00e7\u00e3o contra gripe e covid-19, aferi\u00e7\u00e3o\u00a0de press\u00e3o arterial\u00a0e orienta\u00e7\u00e3o para preven\u00e7\u00e3o e controle do diabetes. Para as crian\u00e7as, ser\u00e1 distribu\u00edda pipoca e algod\u00e3o-doce. Os interessados em se cadastrar no programa Empregabilidade 360\u00b0 devem apresentar RG, CPF, curr\u00edculo e carteira de trabalho.\u00a0<\/p>\n<p>&#13;<\/p>\n<p><strong>ADO\u00c7\u00c3O<\/strong><\/p>\n<p>&#13;<\/p>\n<p>Presente ao evento, o\u00a0Departamento de Prote\u00e7\u00e3o e Bem-Estar Animal (Dpbea) promover\u00e1 a\u00e7\u00e3o para ado\u00e7\u00e3o de c\u00e3es e gatos\u00a0que atualmente vivem no Lar Tempor\u00e1rio.\u00a0Os animais\u00a0adultos ser\u00e3o disponibilizados com o esquema de vacina\u00e7\u00e3o em dia, vermifugados e castrados. No caso de filhotes, a castra\u00e7\u00e3o ser\u00e1 agendada no momento da ado\u00e7\u00e3o.\u00a0Para levar um animalzinho para casa, \u00e9 necess\u00e1rio ter mais de 18 anos e apresentar RG, CPF e comprovante de endere\u00e7o. Tamb\u00e9m \u00e9 preciso ter coleira com guia, para ado\u00e7\u00e3o de c\u00e3es, e uma caixa de transporte, para os gatos.<\/p>\n<p>&#13;<\/p>\n<p>\u00a0<\/p>\n<p>&#13;<br \/>\n&#13;<br \/>\n&#13;<br \/>\n&#13;<\/p>\n<aside class=\"list-related no-print\">&#13;<br \/>\n        &#13;<br \/>\n&#13;<\/p>\n<article class=\"list-item noticias \">&#13;<br \/>\n                    <a class=\"list-item__img\" href=\"https:\/\/limeira.sp.gov.br\/imprensa\/noticias\/saude\/novo-plantao-de-vacinacao-sera-neste-sabado-1-em-limeira\" tabindex=\"-1\" aria-hidden=\"true\" rel=\"noopener\">&#13;<br \/>\n                        <img data-recalc-dims=\"1\" decoding=\"async\" src=\"https:\/\/i0.wp.com\/ecrie.com.br\/sistema\/conteudos\/imagem\/m_137_3_5_20032023161715.jpg?w=696&#038;ssl=1\" alt=\"Novo plant\u00e3o de vacina\u00e7\u00e3o ser\u00e1 neste s\u00e1bado (1\u00ba) em Limeira\"\/>&#13;<br \/>\n                    <\/a>&#13;<br \/>\n&#13;<br \/>\n                &#13;<br \/>\n            <\/article>\n<p>&#13;<\/p>\n<article class=\"list-item noticias \">&#13;<br \/>\n                    <a class=\"list-item__img\" href=\"https:\/\/limeira.sp.gov.br\/imprensa\/noticias\/saude\/vacinacao-com-monovalente-comeca-nesta-terca-feira-28-em-limeira\" tabindex=\"-1\" aria-hidden=\"true\" rel=\"noopener\">&#13;<br \/>\n                        <img data-recalc-dims=\"1\" decoding=\"async\" src=\"https:\/\/i0.wp.com\/ecrie.com.br\/sistema\/conteudos\/imagem\/m_137_0_1_04112023092716.jpg?w=696&#038;ssl=1\" alt=\"Vacina\u00e7\u00e3o com monovalente come\u00e7a nesta ter\u00e7a-feira (28) em Limeira\"\/>&#13;<br \/>\n                    <\/a>&#13;<br \/>\n&#13;<br \/>\n                &#13;<br \/>\n            <\/article>\n<p>&#13;<\/p>\n<article class=\"list-item noticias \">&#13;<br \/>\n                    <a class=\"list-item__img\" href=\"https:\/\/limeira.sp.gov.br\/imprensa\/noticias\/saude\/confira-os-servicos-municipais-no-feriado-de-corpuschristi\" tabindex=\"-1\" aria-hidden=\"true\" rel=\"noopener\">&#13;<br \/>\n                        <img data-recalc-dims=\"1\" decoding=\"async\" src=\"https:\/\/i0.wp.com\/ecrie.com.br\/sistema\/conteudos\/imagem\/m_137_0_1_27052024143547.jpg?w=696&#038;ssl=1\" alt=\"Confira os servi\u00e7os municipais no feriado de Corpus\u00a0Christi\"\/>&#13;<br \/>\n                    <\/a>&#13;<br \/>\n&#13;<br \/>\n                &#13;<br \/>\n            <\/article>\n<p>&#13;<br \/>\n    <\/aside>\n<p>&#13;<br \/>\n&#13;<br \/>\n            <\/main><\/p><\/div>\n<p><br \/>\n<br \/><a href=\"https:\/\/limeira.sp.gov.br\/parque-cidade-recebe-em-8-de-junho-projeto-prefeito-no-bairro-adocao-de-animais-sera-um-dos-destaques\" rel=\"noopener\">Informa\u00e7\u00f5es da PML <\/a><\/p>\n","protected":false},"excerpt":{"rendered":"<p>&#13; &#13; &#13; &#13; &#13; &#13; &#13; \u00a0 &#13; A pr\u00f3xima edi\u00e7\u00e3o do projeto \u201cPrefeito no Bairro\u201d j\u00e1 est\u00e1 marcada. Ser\u00e1 em 8 de junho, no Parque Cidade, das 9h \u00e0s 12h. Por meio da iniciativa, a Prefeitura de Limeira re\u00fane no espa\u00e7o diversos servi\u00e7os municipais, como Empregabilidade 360\u00b0, microchipagem e cadastramento de c\u00e3es e [&hellip;]<\/p>\n","protected":false},"author":1,"featured_media":6935,"comment_status":"open","ping_status":"open","sticky":false,"template":"","format":"standard","meta":{"_jetpack_newsletter_access":"","_jetpack_dont_email_post_to_subs":false,"_jetpack_newsletter_tier_id":0,"_jetpack_memberships_contains_paywalled_content":false,"_mbp_banners":[],"_jetpack_feature_clip_id":0,"_jetpack_memberships_contains_paid_content":false,"footnotes":"","jetpack_publicize_message":"","jetpack_publicize_feature_enabled":true,"jetpack_social_post_already_shared":true,"jetpack_social_options":{"image_generator_settings":{"template":"highway","default_image_id":0,"font":"","enabled":false},"version":2},"jetpack_post_was_ever_published":false},"categories":[16],"tags":[],"class_list":["post-6934","post","type-post","status-publish","format-standard","has-post-thumbnail","category-local"],"jetpack_publicize_connections":[],"jetpack-related-posts":[],"jetpack_shortlink":"https:\/\/wp.me\/p7Eq1F-1NQ","jetpack_sharing_enabled":true,"jetpack_featured_media_url":"https:\/\/i0.wp.com\/guialimeira.com.br\/news\/wp-content\/uploads\/2024\/05\/m_137_0_1_29052024154350.jpg?fit=900%2C604&ssl=1","_links":{"self":[{"href":"https:\/\/guialimeira.com.br\/news\/wp-json\/wp\/v2\/posts\/6934","targetHints":{"allow":["GET"]}}],"collection":[{"href":"https:\/\/guialimeira.com.br\/news\/wp-json\/wp\/v2\/posts"}],"about":[{"href":"https:\/\/guialimeira.com.br\/news\/wp-json\/wp\/v2\/types\/post"}],"author":[{"embeddable":true,"href":"https:\/\/guialimeira.com.br\/news\/wp-json\/wp\/v2\/users\/1"}],"replies":[{"embeddable":true,"href":"https:\/\/guialimeira.com.br\/news\/wp-json\/wp\/v2\/comments?post=6934"}],"version-history":[{"count":0,"href":"https:\/\/guialimeira.com.br\/news\/wp-json\/wp\/v2\/posts\/6934\/revisions"}],"wp:featuredmedia":[{"embeddable":true,"href":"https:\/\/guialimeira.com.br\/news\/wp-json\/wp\/v2\/media\/6935"}],"wp:attachment":[{"href":"https:\/\/guialimeira.com.br\/news\/wp-json\/wp\/v2\/media?parent=6934"}],"wp:term":[{"taxonomy":"category","embeddable":true,"href":"https:\/\/guialimeira.com.br\/news\/wp-json\/wp\/v2\/categories?post=6934"},{"taxonomy":"post_tag","embeddable":true,"href":"https:\/\/guialimeira.com.br\/news\/wp-json\/wp\/v2\/tags?post=6934"}],"curies":[{"name":"wp","href":"https:\/\/api.w.org\/{rel}","templated":true}]}}