{"id":69331,"date":"2026-06-17T11:05:14","date_gmt":"2026-06-17T14:05:14","guid":{"rendered":"https:\/\/guialimeira.com.br\/fundo-social-e-centro-de-integracao-da-cidadania-abrem-inscricoes-para-cursos-gratuitos\/"},"modified":"2026-06-17T11:05:14","modified_gmt":"2026-06-17T14:05:14","slug":"fundo-social-e-centro-de-integracao-da-cidadania-abrem-inscricoes-para-cursos-gratuitos","status":"publish","type":"post","link":"https:\/\/guialimeira.com.br\/news\/fundo-social-e-centro-de-integracao-da-cidadania-abrem-inscricoes-para-cursos-gratuitos\/","title":{"rendered":"Fundo Social e Centro de Integra\u00e7\u00e3o da Cidadania abrem inscri\u00e7\u00f5es para cursos gratuitos"},"content":{"rendered":"<p> <br \/>\n<br \/><img data-recalc-dims=\"1\" decoding=\"async\" src=\"https:\/\/i0.wp.com\/www.agenciasp.sp.gov.br\/wp-content\/uploads\/2025\/09\/bc484863-d035-4bdb-84b1-9931aac23048.png?w=696&#038;ssl=1\" \/><\/p>\n<div>\n<p class=\"wp-block-paragraph\">O Centro de Integra\u00e7\u00e3o da Cidadania (CIC) Leste, da Secretaria da Justi\u00e7a e Cidadania (SJC), localizado no Itaim Paulista, na capital, est\u00e1 com inscri\u00e7\u00f5es abertas para uma nova turma de cursos gratuitos, realizada em parceria com o Fundo Social de S\u00e3o Paulo. As aulas ter\u00e3o in\u00edcio em 22 de junho e s\u00e3o voltadas \u00e0 qualifica\u00e7\u00e3o profissional e gera\u00e7\u00e3o de renda.<\/p>\n<p class=\"wp-block-paragraph\">Entre os cursos oferecidos est\u00e3o Hidr\u00e1ulica \u2013 Encanador Residencial e Velas Arom\u00e1ticas, no per\u00edodo da manh\u00e3, al\u00e9m de Artesanato, Assistente Administrativo, Alongamento de C\u00edlios e Embalagens e Caixas de Presentes, no per\u00edodo da tarde.<\/p>\n<p class=\"wp-block-paragraph\">Os cursos t\u00eam dura\u00e7\u00e3o de 10 dias, com aulas de segunda a sexta-feira. Os participantes recebem gratuitamente material did\u00e1tico, uniforme e certificado de conclus\u00e3o fornecidos pelo Fundo Social. As matr\u00edculas devem ser realizadas presencialmente no CIC Leste, de segunda a sexta-feira, das 9h \u00e0s 16h. Para mais informa\u00e7\u00f5es, ligue ou mande uma mensagem para o n\u00famero (11) 4635-8101.\u00a0<\/p>\n<h3 class=\"wp-block-heading\"><strong>Servi\u00e7o:<\/strong><\/h3>\n<p class=\"wp-block-paragraph\"><strong>Hor\u00e1rios das aulas:<\/strong><br \/>\u2022 Manh\u00e3: das 8h \u00e0s 12h<br \/>\u2022 Tarde: das 13h \u00e0s 17h<br \/><strong>Data de in\u00edcio das aulas:<\/strong>\u00a022 de junho <br \/><strong>Endere\u00e7o:\u00a0<\/strong>Rua Padre Virg\u00edlio Campelo, 150 \u2013 Itaim Paulista \u2013 S\u00e3o Paulo<\/p>\n<\/p><\/div>\n<p><br \/>\n<br \/><a href=\"https:\/\/www.agenciasp.sp.gov.br\/fundo-social-e-centro-de-integracao-da-cidadania-abrem-inscricoes-para-cursos-gratuitos\/\" rel=\"noopener\">Informa\u00e7\u00f5es GOV.SP<\/a><\/p>\n","protected":false},"excerpt":{"rendered":"<p>O Centro de Integra\u00e7\u00e3o da Cidadania (CIC) Leste, da Secretaria da Justi\u00e7a e Cidadania (SJC), localizado no Itaim Paulista, na capital, est\u00e1 com inscri\u00e7\u00f5es abertas para uma nova turma de cursos gratuitos, realizada em parceria com o Fundo Social de S\u00e3o Paulo. As aulas ter\u00e3o in\u00edcio em 22 de junho e s\u00e3o voltadas \u00e0 qualifica\u00e7\u00e3o [&hellip;]<\/p>\n","protected":false},"author":1,"featured_media":46200,"comment_status":"","ping_status":"open","sticky":false,"template":"","format":"standard","meta":{"_jetpack_newsletter_access":"","_jetpack_dont_email_post_to_subs":false,"_jetpack_newsletter_tier_id":0,"_jetpack_memberships_contains_paywalled_content":false,"_mbp_banners":[],"_jetpack_feature_clip_id":0,"_jetpack_memberships_contains_paid_content":false,"footnotes":"","jetpack_publicize_message":"","jetpack_publicize_feature_enabled":true,"jetpack_social_post_already_shared":true,"jetpack_social_options":{"image_generator_settings":{"template":"highway","default_image_id":0,"font":"","enabled":false},"version":2},"jetpack_post_was_ever_published":false},"categories":[21],"tags":[],"class_list":["post-69331","post","type-post","status-publish","format-standard","has-post-thumbnail","category-sp-news"],"jetpack_publicize_connections":[],"jetpack-related-posts":[],"jetpack_shortlink":"https:\/\/wp.me\/p7Eq1F-i2f","jetpack_sharing_enabled":true,"jetpack_featured_media_url":"https:\/\/i0.wp.com\/guialimeira.com.br\/news\/wp-content\/uploads\/2025\/09\/Centros-de-Integracao-da-Cidadania-CICs-de-SP-fazem-feirao.png?fit=1024%2C576&ssl=1","_links":{"self":[{"href":"https:\/\/guialimeira.com.br\/news\/wp-json\/wp\/v2\/posts\/69331","targetHints":{"allow":["GET"]}}],"collection":[{"href":"https:\/\/guialimeira.com.br\/news\/wp-json\/wp\/v2\/posts"}],"about":[{"href":"https:\/\/guialimeira.com.br\/news\/wp-json\/wp\/v2\/types\/post"}],"author":[{"embeddable":true,"href":"https:\/\/guialimeira.com.br\/news\/wp-json\/wp\/v2\/users\/1"}],"replies":[{"embeddable":true,"href":"https:\/\/guialimeira.com.br\/news\/wp-json\/wp\/v2\/comments?post=69331"}],"version-history":[{"count":0,"href":"https:\/\/guialimeira.com.br\/news\/wp-json\/wp\/v2\/posts\/69331\/revisions"}],"wp:featuredmedia":[{"embeddable":true,"href":"https:\/\/guialimeira.com.br\/news\/wp-json\/wp\/v2\/media\/46200"}],"wp:attachment":[{"href":"https:\/\/guialimeira.com.br\/news\/wp-json\/wp\/v2\/media?parent=69331"}],"wp:term":[{"taxonomy":"category","embeddable":true,"href":"https:\/\/guialimeira.com.br\/news\/wp-json\/wp\/v2\/categories?post=69331"},{"taxonomy":"post_tag","embeddable":true,"href":"https:\/\/guialimeira.com.br\/news\/wp-json\/wp\/v2\/tags?post=69331"}],"curies":[{"name":"wp","href":"https:\/\/api.w.org\/{rel}","templated":true}]}}