{"id":69327,"date":"2026-06-17T10:15:49","date_gmt":"2026-06-17T13:15:49","guid":{"rendered":"https:\/\/guialimeira.com.br\/medidas-para-coibir-acesso-a-ponte-do-esqueleto-sao-deliberadas-em-reuniao-na-prefeitura\/"},"modified":"2026-06-17T10:15:49","modified_gmt":"2026-06-17T13:15:49","slug":"medidas-para-coibir-acesso-a-ponte-do-esqueleto-sao-deliberadas-em-reuniao-na-prefeitura","status":"publish","type":"post","link":"https:\/\/guialimeira.com.br\/news\/medidas-para-coibir-acesso-a-ponte-do-esqueleto-sao-deliberadas-em-reuniao-na-prefeitura\/","title":{"rendered":"Medidas para coibir acesso \u00e0 Ponte do Esqueleto s\u00e3o deliberadas em reuni\u00e3o na Prefeitura"},"content":{"rendered":"<p>Medidas para coibir acesso \u00e0 Ponte do Esqueleto s\u00e3o deliberadas em reuni\u00e3o na Prefeitura          Medidas para impedir o acesso \u00e0 Ponte do Esqueleto foram discutidas durante uma reuni\u00e3o realizada na Prefeitura na tarde desta segunda-feira, 15 de junho. O presidente da C\u00e2mara, vereador Everton Ferreira (PSD), acompanhou as delibera\u00e7\u00f5es com representantes da Secretaria de Patrim\u00f4nio da Uni\u00e3o (SPU), da Advocacia Geral da Uni\u00e3o (AGU) e outras autoridades municipais e federais. Entre as a\u00e7\u00f5es acordadas est\u00e3o a implementa\u00e7\u00e3o de placas informativas quanto \u00e0 propriedade do local, que \u00e9 da Uni\u00e3o, e que o acesso \u00e9 ilegal e sujeito \u00e0 responsabiliza\u00e7\u00e3o, bem como a implementa\u00e7\u00e3o de outras barreiras f\u00edsicas com vistas a impedir o acesso \u00e0 ponte.  Os munic\u00edpios de Limeira e Cordeir\u00f3polis far\u00e3o a abertura de valetas para restringir o acesso. Al\u00e9m disso, foi solicitado pelo prefeito Murilo F\u00e9lix (Podemos) a implos\u00e3o do monumento. \u201cA ideia da SPU \u00e9 retirar as duas cabeceiras da ponte, os dois aterros que d\u00e3o acesso \u00e0 ponte, e vai ficar uma ponte exclusivamente a\u00e9rea sem acesso de nenhum dos dois lados, at\u00e9 para que haja o encaminhamento da implos\u00e3o futura daquele monumento que ainda depender\u00e1 de mais estudos\u201d, explicou Everton. A ata do encontro foi lida durante a sess\u00e3o ordin\u00e1ria desta segunda-feira, pelo presidente Everton. As informa\u00e7\u00f5es integrais constam na ata e os debates realizados ap\u00f3s a leitura podem ser conferidos em v\u00eddeo neste link. Participaram da reuni\u00e3o, al\u00e9m do presidente e do prefeito, o secret\u00e1rio de Neg\u00f3cios Jur\u00eddicos interino, Jonathan Domingues Fernandes; o deputado federal Miguel Lombardi (PL-SP); o superintendente da SPU no estado de S\u00e3o Paulo, Celso Santos Carvalho; o engenheiro da SPU, Lino Sartori; da C\u00e2mara de Concilia\u00e7\u00e3o em S\u00e3o Paulo da AGU, Mauro Jorge Makuch; o consultor jur\u00eddico da Uni\u00e3o em S\u00e3o Paulo da AGU, Luis Carlos Freitas; e a assessora de imprensa do Minist\u00e9rio da Gest\u00e3o e da Inova\u00e7\u00e3o em Servi\u00e7os P\u00fablicos, Aede Cadaxa. Confira um breve resumo da leitura Conforme lido pelo presidente,  a posse da ponte decorre de um acordo envolvendo a quita\u00e7\u00e3o de parte de uma d\u00edvida do Governo do Estado de S\u00e3o Paulo com a Uni\u00e3o e a destina\u00e7\u00e3o formal da \u00e1rea \u00e0 SPU s\u00f3 foi concretizada em maio deste ano.  Para impedir o acesso ao local, o prefeito Murilo F\u00e9lix destacou que o Executivo adota a\u00e7\u00f5es como instala\u00e7\u00e3o de placas, fechamento de acessos e abertura de valas, mas que enfrenta limita\u00e7\u00f5es por se tratar de um patrim\u00f4nio da Uni\u00e3o. Tamb\u00e9m foi discutida a possibilidade de doa\u00e7\u00e3o ou cess\u00e3o do im\u00f3vel ao Munic\u00edpio, mas a hip\u00f3tese foi descartada pelo prefeito por falta de interesse p\u00fablico e diante de outras prioridades da administra\u00e7\u00e3o municipal. O presidente Everton alertou os presentes que \u00e9 de conhecimento da m\u00eddia local que h\u00e1 atividades agendadas na \u00e1rea para os pr\u00f3ximos dias e que medidas devem ser adotadas para coibir o acesso. A SPU informou que refor\u00e7ar\u00e1 a sinaliza\u00e7\u00e3o e implantar\u00e1 novas barreiras f\u00edsicas para dificultar a entrada de visitantes. Al\u00e9m disso, a Prefeitura aceitou reabrir valetas que foram aterradas irregularmente e defendeu que a Pol\u00edcia Federal instaure inqu\u00e9rito para apurar a atua\u00e7\u00e3o de pessoas e empresas que promovem atividades na \u00e1rea.  Ao final da reuni\u00e3o, foi registrada ainda a proposta de futura demoli\u00e7\u00e3o da Ponte do Esqueleto, possivelmente por implos\u00e3o, tema que depender\u00e1 de estudos t\u00e9cnicos e de novas delibera\u00e7\u00f5es entre os \u00f3rg\u00e3os envolvidos. Entenda o caso A reuni\u00e3o foi realizada como consequ\u00eancia da morte de Maria Eduarda Rodrigues, de 21 anos, que foi lan\u00e7ada da Ponte do Esqueleto sem cordas de seguran\u00e7a na manh\u00e3 de s\u00e1bado, 13 de junho, quando realizava um salto do esporte chamado rope jump, modalidade de aventura em que a pessoa salta de uma estrutura elevada \u2014 como pontes, viadutos, penhascos ou pr\u00e9dios \u2014 presa a um sistema de cordas e equipamentos de seguran\u00e7a.  O acidente viralizou nas redes sociais e gerou impacto social em Limeira e em todo o pa\u00eds. Tr\u00eas respons\u00e1veis pelo salto da jovem foram presos pela pol\u00edcia, que segue investigando o caso. Esse n\u00e3o foi o primeiro acidente na Ponte do Esqueleto. Em 2025 uma mulher foi encontrada morta sob a ponte e as causas est\u00e3o sendo investigadas. No mesmo ano duas mulheres se chocaram com o solo em um salto de rope jump. As duas sobreviveram, mas ficaram gravemente feridas. Em 2024 uma ciclista que atravessava a ponte de bicicleta com o marido se desequilibrou e caiu. Ela tamb\u00e9m n\u00e3o sobreviveu. *Foto da Secretaria de Comunica\u00e7\u00e3o Social da Prefeitura de Limeira<\/p>\n<hr>\n<p><em>Fonte: <a href=\"https:\/\/www.limeira.sp.leg.br\/noticias\/view\/2026-06-15_medidas-para-coibir-acesso-a-ponte-do-esqueleto-sao-deliberadas-em-reuniao-na-prefeitura\" target=\"_blank\" rel=\"noopener\">C\u00e2mara Municipal de Limeira<\/a><\/em><\/p>\n","protected":false},"excerpt":{"rendered":"<p>Medidas para coibir acesso \u00e0 Ponte do Esqueleto s\u00e3o deliberadas em reuni\u00e3o na Prefeitura   <\/p>\n<p>Medidas para impedir o acesso \u00e0 Ponte do Esqueleto foram discutidas durante uma reuni\u00e3o realizada na Prefeitura na tarde desta segunda-feira, 15 de junho. O presidente da C\u00e2mara, vereador Everton Ferrei<\/p>\n","protected":false},"author":4,"featured_media":69326,"comment_status":"","ping_status":"open","sticky":false,"template":"","format":"standard","meta":{"_jetpack_newsletter_access":"","_jetpack_dont_email_post_to_subs":false,"_jetpack_newsletter_tier_id":0,"_jetpack_memberships_contains_paywalled_content":false,"_mbp_banners":[],"_jetpack_feature_clip_id":0,"_jetpack_memberships_contains_paid_content":false,"footnotes":"","jetpack_publicize_message":"","jetpack_publicize_feature_enabled":true,"jetpack_social_post_already_shared":true,"jetpack_social_options":{"image_generator_settings":{"template":"highway","default_image_id":0,"font":"","enabled":false},"version":2},"jetpack_post_was_ever_published":false},"categories":[19],"tags":[],"class_list":["post-69327","post","type-post","status-publish","format-standard","has-post-thumbnail","category-politica"],"jetpack_publicize_connections":[],"jetpack-related-posts":[],"jetpack_shortlink":"https:\/\/wp.me\/p7Eq1F-i2b","jetpack_sharing_enabled":true,"jetpack_featured_media_url":"https:\/\/i0.wp.com\/guialimeira.com.br\/news\/wp-content\/uploads\/2026\/06\/noticia-camara-70.jpg?fit=1280%2C640&ssl=1","_links":{"self":[{"href":"https:\/\/guialimeira.com.br\/news\/wp-json\/wp\/v2\/posts\/69327","targetHints":{"allow":["GET"]}}],"collection":[{"href":"https:\/\/guialimeira.com.br\/news\/wp-json\/wp\/v2\/posts"}],"about":[{"href":"https:\/\/guialimeira.com.br\/news\/wp-json\/wp\/v2\/types\/post"}],"author":[{"embeddable":true,"href":"https:\/\/guialimeira.com.br\/news\/wp-json\/wp\/v2\/users\/4"}],"replies":[{"embeddable":true,"href":"https:\/\/guialimeira.com.br\/news\/wp-json\/wp\/v2\/comments?post=69327"}],"version-history":[{"count":0,"href":"https:\/\/guialimeira.com.br\/news\/wp-json\/wp\/v2\/posts\/69327\/revisions"}],"wp:featuredmedia":[{"embeddable":true,"href":"https:\/\/guialimeira.com.br\/news\/wp-json\/wp\/v2\/media\/69326"}],"wp:attachment":[{"href":"https:\/\/guialimeira.com.br\/news\/wp-json\/wp\/v2\/media?parent=69327"}],"wp:term":[{"taxonomy":"category","embeddable":true,"href":"https:\/\/guialimeira.com.br\/news\/wp-json\/wp\/v2\/categories?post=69327"},{"taxonomy":"post_tag","embeddable":true,"href":"https:\/\/guialimeira.com.br\/news\/wp-json\/wp\/v2\/tags?post=69327"}],"curies":[{"name":"wp","href":"https:\/\/api.w.org\/{rel}","templated":true}]}}