{"id":69325,"date":"2026-06-17T10:10:52","date_gmt":"2026-06-17T13:10:52","guid":{"rendered":"https:\/\/guialimeira.com.br\/projeto-de-lei-institui-diretrizes-para-avaliar-producao-propria-de-medicamentos-em-limeira\/"},"modified":"2026-06-17T10:10:52","modified_gmt":"2026-06-17T13:10:52","slug":"projeto-de-lei-institui-diretrizes-para-avaliar-producao-propria-de-medicamentos-em-limeira","status":"publish","type":"post","link":"https:\/\/guialimeira.com.br\/news\/projeto-de-lei-institui-diretrizes-para-avaliar-producao-propria-de-medicamentos-em-limeira\/","title":{"rendered":"Projeto de lei institui diretrizes para avaliar produ\u00e7\u00e3o pr\u00f3pria de medicamentos em Limeira"},"content":{"rendered":"<p>Projeto de lei institui diretrizes para avaliar produ\u00e7\u00e3o pr\u00f3pria de medicamentos em Limeira<\/p>\n<p>O vereador Carlinhos do Grotta (PL) protocolou nesta quarta-feira, 17 de junho, o Projeto de Lei N\u00ba 89\/2026, que institui diretrizes gerais para as a\u00e7\u00f5es municipais voltadas ao incentivo da produ\u00e7\u00e3o pr\u00f3pria de medicamentos e \u00e0 avalia\u00e7\u00e3o da viabilidade de implanta\u00e7\u00e3o de uma Farm\u00e1cia P\u00fablica de Manipula\u00e7\u00e3o em Limeira.<\/p>\n<p>De acordo com a proposta, as diretrizes t\u00eam como objetivos ampliar o acesso da popula\u00e7\u00e3o aos medicamentos essenciais, contribuir para a redu\u00e7\u00e3o da falta de medicamentos na rede p\u00fablica municipal de sa\u00fade, incentivar a efici\u00eancia na aplica\u00e7\u00e3o dos recursos destinados \u00e0 assist\u00eancia farmac\u00eautica e buscar alternativas para a redu\u00e7\u00e3o dos custos de aquisi\u00e7\u00e3o de medicamentos.<\/p>\n<p>O texto tamb\u00e9m prev\u00ea o fortalecimento da assist\u00eancia farmac\u00eautica no \u00e2mbito do Sistema \u00danico de Sa\u00fade (SUS), o est\u00edmulo a estudos e a\u00e7\u00f5es voltadas \u00e0 produ\u00e7\u00e3o pr\u00f3pria de medicamentos de interesse da sa\u00fade p\u00fablica municipal, a promo\u00e7\u00e3o de maior regularidade no abastecimento de medicamentos essenciais e a amplia\u00e7\u00e3o da capacidade de resposta da rede p\u00fablica diante de situa\u00e7\u00f5es de desabastecimento de fornecedores externos.<\/p>\n<p>Entre as diretrizes que poder\u00e3o ser observadas pelo Munic\u00edpio em eventuais a\u00e7\u00f5es relacionadas \u00e0 assist\u00eancia farmac\u00eautica est\u00e3o a avalia\u00e7\u00e3o da viabilidade t\u00e9cnica, econ\u00f4mica e sanit\u00e1ria da produ\u00e7\u00e3o pr\u00f3pria de medicamentos, a considera\u00e7\u00e3o das demandas da rede municipal de sa\u00fade, a observ\u00e2ncia dos princ\u00edpios da economicidade e efici\u00eancia na gest\u00e3o da assist\u00eancia farmac\u00eautica, o cumprimento da legisla\u00e7\u00e3o sanit\u00e1ria aplic\u00e1vel e a promo\u00e7\u00e3o da transpar\u00eancia na gest\u00e3o do setor.<\/p>\n<p>O projeto estabelece ainda que a avalia\u00e7\u00e3o da viabilidade da produ\u00e7\u00e3o pr\u00f3pria de medicamentos poder\u00e1 contar com apoio t\u00e9cnico e cient\u00edfico de institui\u00e7\u00f5es de ensino, pesquisa e demais entidades especializadas, observadas as normas legais e regulamentares pertinentes.<\/p>\n<p>Segundo a proposta, eventuais estudos de viabilidade poder\u00e3o considerar aspectos como impacto econ\u00f4mico, demanda municipal por medicamentos, viabilidade t\u00e9cnica e sanit\u00e1ria, infraestrutura dispon\u00edvel e impactos na qualidade do atendimento \u00e0 popula\u00e7\u00e3o. O texto tamb\u00e9m prev\u00ea que a Prefeitura poder\u00e1 divulgar periodicamente relat\u00f3rios com informa\u00e7\u00f5es sobre os custos da assist\u00eancia farmac\u00eautica municipal e os resultados dos estudos desenvolvidos.<\/p>\n<p>Do Gabinete Parlamentar \u2013 Vereador Carlinhos do Grotta (PL)<\/p>\n<p>As mat\u00e9rias de origem dos Gabinetes Parlamentares s\u00e3o de inteira\u00a0 responsabilidade dos parlamentares e de suas assessorias. S\u00e3o devidamente assinadas e n\u00e3o refletem, necessariamente, a opini\u00e3o institucional da C\u00e2mara Municipal de Limeira.<\/p>\n<hr>\n<p><em>Fonte: <a href=\"https:\/\/www.limeira.sp.leg.br\/noticias\/view\/2026-06-17_projeto-de-lei-institui-diretrizes-para-avaliar-producao-propria-de-medicamentos-em-limeira\" target=\"_blank\" rel=\"noopener\">C\u00e2mara Municipal de Limeira<\/a><\/em><\/p>\n","protected":false},"excerpt":{"rendered":"<p>Projeto de lei institui diretrizes para avaliar produ\u00e7\u00e3o pr\u00f3pria de medicamentos em Limeira<\/p>\n<p>O vereador Carlinhos do Grotta (PL) protocolou nesta quarta-feira, 17 de junho, o Projeto de Lei N\u00ba 89\/2026, que institui diretrizes gerais para as a\u00e7\u00f5es municipais voltadas ao incentivo da produ\u00e7\u00e3o pr\u00f3pria <\/p>\n","protected":false},"author":4,"featured_media":69324,"comment_status":"","ping_status":"open","sticky":false,"template":"","format":"standard","meta":{"_jetpack_newsletter_access":"","_jetpack_dont_email_post_to_subs":false,"_jetpack_newsletter_tier_id":0,"_jetpack_memberships_contains_paywalled_content":false,"_mbp_banners":[],"_jetpack_feature_clip_id":0,"_jetpack_memberships_contains_paid_content":false,"footnotes":"","jetpack_publicize_message":"","jetpack_publicize_feature_enabled":true,"jetpack_social_post_already_shared":true,"jetpack_social_options":{"image_generator_settings":{"template":"highway","default_image_id":0,"font":"","enabled":false},"version":2},"jetpack_post_was_ever_published":false},"categories":[19],"tags":[],"class_list":["post-69325","post","type-post","status-publish","format-standard","has-post-thumbnail","category-politica"],"jetpack_publicize_connections":[],"jetpack-related-posts":[],"jetpack_shortlink":"https:\/\/wp.me\/p7Eq1F-i29","jetpack_sharing_enabled":true,"jetpack_featured_media_url":"https:\/\/i0.wp.com\/guialimeira.com.br\/news\/wp-content\/uploads\/2026\/06\/noticia-camara-69.jpg?fit=1280%2C640&ssl=1","_links":{"self":[{"href":"https:\/\/guialimeira.com.br\/news\/wp-json\/wp\/v2\/posts\/69325","targetHints":{"allow":["GET"]}}],"collection":[{"href":"https:\/\/guialimeira.com.br\/news\/wp-json\/wp\/v2\/posts"}],"about":[{"href":"https:\/\/guialimeira.com.br\/news\/wp-json\/wp\/v2\/types\/post"}],"author":[{"embeddable":true,"href":"https:\/\/guialimeira.com.br\/news\/wp-json\/wp\/v2\/users\/4"}],"replies":[{"embeddable":true,"href":"https:\/\/guialimeira.com.br\/news\/wp-json\/wp\/v2\/comments?post=69325"}],"version-history":[{"count":0,"href":"https:\/\/guialimeira.com.br\/news\/wp-json\/wp\/v2\/posts\/69325\/revisions"}],"wp:featuredmedia":[{"embeddable":true,"href":"https:\/\/guialimeira.com.br\/news\/wp-json\/wp\/v2\/media\/69324"}],"wp:attachment":[{"href":"https:\/\/guialimeira.com.br\/news\/wp-json\/wp\/v2\/media?parent=69325"}],"wp:term":[{"taxonomy":"category","embeddable":true,"href":"https:\/\/guialimeira.com.br\/news\/wp-json\/wp\/v2\/categories?post=69325"},{"taxonomy":"post_tag","embeddable":true,"href":"https:\/\/guialimeira.com.br\/news\/wp-json\/wp\/v2\/tags?post=69325"}],"curies":[{"name":"wp","href":"https:\/\/api.w.org\/{rel}","templated":true}]}}