{"id":69323,"date":"2026-06-17T10:05:50","date_gmt":"2026-06-17T13:05:50","guid":{"rendered":"https:\/\/guialimeira.com.br\/luto-pela-morte-de-jovem-na-ponte-do-esqueleto-marca-sessao-ordinaria-da-camara\/"},"modified":"2026-06-17T10:05:50","modified_gmt":"2026-06-17T13:05:50","slug":"luto-pela-morte-de-jovem-na-ponte-do-esqueleto-marca-sessao-ordinaria-da-camara","status":"publish","type":"post","link":"https:\/\/guialimeira.com.br\/news\/luto-pela-morte-de-jovem-na-ponte-do-esqueleto-marca-sessao-ordinaria-da-camara\/","title":{"rendered":"Luto pela morte de jovem na Ponte do Esqueleto marca sess\u00e3o ordin\u00e1ria da C\u00e2mara"},"content":{"rendered":"<p>Luto pela morte de jovem na Ponte do Esqueleto marca sess\u00e3o ordin\u00e1ria da C\u00e2mara<\/p>\n<p>O luto pela morte da jovem Maria Eduarda Rodrigues, que foi lan\u00e7ada da Ponte do Esqueleto sem cordas de seguran\u00e7a na manh\u00e3 de s\u00e1bado, 13 de junho, marcou a sess\u00e3o ordin\u00e1ria da C\u00e2mara nesta segunda-feira, 15 de junho. A ata de uma reuni\u00e3o realizada na Prefeitura para deliberar medidas de coibir o acesso \u00e0 ponte foi lida na sess\u00e3o e os vereadores manifestaram pesar em suas falas.<\/p>\n<p>Na Ordem do Dia, os parlamentares aprovaram cinco proposituras, dentre elas o Projeto de Lei N\u00ba 54\/2026, que trata das diretrizes para a elabora\u00e7\u00e3o e execu\u00e7\u00e3o da Lei de Diretrizes Or\u00e7ament\u00e1ria Anual (LDO) de 2027 foi aprovado em segundo turno de vota\u00e7\u00e3o. No Expediente, parte da sess\u00e3o em que s\u00e3o lidos documentos protocolados na C\u00e2mara, foram debatidos e encaminhados \u00e0 Prefeitura 22 requerimentos.<\/p>\n<p>Ponte do Esqueleto<\/p>\n<p>Durante a sess\u00e3o o presidente da C\u00e2mara, vereador Everton Ferreira (PSD), fez a leitura da ata de uma reuni\u00e3o realizada na Prefeitura na tarde desta segunda-feira, com a participa\u00e7\u00e3o dele, do prefeito Murilo F\u00e9lix (Podemos) e de representantes da Secretaria de Patrim\u00f4nio da Uni\u00e3o (SPU), da Advocacia Geral da Uni\u00e3o (AGU) e outras autoridades. A pauta foi a Ponte do Esqueleto e medidas a serem tomadas para impedir o acesso ao local.<\/p>\n<p>Na ocasi\u00e3o, ficou acordado que a SPU providenciar\u00e1 sinaliza\u00e7\u00e3o quanto \u00e0 propriedade do local, que \u00e9 do Governo Federal, e que o acesso \u00e9 ilegal e sujeito \u00e0 responsabiliza\u00e7\u00e3o, bem como a implementa\u00e7\u00e3o de outras barreiras f\u00edsicas com vistas a impedir o acesso \u00e0 ponte. J\u00e1 o Munic\u00edpio far\u00e1 a abertura das valetas irregularmente aterradas para restringir o acesso.<\/p>\n<p>Outra medida deliberada na reuni\u00e3o \u00e9 que a Pol\u00edcia Federal atue no local, uma vez que se trata de patrim\u00f4nio da Uni\u00e3o. \u201cFicou claro pra gente que tanto a SPU como a AGU v\u00e3o buscar a Pol\u00edcia Federal para a prote\u00e7\u00e3o de guarda daquele espa\u00e7o\u201d, resumiu o presidente.<\/p>\n<p>Sobre a parte da ponte que est\u00e1 ligada ao munic\u00edpio de Cordeir\u00f3polis, Everton disse que tamb\u00e9m haver\u00e1 a abertura de valas para impedir o acesso. \u201cA ideia da SPU \u00e9 retirar as duas cabeceiras da ponte, os dois aterros que d\u00e3o acesso \u00e0 ponte, e vai ficar uma ponte exclusivamente a\u00e9rea sem acesso de nenhum dos dois lados, at\u00e9 para que haja o encaminhamento da implos\u00e3o futura daquele monumento que ainda depender\u00e1 de mais estudos\u201d, explicou Everton.<\/p>\n<p>Confira a leitura na \u00edntegra neste link.<\/p>\n<p>A LDO atua como um elo entre o Plano Plurianual (PPA) e a Lei Or\u00e7ament\u00e1ria Anual (LOA) e tem a fun\u00e7\u00e3o de orientar a elabora\u00e7\u00e3o do or\u00e7amento (LOA) para o ano seguinte, definindo as prioridades da gest\u00e3o e estabelecendo as metas fiscais, regras e limites que devem ser cumpridos.<\/p>\n<p>Para o exerc\u00edcio de 2027, o or\u00e7amento p\u00fablico de Limeira est\u00e1 estimado em R$ 2.466.294.000,00. Os n\u00fameros foram apresentados detalhadamente pela Prefeitura durante audi\u00eancia p\u00fablica realizada em maio, pela secret\u00e1ria adjunta de Fazenda, Andr\u00e9a Figueira Barreto Vilas Boas.<\/p>\n<p>Confira como foi a vota\u00e7\u00e3o:<\/p>\n<p>Aprovado em 2\u00ba turno &#8211; Projeto de Lei N\u00ba 54\/2026, da Prefeitura, disp\u00f5e sobre as diretrizes para a elabora\u00e7\u00e3o e execu\u00e7\u00e3o da Lei de Diretrizes Or\u00e7ament\u00e1ria (LDO) de 2027.<\/p>\n<p>Aprovado &#8211; Projeto de Lei N\u00ba 24\/2025, do vereador Costa J\u00fanior (Podemos), institui par\u00e2metros m\u00ednimos da pol\u00edtica p\u00fablica \u201cIdoso Mais Sa\u00fade\u201d no munic\u00edpio, que dever\u00e1 ser desenvolvida pelo poder competente com vistas ao cuidado da sa\u00fade do idoso.<\/p>\n<p>Aprovado &#8211; Projeto de Lei N\u00ba 276\/2025, da vereadora Lu Bogo (PL), inclui no Calend\u00e1rio Oficial de Eventos do Munic\u00edpio de Limeira a Romaria de Cavaleiros que acontece anualmente no m\u00eas de junho na Capela de Nossa Senhora das Dores do Lagoa Nova Rural.<\/p>\n<p>Aprovado &#8211; Projeto de Decreto Legislativo N\u00ba 7\/2026, do vereador Everton Ferreira (PSD), denomina a Tribuna Livre da C\u00e2mara Municipal de Limeira como \u201cTribuna Livre Professora Eliza Gabriel da Costa\u201d.<\/p>\n<p>Urg\u00eancia Especial:<\/p>\n<p>Aprovado &#8211; Projeto de Lei Complementar N\u00ba 16\/2026, da Prefeitura, disp\u00f5e sobre a autoriza\u00e7\u00e3o excepcional em caso de paralisa\u00e7\u00e3o total ou parcial por parte da empresa concession\u00e1ria dos servi\u00e7os de transporte coletivo urbano de passageiro no Munic\u00edpio de Limeira, em raz\u00e3o de greve, ficando autorizado, em car\u00e1ter excepcional e tempor\u00e1rio, o ressarcimento aos usu\u00e1rios que se utilizarem de transporte privado de passageiros.<\/p>\n<hr>\n<p><em>Fonte: <a href=\"https:\/\/www.limeira.sp.leg.br\/noticias\/view\/2026-06-15_luto-pela-morte-de-jovem-na-ponte-do-esqueleto-marca-sessao-ordinaria-da-camara\" target=\"_blank\" rel=\"noopener\">C\u00e2mara Municipal de Limeira<\/a><\/em><\/p>\n","protected":false},"excerpt":{"rendered":"<p>Luto pela morte de jovem na Ponte do Esqueleto marca sess\u00e3o ordin\u00e1ria da C\u00e2mara<\/p>\n<p>O luto pela morte da jovem Maria Eduarda Rodrigues, que foi lan\u00e7ada da Ponte do Esqueleto sem cordas de seguran\u00e7a na manh\u00e3 de s\u00e1bado, 13 de junho, marcou a sess\u00e3o ordin\u00e1ria da C\u00e2mara nesta segunda-feira, 15 de junho. A <\/p>\n","protected":false},"author":4,"featured_media":69322,"comment_status":"","ping_status":"open","sticky":false,"template":"","format":"standard","meta":{"_jetpack_newsletter_access":"","_jetpack_dont_email_post_to_subs":false,"_jetpack_newsletter_tier_id":0,"_jetpack_memberships_contains_paywalled_content":false,"_mbp_banners":[],"_jetpack_feature_clip_id":0,"_jetpack_memberships_contains_paid_content":false,"footnotes":"","jetpack_publicize_message":"","jetpack_publicize_feature_enabled":true,"jetpack_social_post_already_shared":true,"jetpack_social_options":{"image_generator_settings":{"template":"highway","default_image_id":0,"font":"","enabled":false},"version":2},"jetpack_post_was_ever_published":false},"categories":[19],"tags":[],"class_list":["post-69323","post","type-post","status-publish","format-standard","has-post-thumbnail","category-politica"],"jetpack_publicize_connections":[],"jetpack-related-posts":[],"jetpack_shortlink":"https:\/\/wp.me\/p7Eq1F-i27","jetpack_sharing_enabled":true,"jetpack_featured_media_url":"https:\/\/i0.wp.com\/guialimeira.com.br\/news\/wp-content\/uploads\/2026\/06\/noticia-camara-68.jpg?fit=1280%2C640&ssl=1","_links":{"self":[{"href":"https:\/\/guialimeira.com.br\/news\/wp-json\/wp\/v2\/posts\/69323","targetHints":{"allow":["GET"]}}],"collection":[{"href":"https:\/\/guialimeira.com.br\/news\/wp-json\/wp\/v2\/posts"}],"about":[{"href":"https:\/\/guialimeira.com.br\/news\/wp-json\/wp\/v2\/types\/post"}],"author":[{"embeddable":true,"href":"https:\/\/guialimeira.com.br\/news\/wp-json\/wp\/v2\/users\/4"}],"replies":[{"embeddable":true,"href":"https:\/\/guialimeira.com.br\/news\/wp-json\/wp\/v2\/comments?post=69323"}],"version-history":[{"count":0,"href":"https:\/\/guialimeira.com.br\/news\/wp-json\/wp\/v2\/posts\/69323\/revisions"}],"wp:featuredmedia":[{"embeddable":true,"href":"https:\/\/guialimeira.com.br\/news\/wp-json\/wp\/v2\/media\/69322"}],"wp:attachment":[{"href":"https:\/\/guialimeira.com.br\/news\/wp-json\/wp\/v2\/media?parent=69323"}],"wp:term":[{"taxonomy":"category","embeddable":true,"href":"https:\/\/guialimeira.com.br\/news\/wp-json\/wp\/v2\/categories?post=69323"},{"taxonomy":"post_tag","embeddable":true,"href":"https:\/\/guialimeira.com.br\/news\/wp-json\/wp\/v2\/tags?post=69323"}],"curies":[{"name":"wp","href":"https:\/\/api.w.org\/{rel}","templated":true}]}}