{"id":69321,"date":"2026-06-17T10:05:02","date_gmt":"2026-06-17T13:05:02","guid":{"rendered":"https:\/\/guialimeira.com.br\/prefeitura-de-limeira-divulga-programacao-cultural-para-os-proximos-dias\/"},"modified":"2026-06-17T10:05:02","modified_gmt":"2026-06-17T13:05:02","slug":"prefeitura-de-limeira-divulga-programacao-cultural-para-os-proximos-dias","status":"publish","type":"post","link":"https:\/\/guialimeira.com.br\/news\/prefeitura-de-limeira-divulga-programacao-cultural-para-os-proximos-dias\/","title":{"rendered":"Prefeitura de Limeira divulga programa\u00e7\u00e3o cultural para os pr\u00f3ximos dias"},"content":{"rendered":"<p> <br \/>\n<\/p>\n<div id=\"\">&#13;<br \/>\n                    &#13;<br \/>\n&#13;<br \/>\n&#13;<br \/>\n&#13;<br \/>\n&#13;<br \/>\n&#13;<br \/>\n    <img data-recalc-dims=\"1\" decoding=\"async\" src=\"https:\/\/i0.wp.com\/ecrie.com.br\/sistema\/conteudos\/imagem\/m_137_0_1_10122025154043.jpeg?w=696&#038;ssl=1\" alt=\"Prefeitura de Limeira divulga programa\u00e7\u00e3o cultural para os pr\u00f3ximos dias\"\/>&#13;<br \/>\n&#13;<br \/>\n&#13;<\/p>\n<p>A Prefeitura de Limeira apresenta uma agenda cultural repleta de op\u00e7\u00f5es para movimentar os espa\u00e7os p\u00fablicos e hist\u00f3ricos nos pr\u00f3ximos dias. O cronograma conta com festivais de dan\u00e7a de relev\u00e2ncia nacional, concertos sinf\u00f4nicos, lan\u00e7amentos e debates liter\u00e1rios com autores premiados, al\u00e9m de tradicionais feiras de artesanato e m\u00fasica instrumental na \u00e1rea central do munic\u00edpio.<\/p>\n<p>&#13;<\/p>\n<p>Na quarta-feira (17), \u00e0s 19h30, o Teatro Vit\u00f3ria sedia o encontro liter\u00e1rio \u201cAs realidades e o encantamento na Trilogia da Terra\u201d, com o escritor Itamar Vieira J\u00fanior. O evento comemora os 21 anos da Academia Limeirense de Letras (ALLe) e traz o autor de &#8220;Torto Arado&#8221; e &#8220;Salvar o Fogo&#8221; para debater sua nova obra, \u201cCora\u00e7\u00e3o sem Medo\u201d. A media\u00e7\u00e3o ser\u00e1 da professora Fabiana Fioretti de Moura Shiraga, com abertura \u00e0s 19h pela Chicago Jazz Band. A entrada \u00e9 gratuita e por ordem de chegada.<\/p>\n<p>&#13;<\/p>\n<p>Na quinta-feira (18), as atividades come\u00e7am \u00e0s 17h, no bairro Geada, com o Clube de Leituras na Biblioteca Pracinhas da Cultura, voltado a jovens a partir de 13 anos. Sob a media\u00e7\u00e3o de Carina Crislai, o encontro debater\u00e1 o tema \u201cSustentabilidade\u201d por meio de diferentes linguagens art\u00edsticas.<\/p>\n<p>&#13;<\/p>\n<p>Mais tarde, \u00e0s 20h30, a Orquestra Sinf\u00f4nica de Limeira sobe ao palco do Teatro Vit\u00f3ria para apresentar o IV Concerto da S\u00e9rie Alian\u00e7a, intitulado \u201cPaisagens Imagin\u00e1rias\u201d. Sob a organiza\u00e7\u00e3o da Sociedade Pr\u00f3-Sinf\u00f4nica de Limeira (SPSL), o programa passeia por cl\u00e1ssicos de Mendelssohn, Grieg e Alberto Nepomuceno. Os ingressos custam R$ 30,00 (inteira) e R$ 15,00 (meia-entrada).<\/p>\n<p>&#13;<\/p>\n<h3><strong>Fim de semana e encerramentos<\/strong><\/h3>\n<p>&#13;<\/p>\n<p>A Pra\u00e7a Toledo Barros recebe no s\u00e1bado (20), das 9h \u00e0s 14h, a tradicional Feira de Artes e Gastronomia. Tamb\u00e9m no s\u00e1bado (20), a partir das 12h, o Teatro Vit\u00f3ria vira palco do cen\u00e1rio nacional da dan\u00e7a ao sediar o \u201cDan\u00e7are \u2013 Festival de Dan\u00e7a\u201d. Realizado pela Elevare com o apoio da Prefeitura, o festival re\u00fane bailarinos e grupos de diversas regi\u00f5es do pa\u00eds para uma imers\u00e3o em diferentes estilos coreogr\u00e1ficos. Os ingressos variam de R$ 30,00 (meia-entrada) a R$ 60,00 (inteira).<\/p>\n<p>&#13;<\/p>\n<p>O domingo (21) reserva atra\u00e7\u00f5es gratuitas para a comunidade. \u00c0s 10h30, a Corpora\u00e7\u00e3o Musical Arthur Giambelli apresenta sua tradicional retreta instrumental no Coreto da Pra\u00e7a Toledo Barros. \u00c0 tarde, a partir das 16h, as turmas de Bal\u00e9 Baby Class da Escola Municipal de Cultura e Artes Maestro Albertinho Gazzi (EMCEA) sobem ao palco do Teatro Vit\u00f3ria com o espet\u00e1culo de encerramento semestral inspirado no cl\u00e1ssico \u201cToy Story\u201d.<\/p>\n<p>&#13;<\/p>\n<p>Fechando as atra\u00e7\u00f5es, a Biblioteca Municipal, localizada no Parque Cidade, realiza excepcionalmente em uma ter\u00e7a-feira, dia 23 de junho, \u00e0s 18h15, o seu Clube do Livro. Sob a media\u00e7\u00e3o de Daniele Pedroso, o encontro discutir\u00e1 a premiada obra \u201cTerra Son\u00e2mbula\u201d, do escritor mo\u00e7ambicano Mia Couto. A participa\u00e7\u00e3o \u00e9 gratuita para maiores de 16 anos.\u00a0<\/p>\n<p>&#13;<\/p>\n<p><strong>Servi\u00e7o:<\/strong><\/p>\n<p>&#13;<\/p>\n<p><strong>Encontro Liter\u00e1rio: Itamar Vieira J\u00fanior (\u201cTrilogia da Terra\u201d)<\/strong><\/p>\n<p>&#13;<\/p>\n<ul>&#13;<\/p>\n<li>&#13;\n<p><strong>Data:<\/strong> 17 de junho (quarta-feira) | <strong>Hor\u00e1rio:<\/strong> 19h30 (Abertura \u00e0s 19h)<\/p>\n<p>&#13;\n<\/li>\n<p>&#13;<\/p>\n<li>&#13;\n<p><strong>Local:<\/strong> Teatro Vit\u00f3ria (Pra\u00e7a Toledo Barros, s\/n\u00ba &#8211; Centro)<\/p>\n<p>&#13;\n<\/li>\n<p>&#13;<\/p>\n<li>&#13;\n<p><strong>Entrada:<\/strong> Gratuita (Por ordem de chegada, com limite de lota\u00e7\u00e3o)<\/p>\n<p>&#13;\n<\/li>\n<p>&#13;<\/p>\n<li>&#13;\n<p><strong>Realiza\u00e7\u00e3o:<\/strong> Sesc Piracicaba, com o apoio da Academia Limeirense de Letras e Prefeitura de Limeira<\/p>\n<p>&#13;\n<\/li>\n<p>&#13;\n<\/ul>\n<p>&#13;<\/p>\n<p><strong>Clube de Leitura: \u201cLer o Mundo Al\u00e9m das Palavras\u201d (Tema: Sustentabilidade)<\/strong><\/p>\n<p>&#13;<\/p>\n<ul>&#13;<\/p>\n<li>&#13;\n<p><strong>Data:<\/strong> 18 de junho (quinta-feira) | <strong>Hor\u00e1rio:<\/strong> 17h<\/p>\n<p>&#13;\n<\/li>\n<p>&#13;<\/p>\n<li>&#13;\n<p><strong>Local:<\/strong> Biblioteca Pracinhas da Cultura (Bairro Geada)<\/p>\n<p>&#13;\n<\/li>\n<p>&#13;<\/p>\n<li>&#13;\n<p><strong>Entrada:<\/strong> Gratuita | <strong>Classifica\u00e7\u00e3o:<\/strong> A partir de 13 anos<\/p>\n<p>&#13;\n<\/li>\n<p>&#13;<\/p>\n<li>&#13;\n<p><strong>Realiza\u00e7\u00e3o:<\/strong> Prefeitura de Limeira<\/p>\n<p>&#13;\n<\/li>\n<p>&#13;\n<\/ul>\n<p>&#13;<\/p>\n<p><strong>Orquestra Sinf\u00f4nica de Limeira: IV Concerto da S\u00e9rie Alian\u00e7a (\u201cPaisagens Imagin\u00e1rias\u201d)<\/strong><\/p>\n<p>&#13;<\/p>\n<ul>&#13;<\/p>\n<li>&#13;\n<p><strong>Data:<\/strong> 18 de junho (quinta-feira) | <strong>Hor\u00e1rio:<\/strong> 20h30<\/p>\n<p>&#13;\n<\/li>\n<p>&#13;<\/p>\n<li>&#13;\n<p><strong>Local:<\/strong> Teatro Vit\u00f3ria (Centro)<\/p>\n<p>&#13;\n<\/li>\n<p>&#13;<\/p>\n<li>&#13;\n<p><strong>Entrada:<\/strong> R$ 30,00 (Inteira) | R$ 15,00 (Meia-Entrada)<\/p>\n<p>&#13;\n<\/li>\n<p>&#13;<\/p>\n<li>&#13;\n<p><strong>Ingressos:<\/strong> Vendas online pela plataforma <a href=\"https:\/\/teatrovitoria.eleventickets.com\/#!\/home\" target=\"_blank\" rel=\"noopener\"><span style=\"color: #006693;\"><u>Eleven Tickets<\/u><\/span><\/a><\/p>\n<p>&#13;\n<\/li>\n<p>&#13;<\/p>\n<li>&#13;\n<p><strong>Realiza\u00e7\u00e3o:<\/strong> Sociedade Pr\u00f3-Sinf\u00f4nica de Limeira (SPSL), com apoio da Prefeitura de Limeira<\/p>\n<p>&#13;\n<\/li>\n<p>&#13;\n<\/ul>\n<p>&#13;<\/p>\n<p><strong>Feira de Artes e Gastronomia<\/strong><\/p>\n<p>&#13;<\/p>\n<ul>&#13;<\/p>\n<li>&#13;\n<p><strong>Data:<\/strong> Todo s\u00e1bado | <strong>Hor\u00e1rio:<\/strong> Das 9h \u00e0s 14h<\/p>\n<p>&#13;\n<\/li>\n<p>&#13;<\/p>\n<li>&#13;\n<p><strong>Local:<\/strong> Pra\u00e7a Toledo Barros (Centro)<\/p>\n<p>&#13;\n<\/li>\n<p>&#13;<\/p>\n<li>&#13;\n<p><strong>Entrada:<\/strong> Gratuita | <strong>Realiza\u00e7\u00e3o:<\/strong> Prefeitura de Limeira<\/p>\n<p>&#13;\n<\/li>\n<p>&#13;\n<\/ul>\n<p>&#13;<\/p>\n<p><strong>Festival \u201cDan\u00e7are \u2013 Festival de Dan\u00e7a\u201d<\/strong><\/p>\n<p>&#13;<\/p>\n<ul>&#13;<\/p>\n<li>&#13;\n<p><strong>Data:<\/strong> 20 de junho (s\u00e1bado) | <strong>Hor\u00e1rio:<\/strong> A partir das 12h<\/p>\n<p>&#13;\n<\/li>\n<p>&#13;<\/p>\n<li>&#13;\n<p><strong>Local:<\/strong> Teatro Vit\u00f3ria (Centro)<\/p>\n<p>&#13;\n<\/li>\n<p>&#13;<\/p>\n<li>&#13;\n<p><strong>Entrada:<\/strong> R$ 60,00 (Inteira) | R$ 30,00 (Meia-Entrada) | R$ 50,00 (B\u00f4nus Antecipado)<\/p>\n<p>&#13;\n<\/li>\n<p>&#13;<\/p>\n<li>&#13;\n<p><strong>Ingressos:<\/strong> Vendas pela plataforma <a href=\"https:\/\/teatrovitoria.eleventickets.com\/#!\/home\" target=\"_blank\" rel=\"noopener\"><span style=\"color: #006693;\"><u>Eleven Tickets<\/u><\/span><\/a><\/p>\n<p>&#13;\n<\/li>\n<p>&#13;<\/p>\n<li>&#13;\n<p><strong>Realiza\u00e7\u00e3o:<\/strong> Elevare, com apoio da Prefeitura de Limeira<\/p>\n<p>&#13;\n<\/li>\n<p>&#13;\n<\/ul>\n<p>&#13;<\/p>\n<p><strong>M\u00fasica na Pra\u00e7a: Retreta com a Corpora\u00e7\u00e3o Musical Arthur Giambelli<\/strong><\/p>\n<p>&#13;<\/p>\n<ul>&#13;<\/p>\n<li>&#13;\n<p><strong>Data:<\/strong> 21 de junho (domingo) | <strong>Hor\u00e1rio:<\/strong> 10h30<\/p>\n<p>&#13;\n<\/li>\n<p>&#13;<\/p>\n<li>&#13;\n<p><strong>Local:<\/strong> Coreto da Pra\u00e7a Toledo Barros (Centro)<\/p>\n<p>&#13;\n<\/li>\n<p>&#13;<\/p>\n<li>&#13;\n<p><strong>Entrada:<\/strong> Gratuita | <strong>Realiza\u00e7\u00e3o:<\/strong> Prefeitura de Limeira<\/p>\n<p>&#13;\n<\/li>\n<p>&#13;\n<\/ul>\n<p>&#13;<\/p>\n<p><strong>Espet\u00e1culo de Dan\u00e7a Infantil: \u201cToy Story\u201d (Encerramento Bal\u00e9 Baby Class EMCEA)<\/strong><\/p>\n<p>&#13;<\/p>\n<ul>&#13;<\/p>\n<li>&#13;\n<p><strong>Data:<\/strong> 21 de junho (domingo) | <strong>Hor\u00e1rio:<\/strong> 16h<\/p>\n<p>&#13;\n<\/li>\n<p>&#13;<\/p>\n<li>&#13;\n<p><strong>Local:<\/strong> Teatro Vit\u00f3ria (Centro)<\/p>\n<p>&#13;\n<\/li>\n<p>&#13;<\/p>\n<li>&#13;\n<p><strong>Entrada:<\/strong> Gratuita | <strong>Classifica\u00e7\u00e3o:<\/strong> Livre<\/p>\n<p>&#13;\n<\/li>\n<p>&#13;<\/p>\n<li>&#13;\n<p><strong>Realiza\u00e7\u00e3o:<\/strong> Prefeitura de Limeira \/ EMCEA<\/p>\n<p>&#13;\n<\/li>\n<p>&#13;\n<\/ul>\n<p>&#13;<\/p>\n<p><strong>Clube do Livro da Biblioteca Municipal (Obra: \u201cTerra Son\u00e2mbula\u201d, de Mia Couto)<\/strong><\/p>\n<p>&#13;<\/p>\n<ul>&#13;<\/p>\n<li>&#13;\n<p><strong>Data:<\/strong> 23 de junho (excepcionalmente nesta ter\u00e7a-feira) | <strong>Hor\u00e1rio:<\/strong> 18h15<\/p>\n<p>&#13;\n<\/li>\n<p>&#13;<\/p>\n<li>&#13;\n<p><strong>Local:<\/strong> Biblioteca Municipal (Parque Cidade)<\/p>\n<p>&#13;\n<\/li>\n<p>&#13;<\/p>\n<li>&#13;\n<p><strong>Entrada:<\/strong> Gratuita | <strong>Classifica\u00e7\u00e3o:<\/strong> Maiores de 16 anos<\/p>\n<p>&#13;\n<\/li>\n<p>&#13;<\/p>\n<li>&#13;\n<p><strong>Realiza\u00e7\u00e3o:<\/strong> Prefeitura de Limeira<\/p>\n<p>&#13;\n<\/li>\n<p>&#13;\n<\/ul>\n<p>&#13;<br \/>\n&#13;<br \/>\n&#13;<br \/>\n&#13;<\/p>\n<article class=\"conteudo-relacionado no-print\">&#13;<br \/>\n        &#13;<br \/>\n&#13;<br \/>\n        &#13;<br \/>\n    <\/article>\n<p>&#13;<br \/>\n&#13;\n                <\/p><\/div>\n<p><br \/>\n<br \/><a href=\"https:\/\/limeira.sp.gov.br\/prefeitura-de-limeira-divulga-programacao-cultural-para-os-proximos-dias\" rel=\"noopener\">Informa\u00e7\u00f5es da PML <\/a><\/p>\n","protected":false},"excerpt":{"rendered":"<p>&#13; &#13; &#13; &#13; &#13; &#13; &#13; &#13; &#13; &#13; A Prefeitura de Limeira apresenta uma agenda cultural repleta de op\u00e7\u00f5es para movimentar os espa\u00e7os p\u00fablicos e hist\u00f3ricos nos pr\u00f3ximos dias. O cronograma conta com festivais de dan\u00e7a de relev\u00e2ncia nacional, concertos sinf\u00f4nicos, lan\u00e7amentos e debates liter\u00e1rios com autores premiados, al\u00e9m de tradicionais feiras de [&hellip;]<\/p>\n","protected":false},"author":1,"featured_media":51101,"comment_status":"","ping_status":"open","sticky":false,"template":"","format":"standard","meta":{"_jetpack_newsletter_access":"","_jetpack_dont_email_post_to_subs":false,"_jetpack_newsletter_tier_id":0,"_jetpack_memberships_contains_paywalled_content":false,"_mbp_banners":[],"_jetpack_feature_clip_id":0,"_jetpack_memberships_contains_paid_content":false,"footnotes":"","jetpack_publicize_message":"","jetpack_publicize_feature_enabled":true,"jetpack_social_post_already_shared":true,"jetpack_social_options":{"image_generator_settings":{"template":"highway","default_image_id":0,"font":"","enabled":false},"version":2},"jetpack_post_was_ever_published":false},"categories":[16],"tags":[],"class_list":["post-69321","post","type-post","status-publish","format-standard","has-post-thumbnail","category-local"],"jetpack_publicize_connections":[],"jetpack-related-posts":[],"jetpack_shortlink":"https:\/\/wp.me\/p7Eq1F-i25","jetpack_sharing_enabled":true,"jetpack_featured_media_url":"https:\/\/i0.wp.com\/guialimeira.com.br\/news\/wp-content\/uploads\/2025\/12\/m_137_0_1_10122025154043.jpeg?fit=848%2C570&ssl=1","_links":{"self":[{"href":"https:\/\/guialimeira.com.br\/news\/wp-json\/wp\/v2\/posts\/69321","targetHints":{"allow":["GET"]}}],"collection":[{"href":"https:\/\/guialimeira.com.br\/news\/wp-json\/wp\/v2\/posts"}],"about":[{"href":"https:\/\/guialimeira.com.br\/news\/wp-json\/wp\/v2\/types\/post"}],"author":[{"embeddable":true,"href":"https:\/\/guialimeira.com.br\/news\/wp-json\/wp\/v2\/users\/1"}],"replies":[{"embeddable":true,"href":"https:\/\/guialimeira.com.br\/news\/wp-json\/wp\/v2\/comments?post=69321"}],"version-history":[{"count":0,"href":"https:\/\/guialimeira.com.br\/news\/wp-json\/wp\/v2\/posts\/69321\/revisions"}],"wp:featuredmedia":[{"embeddable":true,"href":"https:\/\/guialimeira.com.br\/news\/wp-json\/wp\/v2\/media\/51101"}],"wp:attachment":[{"href":"https:\/\/guialimeira.com.br\/news\/wp-json\/wp\/v2\/media?parent=69321"}],"wp:term":[{"taxonomy":"category","embeddable":true,"href":"https:\/\/guialimeira.com.br\/news\/wp-json\/wp\/v2\/categories?post=69321"},{"taxonomy":"post_tag","embeddable":true,"href":"https:\/\/guialimeira.com.br\/news\/wp-json\/wp\/v2\/tags?post=69321"}],"curies":[{"name":"wp","href":"https:\/\/api.w.org\/{rel}","templated":true}]}}