{"id":69319,"date":"2026-06-17T10:02:52","date_gmt":"2026-06-17T13:02:52","guid":{"rendered":"https:\/\/guialimeira.com.br\/sao-paulo-amplia-cooperacao-com-outros-estados-em-estrategia-de-descapitalizacao-do-crime-organizado\/"},"modified":"2026-06-17T10:02:52","modified_gmt":"2026-06-17T13:02:52","slug":"sao-paulo-amplia-cooperacao-com-outros-estados-em-estrategia-de-descapitalizacao-do-crime-organizado","status":"publish","type":"post","link":"https:\/\/guialimeira.com.br\/news\/sao-paulo-amplia-cooperacao-com-outros-estados-em-estrategia-de-descapitalizacao-do-crime-organizado\/","title":{"rendered":"S\u00e3o Paulo amplia coopera\u00e7\u00e3o com outros estados em estrat\u00e9gia de descapitaliza\u00e7\u00e3o do crime organizado"},"content":{"rendered":"<p> <br \/>\n<\/p>\n<div>\n<p class=\"wp-block-paragraph\">O modelo paulista de recupera\u00e7\u00e3o de ativos tem atra\u00eddo a aten\u00e7\u00e3o de \u00f3rg\u00e3os de seguran\u00e7a p\u00fablica de outras regi\u00f5es do pa\u00eds. Nas \u00faltimas semanas, S\u00e3o Paulo recebeu 31 representantes de institui\u00e7\u00f5es dos estados do Amap\u00e1, Maranh\u00e3o, Piau\u00ed, Roraima e Tocantins para uma s\u00e9rie de encontros t\u00e9cnicos voltados ao compartilhamento de estrat\u00e9gias de combate financeiro ao crime organizado. A iniciativa d\u00e1 continuidade a uma agenda de coopera\u00e7\u00e3o j\u00e1 iniciada em 2025, quando profissionais de Alagoas tamb\u00e9m participaram de uma imers\u00e3o sobre o programa.<\/p>\n<p class=\"wp-block-paragraph\">As visitas foram realizadas no \u00e2mbito do Recupera-SP, programa da Secretaria da Seguran\u00e7a P\u00fablica de S\u00e3o Paulo que atua na identifica\u00e7\u00e3o, bloqueio, gest\u00e3o e destina\u00e7\u00e3o de bens e valores vinculados a atividades criminosas. A iniciativa busca atingir a estrutura econ\u00f4mica de organiza\u00e7\u00f5es criminosas, complementando as a\u00e7\u00f5es tradicionais de investiga\u00e7\u00e3o e responsabiliza\u00e7\u00e3o penal.<\/p>\n<figure class=\"wp-block-image size-large\"><img data-recalc-dims=\"1\" fetchpriority=\"high\" decoding=\"async\" width=\"696\" height=\"522\" src=\"https:\/\/i0.wp.com\/www.agenciasp.sp.gov.br\/wp-content\/uploads\/2026\/06\/WhatsApp-Image-2026-06-17-at-09.35.41-1024x768.jpeg?resize=696%2C522&#038;ssl=1\" alt=\"\" class=\"wp-image-152516 lazy\" srcset=\"https:\/\/www.agenciasp.sp.gov.br\/wp-content\/uploads\/2026\/06\/WhatsApp-Image-2026-06-17-at-09.35.41-1024x768.jpeg 1024w, https:\/\/www.agenciasp.sp.gov.br\/wp-content\/uploads\/2026\/06\/WhatsApp-Image-2026-06-17-at-09.35.41-300x225.jpeg 300w, https:\/\/www.agenciasp.sp.gov.br\/wp-content\/uploads\/2026\/06\/WhatsApp-Image-2026-06-17-at-09.35.41-768x576.jpeg 768w, https:\/\/www.agenciasp.sp.gov.br\/wp-content\/uploads\/2026\/06\/WhatsApp-Image-2026-06-17-at-09.35.41-1536x1152.jpeg 1536w, https:\/\/www.agenciasp.sp.gov.br\/wp-content\/uploads\/2026\/06\/WhatsApp-Image-2026-06-17-at-09.35.41-150x113.jpeg 150w, https:\/\/www.agenciasp.sp.gov.br\/wp-content\/uploads\/2026\/06\/WhatsApp-Image-2026-06-17-at-09.35.41.jpeg 1600w\" data-sizes=\"(max-width: 1024px) 100vw, 1024px\"\/><\/figure>\n<p class=\"wp-block-paragraph\">A programa\u00e7\u00e3o incluiu apresenta\u00e7\u00f5es sobre os fluxos de trabalho adotados em S\u00e3o Paulo, mecanismos de governan\u00e7a patrimonial, medidas de recupera\u00e7\u00e3o de ativos e integra\u00e7\u00e3o entre diferentes \u00f3rg\u00e3os p\u00fablicos. Os participantes tamb\u00e9m conheceram as atividades desenvolvidas no Centro Integrado de Comando e Controle (CICC) e acompanharam reuni\u00f5es com institui\u00e7\u00f5es parceiras do programa.<\/p>\n<p class=\"wp-block-paragraph\">As agendas ocorreram ao longo dos \u00faltimos meses. A primeira delega\u00e7\u00e3o a participar da imers\u00e3o foi a do Maranh\u00e3o, em fevereiro. J\u00e1 em maio e junho, S\u00e3o Paulo recebeu representantes do Piau\u00ed, Amap\u00e1, Roraima e Tocantins, consolidando uma agenda de coopera\u00e7\u00e3o t\u00e9cnica voltada \u00e0 dissemina\u00e7\u00e3o de boas pr\u00e1ticas na \u00e1rea.<\/p>\n<p class=\"wp-block-paragraph\">Durante os encontros, foram debatidos temas como intelig\u00eancia patrimonial, medidas assecurat\u00f3rias, gest\u00e3o de bens apreendidos, aliena\u00e7\u00e3o antecipada e destina\u00e7\u00e3o de ativos. A troca de experi\u00eancias permitiu que os participantes discutissem desafios comuns e solu\u00e7\u00f5es aplicadas em diferentes realidades estaduais.<\/p>\n<p class=\"wp-block-paragraph\">O interesse de outros estados reflete os resultados alcan\u00e7ados pelo modelo paulista e refor\u00e7a a tend\u00eancia de ampliar, em \u00e2mbito nacional, estrat\u00e9gias voltadas ao enfraquecimento financeiro das organiza\u00e7\u00f5es criminosas. A expectativa \u00e9 que as visitas t\u00e9cnicas se tornem uma agenda permanente de coopera\u00e7\u00e3o entre as institui\u00e7\u00f5es de seguran\u00e7a p\u00fablica.<\/p>\n<figure class=\"wp-block-image size-large\"><img data-recalc-dims=\"1\" loading=\"lazy\" decoding=\"async\" width=\"696\" height=\"496\" src=\"https:\/\/i0.wp.com\/www.agenciasp.sp.gov.br\/wp-content\/uploads\/2026\/06\/WhatsApp-Image-2026-06-17-at-09.35.40-1024x730.jpeg?resize=696%2C496&#038;ssl=1\" alt=\"\" class=\"wp-image-152517 lazy\" srcset=\"https:\/\/www.agenciasp.sp.gov.br\/wp-content\/uploads\/2026\/06\/WhatsApp-Image-2026-06-17-at-09.35.40-1024x730.jpeg 1024w, https:\/\/www.agenciasp.sp.gov.br\/wp-content\/uploads\/2026\/06\/WhatsApp-Image-2026-06-17-at-09.35.40-300x214.jpeg 300w, https:\/\/www.agenciasp.sp.gov.br\/wp-content\/uploads\/2026\/06\/WhatsApp-Image-2026-06-17-at-09.35.40-768x547.jpeg 768w, https:\/\/www.agenciasp.sp.gov.br\/wp-content\/uploads\/2026\/06\/WhatsApp-Image-2026-06-17-at-09.35.40-1536x1094.jpeg 1536w, https:\/\/www.agenciasp.sp.gov.br\/wp-content\/uploads\/2026\/06\/WhatsApp-Image-2026-06-17-at-09.35.40-150x107.jpeg 150w, https:\/\/www.agenciasp.sp.gov.br\/wp-content\/uploads\/2026\/06\/WhatsApp-Image-2026-06-17-at-09.35.40.jpeg 1600w\" data-sizes=\"(max-width: 1024px) 100vw, 1024px\"\/><\/figure>\n<p class=\"wp-block-paragraph\">\u201cA recupera\u00e7\u00e3o de ativos deixou de ser um tema acess\u00f3rio e passou a ocupar posi\u00e7\u00e3o estrat\u00e9gica no enfrentamento ao crime organizado. Compartilhar a experi\u00eancia de S\u00e3o Paulo com outros estados fortalece as institui\u00e7\u00f5es e amplia a capacidade do poder p\u00fablico de atingir o patrim\u00f4nio il\u00edcito e devolv\u00ea-lo \u00e0 sociedade\u201d, destacou o delegado Lawrence Tanikawa, respons\u00e1vel pelo Recupera-SP.<\/p>\n<h3 class=\"wp-block-heading\">R$ 57 milh\u00f5es: recursos recuperados refor\u00e7am investimentos na seguran\u00e7a p\u00fablica<\/h3>\n<p class=\"wp-block-paragraph\">Al\u00e9m de atingir financeiramente organiza\u00e7\u00f5es criminosas, o Recupera-SP tem transformado valores recuperados em investimentos para o fortalecimento das for\u00e7as de seguran\u00e7a.<\/p>\n<p class=\"wp-block-paragraph\">Dados do programa indicam que R$ 57 milh\u00f5es foram recuperados e aguardam destina\u00e7\u00e3o. At\u00e9 maio deste ano, R$ 34,2 milh\u00f5es do montante acumulado tiveram aplica\u00e7\u00e3o confirmada. O total de recursos sob monitoramento ultrapassa R$ 128 milh\u00f5es.<\/p>\n<p class=\"wp-block-paragraph\">Os valores s\u00e3o empregados em melhorias estruturais e tecnol\u00f3gicas, como aquisi\u00e7\u00e3o de equipamentos, reformas de unidades policiais, implanta\u00e7\u00e3o de novas instala\u00e7\u00f5es, desenvolvimento de sistemas e contrata\u00e7\u00e3o de ferramentas voltadas \u00e0 intelig\u00eancia e \u00e0 investiga\u00e7\u00e3o. A proposta \u00e9 garantir que o patrim\u00f4nio retirado da criminalidade retorne \u00e0 sociedade por meio do fortalecimento dos servi\u00e7os p\u00fablicos.<\/p>\n<figure class=\"wp-block-image size-large\"><img data-recalc-dims=\"1\" loading=\"lazy\" decoding=\"async\" width=\"696\" height=\"522\" src=\"https:\/\/i0.wp.com\/www.agenciasp.sp.gov.br\/wp-content\/uploads\/2026\/06\/WhatsApp-Image-2026-06-17-at-09.35.41-1-1024x768.jpeg?resize=696%2C522&#038;ssl=1\" alt=\"\" class=\"wp-image-152515 lazy\" srcset=\"https:\/\/www.agenciasp.sp.gov.br\/wp-content\/uploads\/2026\/06\/WhatsApp-Image-2026-06-17-at-09.35.41-1-1024x768.jpeg 1024w, https:\/\/www.agenciasp.sp.gov.br\/wp-content\/uploads\/2026\/06\/WhatsApp-Image-2026-06-17-at-09.35.41-1-300x225.jpeg 300w, https:\/\/www.agenciasp.sp.gov.br\/wp-content\/uploads\/2026\/06\/WhatsApp-Image-2026-06-17-at-09.35.41-1-768x576.jpeg 768w, https:\/\/www.agenciasp.sp.gov.br\/wp-content\/uploads\/2026\/06\/WhatsApp-Image-2026-06-17-at-09.35.41-1-1536x1152.jpeg 1536w, https:\/\/www.agenciasp.sp.gov.br\/wp-content\/uploads\/2026\/06\/WhatsApp-Image-2026-06-17-at-09.35.41-1-150x113.jpeg 150w, https:\/\/www.agenciasp.sp.gov.br\/wp-content\/uploads\/2026\/06\/WhatsApp-Image-2026-06-17-at-09.35.41-1.jpeg 1600w\" data-sizes=\"(max-width: 1024px) 100vw, 1024px\"\/><\/figure>\n<\/p><\/div>\n<p><br \/>\n<br \/><a href=\"https:\/\/www.agenciasp.sp.gov.br\/sao-paulo-amplia-cooperacao-com-outros-estados-em-estrategia-de-descapitalizacao-do-crime-organizado\/\" rel=\"noopener\">Informa\u00e7\u00f5es GOV.SP<\/a><\/p>\n","protected":false},"excerpt":{"rendered":"<p>O modelo paulista de recupera\u00e7\u00e3o de ativos tem atra\u00eddo a aten\u00e7\u00e3o de \u00f3rg\u00e3os de seguran\u00e7a p\u00fablica de outras regi\u00f5es do pa\u00eds. Nas \u00faltimas semanas, S\u00e3o Paulo recebeu 31 representantes de institui\u00e7\u00f5es dos estados do Amap\u00e1, Maranh\u00e3o, Piau\u00ed, Roraima e Tocantins para uma s\u00e9rie de encontros t\u00e9cnicos voltados ao compartilhamento de estrat\u00e9gias de combate financeiro ao [&hellip;]<\/p>\n","protected":false},"author":1,"featured_media":69320,"comment_status":"","ping_status":"open","sticky":false,"template":"","format":"standard","meta":{"_jetpack_newsletter_access":"","_jetpack_dont_email_post_to_subs":false,"_jetpack_newsletter_tier_id":0,"_jetpack_memberships_contains_paywalled_content":false,"_mbp_banners":[],"_jetpack_feature_clip_id":0,"_jetpack_memberships_contains_paid_content":false,"footnotes":"","jetpack_publicize_message":"","jetpack_publicize_feature_enabled":true,"jetpack_social_post_already_shared":true,"jetpack_social_options":{"image_generator_settings":{"template":"highway","default_image_id":0,"font":"","enabled":false},"version":2},"jetpack_post_was_ever_published":false},"categories":[21],"tags":[],"class_list":["post-69319","post","type-post","status-publish","format-standard","has-post-thumbnail","category-sp-news"],"jetpack_publicize_connections":[],"jetpack-related-posts":[],"jetpack_shortlink":"https:\/\/wp.me\/p7Eq1F-i23","jetpack_sharing_enabled":true,"jetpack_featured_media_url":"https:\/\/i0.wp.com\/guialimeira.com.br\/news\/wp-content\/uploads\/2026\/06\/Sao-Paulo-amplia-cooperacao-com-outros-estados-em-estrategia-de.jpeg?fit=1024%2C768&ssl=1","_links":{"self":[{"href":"https:\/\/guialimeira.com.br\/news\/wp-json\/wp\/v2\/posts\/69319","targetHints":{"allow":["GET"]}}],"collection":[{"href":"https:\/\/guialimeira.com.br\/news\/wp-json\/wp\/v2\/posts"}],"about":[{"href":"https:\/\/guialimeira.com.br\/news\/wp-json\/wp\/v2\/types\/post"}],"author":[{"embeddable":true,"href":"https:\/\/guialimeira.com.br\/news\/wp-json\/wp\/v2\/users\/1"}],"replies":[{"embeddable":true,"href":"https:\/\/guialimeira.com.br\/news\/wp-json\/wp\/v2\/comments?post=69319"}],"version-history":[{"count":0,"href":"https:\/\/guialimeira.com.br\/news\/wp-json\/wp\/v2\/posts\/69319\/revisions"}],"wp:featuredmedia":[{"embeddable":true,"href":"https:\/\/guialimeira.com.br\/news\/wp-json\/wp\/v2\/media\/69320"}],"wp:attachment":[{"href":"https:\/\/guialimeira.com.br\/news\/wp-json\/wp\/v2\/media?parent=69319"}],"wp:term":[{"taxonomy":"category","embeddable":true,"href":"https:\/\/guialimeira.com.br\/news\/wp-json\/wp\/v2\/categories?post=69319"},{"taxonomy":"post_tag","embeddable":true,"href":"https:\/\/guialimeira.com.br\/news\/wp-json\/wp\/v2\/tags?post=69319"}],"curies":[{"name":"wp","href":"https:\/\/api.w.org\/{rel}","templated":true}]}}