{"id":69318,"date":"2026-06-17T10:00:49","date_gmt":"2026-06-17T13:00:49","guid":{"rendered":"https:\/\/guialimeira.com.br\/projeto-que-institui-politica-publica-idoso-mais-saude-no-municipio-e-aprovado\/"},"modified":"2026-06-17T10:00:49","modified_gmt":"2026-06-17T13:00:49","slug":"projeto-que-institui-politica-publica-idoso-mais-saude-no-municipio-e-aprovado","status":"publish","type":"post","link":"https:\/\/guialimeira.com.br\/news\/projeto-que-institui-politica-publica-idoso-mais-saude-no-municipio-e-aprovado\/","title":{"rendered":"Projeto que institui pol\u00edtica p\u00fablica \u201cIdoso Mais Sa\u00fade\u201d no Munic\u00edpio \u00e9 aprovado"},"content":{"rendered":"<p>Projeto que institui pol\u00edtica p\u00fablica \u201cIdoso Mais Sa\u00fade\u201d no Munic\u00edpio \u00e9 aprovado<\/p>\n<p>Instituir par\u00e2metros m\u00ednimos de pol\u00edtica p\u00fablica \u201cIdoso Mais Sa\u00fade\u201d no Munic\u00edpio \u00e9 o objetivo do Projeto de Lei N\u00ba 24\/2025, de autoria do vereador Costa J\u00fanior (Podemos), aprovado na sess\u00e3o ordin\u00e1ria desta segunda-feira, 15 de junho. A proposta estabelece a\u00e7\u00f5es desenvolvidas pelo poder competente com vistas ao cuidado da sa\u00fade do idoso.<\/p>\n<p>Segundo o parlamentar, o projeto tem como objetivo aumentar a qualidade de vida da popula\u00e7\u00e3o idosa por meio da conscientiza\u00e7\u00e3o sobre os cuidados com a sa\u00fade e o incentivo \u00e0 pr\u00e1tica esportiva em Limeira, devido ao crescimento populacional da faixa et\u00e1ria acima de 65 anos, conforme estudos t\u00e9cnicos e dados do Instituto Brasileiro de Geografia e Estat\u00edstica (IBGE).<\/p>\n<p>Costa J\u00fanior destacou que o Munic\u00edpio possu\u00eda pouco mais de 149 mil habitantes em 1980 e que, embora a popula\u00e7\u00e3o total tenha sido praticamente refor\u00e7ada nas \u00faltimas quatro d\u00e9cadas, o crescimento da popula\u00e7\u00e3o com 60 anos ou mais ocorre de forma ainda mais acelerada. A proje\u00e7\u00e3o \u00e9 que esse grupo seja cerca de dez vezes maior em 2050 do que era em 1980.<\/p>\n<p>A\u00e7\u00f5es previstas<\/p>\n<p>De acordo com o texto, a iniciativa busca valorizar e estimular a pr\u00e1tica esportiva como fator de promo\u00e7\u00e3o da sa\u00fade e bem-estar, resgatando a autoestima e favorecendo o melhor conv\u00edvio social do idoso, conscientiz\u00e1-los sobre os problemas de sa\u00fade caracter\u00edsticos da idade, incentivando a realiza\u00e7\u00e3o de exames preventivos e cuidados regulares, al\u00e9m de criar canais de comunica\u00e7\u00e3o e suporte para que eles possam acessar informa\u00e7\u00f5es sobre a sa\u00fade, direitos e servi\u00e7os dispon\u00edveis.<\/p>\n<p>Outro ponto destacado \u00e9 promover a\u00e7\u00f5es voltadas \u00e0 sa\u00fade mental do idoso, por meio de conv\u00edvio social, troca de experi\u00eancias entre essas pessoas e as demais gera\u00e7\u00f5es, bem como atividades culturais e recreativas que estimulem a intera\u00e7\u00e3o e o aprendizado. O projeto tamb\u00e9m prev\u00ea a implementa\u00e7\u00e3o de programas de capacita\u00e7\u00e3o e forma\u00e7\u00e3o de cuidadores, visando \u00e0 melhoria da qualidade do atendimento deles e \u00e0 promo\u00e7\u00e3o de um ambiente seguro e acolhedor.<\/p>\n<p>O projeto aprovado segue para aprecia\u00e7\u00e3o do prefeito Murilo F\u00e9lix (Podemos) para san\u00e7\u00e3o ou veto. Se sancionado, ser\u00e1 promulgado e publicado no Jornal Oficial do Munic\u00edpio e passa a ser lei, cabendo a regulamenta\u00e7\u00e3o ao Executivo no prazo de 90 dias.<\/p>\n<hr>\n<p><em>Fonte: <a href=\"https:\/\/www.limeira.sp.leg.br\/noticias\/view\/2026-06-16_projeto-que-institui-politica-publica-idoso-mais-saude-no-municipio-e-aprovado\" target=\"_blank\" rel=\"noopener\">C\u00e2mara Municipal de Limeira<\/a><\/em><\/p>\n","protected":false},"excerpt":{"rendered":"<p>Projeto que institui pol\u00edtica p\u00fablica \u201cIdoso Mais Sa\u00fade\u201d no Munic\u00edpio \u00e9 aprovado<\/p>\n<p>Instituir par\u00e2metros m\u00ednimos de pol\u00edtica p\u00fablica \u201cIdoso Mais Sa\u00fade\u201d no Munic\u00edpio \u00e9 o objetivo do Projeto de Lei N\u00ba 24\/2025, de autoria do vereador Costa J\u00fanior (Podemos), aprovado na sess\u00e3o ordin\u00e1ria desta segunda-feir<\/p>\n","protected":false},"author":4,"featured_media":69317,"comment_status":"","ping_status":"open","sticky":false,"template":"","format":"standard","meta":{"_jetpack_newsletter_access":"","_jetpack_dont_email_post_to_subs":false,"_jetpack_newsletter_tier_id":0,"_jetpack_memberships_contains_paywalled_content":false,"_mbp_banners":[],"_jetpack_feature_clip_id":0,"_jetpack_memberships_contains_paid_content":false,"footnotes":"","jetpack_publicize_message":"","jetpack_publicize_feature_enabled":true,"jetpack_social_post_already_shared":true,"jetpack_social_options":{"image_generator_settings":{"template":"highway","default_image_id":0,"font":"","enabled":false},"version":2},"jetpack_post_was_ever_published":false},"categories":[19],"tags":[],"class_list":["post-69318","post","type-post","status-publish","format-standard","has-post-thumbnail","category-politica"],"jetpack_publicize_connections":[],"jetpack-related-posts":[],"jetpack_shortlink":"https:\/\/wp.me\/p7Eq1F-i22","jetpack_sharing_enabled":true,"jetpack_featured_media_url":"https:\/\/i0.wp.com\/guialimeira.com.br\/news\/wp-content\/uploads\/2026\/06\/noticia-camara-67.jpg?fit=1280%2C640&ssl=1","_links":{"self":[{"href":"https:\/\/guialimeira.com.br\/news\/wp-json\/wp\/v2\/posts\/69318","targetHints":{"allow":["GET"]}}],"collection":[{"href":"https:\/\/guialimeira.com.br\/news\/wp-json\/wp\/v2\/posts"}],"about":[{"href":"https:\/\/guialimeira.com.br\/news\/wp-json\/wp\/v2\/types\/post"}],"author":[{"embeddable":true,"href":"https:\/\/guialimeira.com.br\/news\/wp-json\/wp\/v2\/users\/4"}],"replies":[{"embeddable":true,"href":"https:\/\/guialimeira.com.br\/news\/wp-json\/wp\/v2\/comments?post=69318"}],"version-history":[{"count":0,"href":"https:\/\/guialimeira.com.br\/news\/wp-json\/wp\/v2\/posts\/69318\/revisions"}],"wp:featuredmedia":[{"embeddable":true,"href":"https:\/\/guialimeira.com.br\/news\/wp-json\/wp\/v2\/media\/69317"}],"wp:attachment":[{"href":"https:\/\/guialimeira.com.br\/news\/wp-json\/wp\/v2\/media?parent=69318"}],"wp:term":[{"taxonomy":"category","embeddable":true,"href":"https:\/\/guialimeira.com.br\/news\/wp-json\/wp\/v2\/categories?post=69318"},{"taxonomy":"post_tag","embeddable":true,"href":"https:\/\/guialimeira.com.br\/news\/wp-json\/wp\/v2\/tags?post=69318"}],"curies":[{"name":"wp","href":"https:\/\/api.w.org\/{rel}","templated":true}]}}