{"id":69316,"date":"2026-06-17T09:55:54","date_gmt":"2026-06-17T12:55:54","guid":{"rendered":"https:\/\/guialimeira.com.br\/projeto-que-inclui-romaria-de-cavaleiros-no-calendario-oficial-de-eventos-foi-aprovado-pela-camara\/"},"modified":"2026-06-17T09:55:54","modified_gmt":"2026-06-17T12:55:54","slug":"projeto-que-inclui-romaria-de-cavaleiros-no-calendario-oficial-de-eventos-foi-aprovado-pela-camara","status":"publish","type":"post","link":"https:\/\/guialimeira.com.br\/news\/projeto-que-inclui-romaria-de-cavaleiros-no-calendario-oficial-de-eventos-foi-aprovado-pela-camara\/","title":{"rendered":"Projeto que inclui Romaria de Cavaleiros no Calend\u00e1rio Oficial de Eventos foi aprovado pela C\u00e2mara"},"content":{"rendered":"<p>Projeto que inclui Romaria de Cavaleiros no Calend\u00e1rio Oficial de Eventos foi aprovado pela C\u00e2mara<\/p>\n<p>A inclus\u00e3o da Romaria de Cavaleiros da Capela Nossa Senhora das Dores do Lagoa Nova, que acontece anualmente no m\u00eas de junho, no Calend\u00e1rio Oficial de Eventos do Munic\u00edpio foi aprovada por meio do Projeto de Lei N\u00ba 276\/2025, durante a sess\u00e3o ordin\u00e1ria da C\u00e2mara Municipal que ocorreu nesta segunda-feira, 15 de junho. A propositura \u00e9 de autoria da vereadora Lu Bogo (PL).<\/p>\n<p>De acordo com a proposta, a parlamentar explicou que a Romaria de Cavaleiros \u00e9 organizada pela Comunidade da Capela Nossa Senhora das Dores do Lagoa Nova Rural e se realiza em todo m\u00eas de junho. Em 2026, foi realizada a quarta edi\u00e7\u00e3o no dia 9 de junho. \u201cNeste ano, o evento reuniu cerca de mil pessoas que estavam concentradas no Espa\u00e7o Rodeio e seguiram at\u00e9 a Capela do Lagoa Nova Rural. Durante o trajeto, os cavaleiros e charreteiros foram confraternizando e aproveitando o ambiente familiar e o card\u00e1pio preparado pelos volunt\u00e1rios da comunidade\u201d, ressaltou a vereadora.<\/p>\n<p>A autora justificou o projeto dizendo que com a inclus\u00e3o da a\u00e7\u00e3o no Calend\u00e1rio Oficial de Eventos do Munic\u00edpio, a Prefeitura dar\u00e1 um grande apoio para a comunidade para realizar a Romaria e finalizou dizendo que o objetivo da proposi\u00e7\u00e3o \u00e9 fortalecer o v\u00ednculo dos cavaleiros e charreteiros com o Poder Executivo.<\/p>\n<hr>\n<p><em>Fonte: <a href=\"https:\/\/www.limeira.sp.leg.br\/noticias\/view\/2026-06-16_projeto-que-inclui-romaria-de-cavaleiros-no-calendario-oficial-de-eventos-foi-aprovado-pela-camara\" target=\"_blank\" rel=\"noopener\">C\u00e2mara Municipal de Limeira<\/a><\/em><\/p>\n","protected":false},"excerpt":{"rendered":"<p>Projeto que inclui Romaria de Cavaleiros no Calend\u00e1rio Oficial de Eventos foi aprovado pela C\u00e2mara<\/p>\n<p>A inclus\u00e3o da Romaria de Cavaleiros da Capela Nossa Senhora das Dores do Lagoa Nova, que acontece anualmente no m\u00eas de junho, no Calend\u00e1rio Oficial de Eventos do Munic\u00edpio foi aprovada por meio do Pro<\/p>\n","protected":false},"author":4,"featured_media":69315,"comment_status":"","ping_status":"open","sticky":false,"template":"","format":"standard","meta":{"_jetpack_newsletter_access":"","_jetpack_dont_email_post_to_subs":false,"_jetpack_newsletter_tier_id":0,"_jetpack_memberships_contains_paywalled_content":false,"_mbp_banners":[],"_jetpack_feature_clip_id":0,"_jetpack_memberships_contains_paid_content":false,"footnotes":"","jetpack_publicize_message":"","jetpack_publicize_feature_enabled":true,"jetpack_social_post_already_shared":true,"jetpack_social_options":{"image_generator_settings":{"template":"highway","default_image_id":0,"font":"","enabled":false},"version":2},"jetpack_post_was_ever_published":false},"categories":[19],"tags":[],"class_list":["post-69316","post","type-post","status-publish","format-standard","has-post-thumbnail","category-politica"],"jetpack_publicize_connections":[],"jetpack-related-posts":[],"jetpack_shortlink":"https:\/\/wp.me\/p7Eq1F-i20","jetpack_sharing_enabled":true,"jetpack_featured_media_url":"https:\/\/i0.wp.com\/guialimeira.com.br\/news\/wp-content\/uploads\/2026\/06\/noticia-camara-66.jpg?fit=1280%2C640&ssl=1","_links":{"self":[{"href":"https:\/\/guialimeira.com.br\/news\/wp-json\/wp\/v2\/posts\/69316","targetHints":{"allow":["GET"]}}],"collection":[{"href":"https:\/\/guialimeira.com.br\/news\/wp-json\/wp\/v2\/posts"}],"about":[{"href":"https:\/\/guialimeira.com.br\/news\/wp-json\/wp\/v2\/types\/post"}],"author":[{"embeddable":true,"href":"https:\/\/guialimeira.com.br\/news\/wp-json\/wp\/v2\/users\/4"}],"replies":[{"embeddable":true,"href":"https:\/\/guialimeira.com.br\/news\/wp-json\/wp\/v2\/comments?post=69316"}],"version-history":[{"count":0,"href":"https:\/\/guialimeira.com.br\/news\/wp-json\/wp\/v2\/posts\/69316\/revisions"}],"wp:featuredmedia":[{"embeddable":true,"href":"https:\/\/guialimeira.com.br\/news\/wp-json\/wp\/v2\/media\/69315"}],"wp:attachment":[{"href":"https:\/\/guialimeira.com.br\/news\/wp-json\/wp\/v2\/media?parent=69316"}],"wp:term":[{"taxonomy":"category","embeddable":true,"href":"https:\/\/guialimeira.com.br\/news\/wp-json\/wp\/v2\/categories?post=69316"},{"taxonomy":"post_tag","embeddable":true,"href":"https:\/\/guialimeira.com.br\/news\/wp-json\/wp\/v2\/tags?post=69316"}],"curies":[{"name":"wp","href":"https:\/\/api.w.org\/{rel}","templated":true}]}}