{"id":69314,"date":"2026-06-17T09:50:51","date_gmt":"2026-06-17T12:50:51","guid":{"rendered":"https:\/\/guialimeira.com.br\/nota-de-pesar-pelo-falecimento-de-odair-forster\/"},"modified":"2026-06-17T09:50:51","modified_gmt":"2026-06-17T12:50:51","slug":"nota-de-pesar-pelo-falecimento-de-odair-forster","status":"publish","type":"post","link":"https:\/\/guialimeira.com.br\/news\/nota-de-pesar-pelo-falecimento-de-odair-forster\/","title":{"rendered":"Nota de pesar pelo falecimento de Odair Forster"},"content":{"rendered":"<p>Nota de pesar pelo falecimento de Odair Forster<\/p>\n<p>A C\u00e2mara Municipal de Limeira, por meio do presidente, Everton Ferreira (PSD), e demais vereadores, manifesta profundo pesar pelo falecimento de Odair Forster ocorrido nesta ter\u00e7a-feira, 16 de junho.<\/p>\n<p>Odair Forster era propriet\u00e1rio da Imobili\u00e1ria Forster e ocupou o cargo de secret\u00e1rio municipal.<\/p>\n<p>Era casado com Teresa Higa Forster e pai de duas filhas, Karina Higa Forster e Kelly Higa Forster.<\/p>\n<p>A C\u00e2mara Municipal de Limeira manifesta solidariedade e o sentimento de pesar aos familiares e amigos em luto.<\/p>\n<hr>\n<p><em>Fonte: <a href=\"https:\/\/www.limeira.sp.leg.br\/noticias\/view\/2026-06-17_nota-de-pesar-pelo-falecimento-de-odair-forster\" target=\"_blank\" rel=\"noopener\">C\u00e2mara Municipal de Limeira<\/a><\/em><\/p>\n","protected":false},"excerpt":{"rendered":"<p>Nota de pesar pelo falecimento de Odair Forster<\/p>\n<p>A C\u00e2mara Municipal de Limeira, por meio do presidente, Everton Ferreira (PSD), e demais vereadores, manifesta profundo pesar pelo falecimento de Odair Forster ocorrido nesta ter\u00e7a-feira, 16 de junho.<\/p>\n<p>Odair Forster era propriet\u00e1rio da Imobili\u00e1ria Fors<\/p>\n","protected":false},"author":4,"featured_media":69313,"comment_status":"","ping_status":"open","sticky":false,"template":"","format":"standard","meta":{"_jetpack_newsletter_access":"","_jetpack_dont_email_post_to_subs":false,"_jetpack_newsletter_tier_id":0,"_jetpack_memberships_contains_paywalled_content":false,"_mbp_banners":[],"_jetpack_feature_clip_id":0,"_jetpack_memberships_contains_paid_content":false,"footnotes":"","jetpack_publicize_message":"","jetpack_publicize_feature_enabled":true,"jetpack_social_post_already_shared":true,"jetpack_social_options":{"image_generator_settings":{"template":"highway","default_image_id":0,"font":"","enabled":false},"version":2},"jetpack_post_was_ever_published":false},"categories":[19],"tags":[],"class_list":["post-69314","post","type-post","status-publish","format-standard","has-post-thumbnail","category-politica"],"jetpack_publicize_connections":[],"jetpack-related-posts":[],"jetpack_shortlink":"https:\/\/wp.me\/p7Eq1F-i1Y","jetpack_sharing_enabled":true,"jetpack_featured_media_url":"https:\/\/i0.wp.com\/guialimeira.com.br\/news\/wp-content\/uploads\/2026\/06\/noticia-camara-65.jpg?fit=1280%2C640&ssl=1","_links":{"self":[{"href":"https:\/\/guialimeira.com.br\/news\/wp-json\/wp\/v2\/posts\/69314","targetHints":{"allow":["GET"]}}],"collection":[{"href":"https:\/\/guialimeira.com.br\/news\/wp-json\/wp\/v2\/posts"}],"about":[{"href":"https:\/\/guialimeira.com.br\/news\/wp-json\/wp\/v2\/types\/post"}],"author":[{"embeddable":true,"href":"https:\/\/guialimeira.com.br\/news\/wp-json\/wp\/v2\/users\/4"}],"replies":[{"embeddable":true,"href":"https:\/\/guialimeira.com.br\/news\/wp-json\/wp\/v2\/comments?post=69314"}],"version-history":[{"count":0,"href":"https:\/\/guialimeira.com.br\/news\/wp-json\/wp\/v2\/posts\/69314\/revisions"}],"wp:featuredmedia":[{"embeddable":true,"href":"https:\/\/guialimeira.com.br\/news\/wp-json\/wp\/v2\/media\/69313"}],"wp:attachment":[{"href":"https:\/\/guialimeira.com.br\/news\/wp-json\/wp\/v2\/media?parent=69314"}],"wp:term":[{"taxonomy":"category","embeddable":true,"href":"https:\/\/guialimeira.com.br\/news\/wp-json\/wp\/v2\/categories?post=69314"},{"taxonomy":"post_tag","embeddable":true,"href":"https:\/\/guialimeira.com.br\/news\/wp-json\/wp\/v2\/tags?post=69314"}],"curies":[{"name":"wp","href":"https:\/\/api.w.org\/{rel}","templated":true}]}}