{"id":69312,"date":"2026-06-17T09:45:52","date_gmt":"2026-06-17T12:45:52","guid":{"rendered":"https:\/\/guialimeira.com.br\/tribuna-livre-da-camara-passa-a-se-chamar-tribuna-livre-professora-eliza-gabriel-da-costa\/"},"modified":"2026-06-17T09:45:52","modified_gmt":"2026-06-17T12:45:52","slug":"tribuna-livre-da-camara-passa-a-se-chamar-tribuna-livre-professora-eliza-gabriel-da-costa","status":"publish","type":"post","link":"https:\/\/guialimeira.com.br\/news\/tribuna-livre-da-camara-passa-a-se-chamar-tribuna-livre-professora-eliza-gabriel-da-costa\/","title":{"rendered":"Tribuna Livre da C\u00e2mara passa a se chamar \u201cTribuna Livre Professora Eliza Gabriel da Costa\u201d"},"content":{"rendered":"<p>Tribuna Livre da C\u00e2mara passa a se chamar \u201cTribuna Livre Professora Eliza Gabriel da Costa\u201d<\/p>\n<p>Como forma de homenagear a docente e ativista pelos direitos humanos, Eliza Gabriel da Costa, a C\u00e2mara Municipal de Limeira aprovou, na sess\u00e3o ordin\u00e1ria desta segunda-feira, 15 de junho, o Projeto de Decreto Legislativo N\u00ba 7\/2026, de autoria do vereador Everton Ferreira (PSD), que denomina a Tribuna Livre do Legislativo como \u201cTribuna Livre Professora Eliza Gabriel da Costa\u201d.<\/p>\n<p>O objetivo, conforme a proposta, \u00e9 fazer uma homenagem p\u00f3stuma a Eliza pelos servi\u00e7os prestados \u00e0 cidade, pela luta contra o racismo e o preconceito e pela defesa dos direitos e interesses do cidad\u00e3o negro.<\/p>\n<p>\u201cEm in\u00fameras ocasi\u00f5es, Eliza Gabriel utilizou a Tribuna Livre da C\u00e2mara Municipal de Limeira. Em pauta, assuntos ligados \u00e0s mulheres negras na atualidade, sobre o Comicin (Conselho Municipal dos Interesses do Cidad\u00e3o Negro) e sobre o Conselho da Mulher, para citar apenas alguns exemplos. Sua voz sempre impactou de forma positiva a sociedade, auxiliando no importante trabalho de conscientiza\u00e7\u00e3o por meio do debate p\u00fablico\u201d, justificou o autor, ressaltando que o legado da ativista deve ser permanentemente lembrado.<\/p>\n<p>Tribuna Livre<\/p>\n<p>A Tribuna Livre \u00e9 o momento de participa\u00e7\u00e3o popular durante a sess\u00e3o ordin\u00e1ria da C\u00e2mara Municipal de Limeira. Nela, cidad\u00e3os fazem uso da palavra para apresentar demandas e discutir tem\u00e1ticas de interesse social. Para participar, basta acessar o site do Legislativo, na aba sess\u00e3o, e escolher \u201cSolicita\u00e7\u00e3o de Uso da Tribuna\u201d (link), depois o interessado deve preencher o formul\u00e1rio e aguardar a data agendada para a sua participa\u00e7\u00e3o.<\/p>\n<hr>\n<p><em>Fonte: <a href=\"https:\/\/www.limeira.sp.leg.br\/noticias\/view\/2026-06-16_tribuna-livre-da-camara-passa-a-se-chamar-tribuna-livre-professora-eliza-gabriel-da-costa\" target=\"_blank\" rel=\"noopener\">C\u00e2mara Municipal de Limeira<\/a><\/em><\/p>\n","protected":false},"excerpt":{"rendered":"<p>Tribuna Livre da C\u00e2mara passa a se chamar \u201cTribuna Livre Professora Eliza Gabriel da Costa\u201d<\/p>\n<p>Como forma de homenagear a docente e ativista pelos direitos humanos, Eliza Gabriel da Costa, a C\u00e2mara Municipal de Limeira aprovou, na sess\u00e3o ordin\u00e1ria desta segunda-feira, 15 de junho, o Projeto de Decreto<\/p>\n","protected":false},"author":4,"featured_media":69311,"comment_status":"","ping_status":"open","sticky":false,"template":"","format":"standard","meta":{"_jetpack_newsletter_access":"","_jetpack_dont_email_post_to_subs":false,"_jetpack_newsletter_tier_id":0,"_jetpack_memberships_contains_paywalled_content":false,"_mbp_banners":[],"_jetpack_feature_clip_id":0,"_jetpack_memberships_contains_paid_content":false,"footnotes":"","jetpack_publicize_message":"","jetpack_publicize_feature_enabled":true,"jetpack_social_post_already_shared":true,"jetpack_social_options":{"image_generator_settings":{"template":"highway","default_image_id":0,"font":"","enabled":false},"version":2},"jetpack_post_was_ever_published":false},"categories":[19],"tags":[],"class_list":["post-69312","post","type-post","status-publish","format-standard","has-post-thumbnail","category-politica"],"jetpack_publicize_connections":[],"jetpack-related-posts":[],"jetpack_shortlink":"https:\/\/wp.me\/p7Eq1F-i1W","jetpack_sharing_enabled":true,"jetpack_featured_media_url":"https:\/\/i0.wp.com\/guialimeira.com.br\/news\/wp-content\/uploads\/2026\/06\/noticia-camara-64.jpg?fit=1280%2C640&ssl=1","_links":{"self":[{"href":"https:\/\/guialimeira.com.br\/news\/wp-json\/wp\/v2\/posts\/69312","targetHints":{"allow":["GET"]}}],"collection":[{"href":"https:\/\/guialimeira.com.br\/news\/wp-json\/wp\/v2\/posts"}],"about":[{"href":"https:\/\/guialimeira.com.br\/news\/wp-json\/wp\/v2\/types\/post"}],"author":[{"embeddable":true,"href":"https:\/\/guialimeira.com.br\/news\/wp-json\/wp\/v2\/users\/4"}],"replies":[{"embeddable":true,"href":"https:\/\/guialimeira.com.br\/news\/wp-json\/wp\/v2\/comments?post=69312"}],"version-history":[{"count":0,"href":"https:\/\/guialimeira.com.br\/news\/wp-json\/wp\/v2\/posts\/69312\/revisions"}],"wp:featuredmedia":[{"embeddable":true,"href":"https:\/\/guialimeira.com.br\/news\/wp-json\/wp\/v2\/media\/69311"}],"wp:attachment":[{"href":"https:\/\/guialimeira.com.br\/news\/wp-json\/wp\/v2\/media?parent=69312"}],"wp:term":[{"taxonomy":"category","embeddable":true,"href":"https:\/\/guialimeira.com.br\/news\/wp-json\/wp\/v2\/categories?post=69312"},{"taxonomy":"post_tag","embeddable":true,"href":"https:\/\/guialimeira.com.br\/news\/wp-json\/wp\/v2\/tags?post=69312"}],"curies":[{"name":"wp","href":"https:\/\/api.w.org\/{rel}","templated":true}]}}