{"id":69310,"date":"2026-06-17T09:40:51","date_gmt":"2026-06-17T12:40:51","guid":{"rendered":"https:\/\/guialimeira.com.br\/projeto-aprovado-autoriza-ressarcimento-aos-usuarios-de-transporte-coletivo-urbano-em-caso-de-paralisacao\/"},"modified":"2026-06-17T09:40:51","modified_gmt":"2026-06-17T12:40:51","slug":"projeto-aprovado-autoriza-ressarcimento-aos-usuarios-de-transporte-coletivo-urbano-em-caso-de-paralisacao","status":"publish","type":"post","link":"https:\/\/guialimeira.com.br\/news\/projeto-aprovado-autoriza-ressarcimento-aos-usuarios-de-transporte-coletivo-urbano-em-caso-de-paralisacao\/","title":{"rendered":"Projeto aprovado autoriza ressarcimento aos usu\u00e1rios de transporte coletivo urbano em caso de paralisa\u00e7\u00e3o"},"content":{"rendered":"<p>Projeto aprovado autoriza ressarcimento aos usu\u00e1rios de transporte coletivo urbano em caso de paralisa\u00e7\u00e3o<\/p>\n<p>Com o objetivo \u00e9 garantir a continuidade do direito de locomo\u00e7\u00e3o da popula\u00e7\u00e3o em situa\u00e7\u00f5es excepcionais de paralisa\u00e7\u00e3o parcial ou integral do transporte coletivo urbano, a C\u00e2mara Municipal de Limeira aprovou o Projeto de Lei Complementar N\u00ba 16\/2026 que autoriza o ressarcimento aos usu\u00e1rios que se utilizarem de transporte privado de passageiros. A propositura foi votada em regime de urg\u00eancia especial na sess\u00e3o ordin\u00e1ria desta segunda-feira, 15 de junho.<\/p>\n<p>A autoriza\u00e7\u00e3o possui car\u00e1ter de excepcionalidade e \u00e9 tempor\u00e1ria, em raz\u00e3o de greve, vigorando, portanto, durante o per\u00edodo oficialmente reconhecido pelo Poder Executivo e nos trajetos em que n\u00e3o haja o atendimento de linhas em raz\u00e3o da paralisa\u00e7\u00e3o do servi\u00e7o.<\/p>\n<p>Entre os crit\u00e9rios definidos para ressarcimento, a utiliza\u00e7\u00e3o deve decorrer diretamente da indisponibilidade do transporte coletivo que esteja em greve. Al\u00e9m disso, \u00e9 necess\u00e1rio apresentar comprovantes fiscais ou eletr\u00f4nicos v\u00e1lidos, observar os limites e crit\u00e9rios a serem estabelecidos em regulamento a ser expedido pela Prefeitura.<\/p>\n<p>Segunda a administra\u00e7\u00e3o municipal, a medida contempla a possibilidade de os cidad\u00e3os utilizarem operadores de plataformas digitais, observadas todas as exig\u00eancias de seguran\u00e7a, regularidade e fiscaliza\u00e7\u00e3o vigentes. \u201cO projeto representa importante instrumento de prote\u00e7\u00e3o dos cidad\u00e3os limeirenses, garantindo alternativas de deslocamento em situa\u00e7\u00f5es extraordin\u00e1rias e fortalecendo a capacidade do Munic\u00edpio de responder adequadamente a eventos que comprometam a presta\u00e7\u00e3o regular do transporte coletivo urbano\u201d, justificou.<\/p>\n<p>Outro ponto estabelecido no projeto \u00e9 que as despesas decorrentes da medida podem ser custeadas por dota\u00e7\u00f5es or\u00e7ament\u00e1rias pr\u00f3prias do Munic\u00edpio, inclusive recursos, cr\u00e9ditos, reservas or\u00e7ament\u00e1rias, subs\u00eddios ou quaisquer valores originalmente destinados \u00e0 manuten\u00e7\u00e3o, opera\u00e7\u00e3o, custeio ou financiamento do servi\u00e7o de transporte coletivo urbano, observadas as normas de direito financeiro e or\u00e7ament\u00e1rio aplic\u00e1veis.<\/p>\n<hr>\n<p><em>Fonte: <a href=\"https:\/\/www.limeira.sp.leg.br\/noticias\/view\/2026-06-16_projeto-aprovado-autoriza-ressarcimento-aos-usuarios-de-transporte-coletivo-urbano-em-caso-de-paralisacao\" target=\"_blank\" rel=\"noopener\">C\u00e2mara Municipal de Limeira<\/a><\/em><\/p>\n","protected":false},"excerpt":{"rendered":"<p>Projeto aprovado autoriza ressarcimento aos usu\u00e1rios de transporte coletivo urbano em caso de paralisa\u00e7\u00e3o<\/p>\n<p>Com o objetivo \u00e9 garantir a continuidade do direito de locomo\u00e7\u00e3o da popula\u00e7\u00e3o em situa\u00e7\u00f5es excepcionais de paralisa\u00e7\u00e3o parcial ou integral do transporte coletivo urbano, a C\u00e2mara Municipal de L<\/p>\n","protected":false},"author":4,"featured_media":69309,"comment_status":"","ping_status":"open","sticky":false,"template":"","format":"standard","meta":{"_jetpack_newsletter_access":"","_jetpack_dont_email_post_to_subs":false,"_jetpack_newsletter_tier_id":0,"_jetpack_memberships_contains_paywalled_content":false,"_mbp_banners":[],"_jetpack_feature_clip_id":0,"_jetpack_memberships_contains_paid_content":false,"footnotes":"","jetpack_publicize_message":"","jetpack_publicize_feature_enabled":true,"jetpack_social_post_already_shared":true,"jetpack_social_options":{"image_generator_settings":{"template":"highway","default_image_id":0,"font":"","enabled":false},"version":2},"jetpack_post_was_ever_published":false},"categories":[19],"tags":[],"class_list":["post-69310","post","type-post","status-publish","format-standard","has-post-thumbnail","category-politica"],"jetpack_publicize_connections":[],"jetpack-related-posts":[],"jetpack_shortlink":"https:\/\/wp.me\/p7Eq1F-i1U","jetpack_sharing_enabled":true,"jetpack_featured_media_url":"https:\/\/i0.wp.com\/guialimeira.com.br\/news\/wp-content\/uploads\/2026\/06\/noticia-camara-63.jpg?fit=1280%2C640&ssl=1","_links":{"self":[{"href":"https:\/\/guialimeira.com.br\/news\/wp-json\/wp\/v2\/posts\/69310","targetHints":{"allow":["GET"]}}],"collection":[{"href":"https:\/\/guialimeira.com.br\/news\/wp-json\/wp\/v2\/posts"}],"about":[{"href":"https:\/\/guialimeira.com.br\/news\/wp-json\/wp\/v2\/types\/post"}],"author":[{"embeddable":true,"href":"https:\/\/guialimeira.com.br\/news\/wp-json\/wp\/v2\/users\/4"}],"replies":[{"embeddable":true,"href":"https:\/\/guialimeira.com.br\/news\/wp-json\/wp\/v2\/comments?post=69310"}],"version-history":[{"count":0,"href":"https:\/\/guialimeira.com.br\/news\/wp-json\/wp\/v2\/posts\/69310\/revisions"}],"wp:featuredmedia":[{"embeddable":true,"href":"https:\/\/guialimeira.com.br\/news\/wp-json\/wp\/v2\/media\/69309"}],"wp:attachment":[{"href":"https:\/\/guialimeira.com.br\/news\/wp-json\/wp\/v2\/media?parent=69310"}],"wp:term":[{"taxonomy":"category","embeddable":true,"href":"https:\/\/guialimeira.com.br\/news\/wp-json\/wp\/v2\/categories?post=69310"},{"taxonomy":"post_tag","embeddable":true,"href":"https:\/\/guialimeira.com.br\/news\/wp-json\/wp\/v2\/tags?post=69310"}],"curies":[{"name":"wp","href":"https:\/\/api.w.org\/{rel}","templated":true}]}}