{"id":69308,"date":"2026-06-17T09:36:23","date_gmt":"2026-06-17T12:36:23","guid":{"rendered":"https:\/\/guialimeira.com.br\/vereadora-tatiane-lopes-solicita-reforco-na-fiscalizacao-contra-fogos-com-estampido-em-limeira\/"},"modified":"2026-06-17T09:36:23","modified_gmt":"2026-06-17T12:36:23","slug":"vereadora-tatiane-lopes-solicita-reforco-na-fiscalizacao-contra-fogos-com-estampido-em-limeira","status":"publish","type":"post","link":"https:\/\/guialimeira.com.br\/news\/vereadora-tatiane-lopes-solicita-reforco-na-fiscalizacao-contra-fogos-com-estampido-em-limeira\/","title":{"rendered":"Vereadora Tatiane Lopes solicita refor\u00e7o na fiscaliza\u00e7\u00e3o contra fogos com estampido em Limeira"},"content":{"rendered":"<p>Vereadora Tatiane Lopes solicita refor\u00e7o na fiscaliza\u00e7\u00e3o contra fogos com estampido em Limeira<\/p>\n<p>A vereadora Tatiane Lopes (Avante) apresentou na \u00faltima quinta-feira, 11 de junho, a Indica\u00e7\u00e3o N\u00b0 2628\/2026 \u00e0 Prefeitura solicitando a intensifica\u00e7\u00e3o da fiscaliza\u00e7\u00e3o e das a\u00e7\u00f5es de orienta\u00e7\u00e3o sobre o cumprimento da legisla\u00e7\u00e3o que pro\u00edbe a soltura, utiliza\u00e7\u00e3o e comercializa\u00e7\u00e3o de fogos de artif\u00edcio com estampido no munic\u00edpio de Limeira.<\/p>\n<p>Segundo a parlamentar, a medida ganha ainda mais relev\u00e2ncia neste per\u00edodo do ano, marcado pela realiza\u00e7\u00e3o de festas juninas e julinas, eventos religiosos, festividades comunit\u00e1rias, comemora\u00e7\u00f5es esportivas e outras celebra\u00e7\u00f5es que tradicionalmente registram aumento no uso de fogos de artif\u00edcio.<\/p>\n<p>Para Tatiane Lopes, apesar de a Lei Municipal N\u00ba 6.564\/2021 estar em vigor h\u00e1 v\u00e1rios anos, ainda s\u00e3o frequentes as reclama\u00e7\u00f5es de moradores relacionadas ao uso irregular de roj\u00f5es, morteiros, bombas e outros artefatos que produzem ru\u00eddos intensos. \u201cA legisla\u00e7\u00e3o existe para proteger as pessoas e os animais dos impactos causados pelo barulho excessivo. \u00c9 fundamental que haja fiscaliza\u00e7\u00e3o e conscientiza\u00e7\u00e3o para que a norma seja efetivamente cumprida, especialmente em per\u00edodos de festividades, quando aumentam os casos de descumprimento da lei\u201d, destacou.<\/p>\n<p>A vereadora ressaltou que os fogos com estampido afetam diretamente pessoas com Transtorno do Espectro Autista (TEA), idosos, crian\u00e7as, pacientes hospitalizados ou acamados, al\u00e9m dos animais dom\u00e9sticos e silvestres. \u201cEm muitos casos, o barulho provoca crises de ansiedade, estresse, desorienta\u00e7\u00e3o e at\u00e9 acidentes\u201d, alertou.<\/p>\n<p>A legisla\u00e7\u00e3o municipal, regulamentada pelo Decreto Municipal N\u00ba 20\/2024, permite apenas fogos que produzam efeitos visuais sem emiss\u00e3o de ru\u00eddos significativos. O descumprimento da norma pode resultar em multas superiores a R$ 5.500 para pessoas f\u00edsicas e R$ 14.800 para pessoas jur\u00eddicas.<\/p>\n<p>Al\u00e9m da fiscaliza\u00e7\u00e3o, a indica\u00e7\u00e3o prop\u00f5e o fortalecimento de campanhas educativas voltadas \u00e0 popula\u00e7\u00e3o, comerciantes, organizadores de eventos e entidades promotoras de festividades, buscando ampliar a conscientiza\u00e7\u00e3o sobre a import\u00e2ncia do respeito \u00e0 legisla\u00e7\u00e3o.<\/p>\n<p>De acordo com Tatiane Lopes, a iniciativa visa promover um ambiente mais inclusivo, seguro e acolhedor para todos os cidad\u00e3os. \u201cRespeitar a lei \u00e9 tamb\u00e9m respeitar as pessoas mais vulner\u00e1veis e garantir o bem-estar dos animais. Uma cidade mais humana \u00e9 aquela que pensa em todos\u201d, defendeu.<\/p>\n<p>Do Gabinete Parlamentar \u2013 Vereadora Tatiane Lopes (Avante)<\/p>\n<p>*Fotos do Gabinete Parlamentar<\/p>\n<p>As mat\u00e9rias de origem dos Gabinetes Parlamentares s\u00e3o de inteira\u00a0 responsabilidade dos parlamentares e de suas assessorias. S\u00e3o devidamente assinadas e n\u00e3o refletem, necessariamente, a opini\u00e3o institucional da C\u00e2mara Municipal de Limeira.<\/p>\n<hr>\n<p><em>Fonte: <a href=\"https:\/\/www.limeira.sp.leg.br\/noticias\/view\/2026-06-16_vereadora-tatiane-lopes-solicita-reforco-na-fiscalizacao-contra-fogos-com-estampido-em-limeira\" target=\"_blank\" rel=\"noopener\">C\u00e2mara Municipal de Limeira<\/a><\/em><\/p>\n","protected":false},"excerpt":{"rendered":"<p>Vereadora Tatiane Lopes solicita refor\u00e7o na fiscaliza\u00e7\u00e3o contra fogos com estampido em Limeira<\/p>\n<p>A vereadora Tatiane Lopes (Avante) apresentou na \u00faltima quinta-feira, 11 de junho, a Indica\u00e7\u00e3o N\u00b0 2628\/2026 \u00e0 Prefeitura solicitando a intensifica\u00e7\u00e3o da fiscaliza\u00e7\u00e3o e das a\u00e7\u00f5es de orienta\u00e7\u00e3o sobre o cump<\/p>\n","protected":false},"author":4,"featured_media":69307,"comment_status":"","ping_status":"open","sticky":false,"template":"","format":"standard","meta":{"_jetpack_newsletter_access":"","_jetpack_dont_email_post_to_subs":false,"_jetpack_newsletter_tier_id":0,"_jetpack_memberships_contains_paywalled_content":false,"_mbp_banners":[],"_jetpack_feature_clip_id":0,"_jetpack_memberships_contains_paid_content":false,"footnotes":"","jetpack_publicize_message":"","jetpack_publicize_feature_enabled":true,"jetpack_social_post_already_shared":true,"jetpack_social_options":{"image_generator_settings":{"template":"highway","default_image_id":0,"font":"","enabled":false},"version":2},"jetpack_post_was_ever_published":false},"categories":[19],"tags":[],"class_list":["post-69308","post","type-post","status-publish","format-standard","has-post-thumbnail","category-politica"],"jetpack_publicize_connections":[],"jetpack-related-posts":[],"jetpack_shortlink":"https:\/\/wp.me\/p7Eq1F-i1S","jetpack_sharing_enabled":true,"jetpack_featured_media_url":"https:\/\/i0.wp.com\/guialimeira.com.br\/news\/wp-content\/uploads\/2026\/06\/noticia-camara-62.jpg?fit=1280%2C640&ssl=1","_links":{"self":[{"href":"https:\/\/guialimeira.com.br\/news\/wp-json\/wp\/v2\/posts\/69308","targetHints":{"allow":["GET"]}}],"collection":[{"href":"https:\/\/guialimeira.com.br\/news\/wp-json\/wp\/v2\/posts"}],"about":[{"href":"https:\/\/guialimeira.com.br\/news\/wp-json\/wp\/v2\/types\/post"}],"author":[{"embeddable":true,"href":"https:\/\/guialimeira.com.br\/news\/wp-json\/wp\/v2\/users\/4"}],"replies":[{"embeddable":true,"href":"https:\/\/guialimeira.com.br\/news\/wp-json\/wp\/v2\/comments?post=69308"}],"version-history":[{"count":0,"href":"https:\/\/guialimeira.com.br\/news\/wp-json\/wp\/v2\/posts\/69308\/revisions"}],"wp:featuredmedia":[{"embeddable":true,"href":"https:\/\/guialimeira.com.br\/news\/wp-json\/wp\/v2\/media\/69307"}],"wp:attachment":[{"href":"https:\/\/guialimeira.com.br\/news\/wp-json\/wp\/v2\/media?parent=69308"}],"wp:term":[{"taxonomy":"category","embeddable":true,"href":"https:\/\/guialimeira.com.br\/news\/wp-json\/wp\/v2\/categories?post=69308"},{"taxonomy":"post_tag","embeddable":true,"href":"https:\/\/guialimeira.com.br\/news\/wp-json\/wp\/v2\/tags?post=69308"}],"curies":[{"name":"wp","href":"https:\/\/api.w.org\/{rel}","templated":true}]}}