{"id":69306,"date":"2026-06-17T09:31:23","date_gmt":"2026-06-17T12:31:23","guid":{"rendered":"https:\/\/guialimeira.com.br\/vereadora-joyce-dias-propoe-programa-municipal-de-alertas-comunitarios\/"},"modified":"2026-06-17T09:31:23","modified_gmt":"2026-06-17T12:31:23","slug":"vereadora-joyce-dias-propoe-programa-municipal-de-alertas-comunitarios","status":"publish","type":"post","link":"https:\/\/guialimeira.com.br\/news\/vereadora-joyce-dias-propoe-programa-municipal-de-alertas-comunitarios\/","title":{"rendered":"Vereadora Joyce Dias prop\u00f5e Programa Municipal de Alertas Comunit\u00e1rios"},"content":{"rendered":"<p>Vereadora Joyce Dias prop\u00f5e Programa Municipal de Alertas Comunit\u00e1rios<\/p>\n<p>Com o objetivo de fortalecer a seguran\u00e7a em Limeira e a participa\u00e7\u00e3o ativa da popula\u00e7\u00e3o na constru\u00e7\u00e3o de uma cidade mais segura, a vereadora Joyce Dias (PSD) protocolou no dia 15 de junho, na C\u00e2mara Municipal, o Projeto de Lei N\u00b0 79\/2026, para cria\u00e7\u00e3o do Programa Municipal de Alertas Comunit\u00e1rios.<\/p>\n<p>Segundo a parlamentar, a iniciativa surgiu ap\u00f3s o acompanhamento do trabalho desenvolvido pela Secretaria Municipal de Seguran\u00e7a P\u00fablica, sob a lideran\u00e7a do secret\u00e1rio Anderson Pereira. Ela destacou que a pasta tem atuado no enfrentamento das demandas relacionadas \u00e0 seguran\u00e7a da popula\u00e7\u00e3o, al\u00e9m de acompanhar a\u00e7\u00f5es e indica\u00e7\u00f5es de outros vereadores que trabalham em conjunto para melhorias na \u00e1rea.<\/p>\n<p>\u201cDiante de situa\u00e7\u00f5es recorrentes registradas no munic\u00edpio, como acidentes, roubos, furtos, brigas em bairros, funcionamento irregular de estabelecimentos, atos de vandalismo e outras ocorr\u00eancias que impactam a sensa\u00e7\u00e3o de seguran\u00e7a dos cidad\u00e3os, identifiquei a necessidade de aproximar ainda mais a popula\u00e7\u00e3o das a\u00e7\u00f5es de seguran\u00e7a\u201d, descreveu a vereadora Joyce.<\/p>\n<p>A proposta prev\u00ea que a Prefeitura desenvolva, implante ou contrate uma plataforma tecnol\u00f3gica destinada ao recebimento e compartilhamento de informa\u00e7\u00f5es preventivas de interesse da seguran\u00e7a p\u00fablica. O sistema poder\u00e1 funcionar por meio de aplicativo, plataforma digital, sistema eletr\u00f4nico ou outra ferramenta tecnol\u00f3gica acess\u00edvel \u00e0 popula\u00e7\u00e3o.<\/p>\n<p>A parlamentar relatou que, por meio da plataforma, os cidad\u00e3os poder\u00e3o registrar alertas preventivos de forma r\u00e1pida, simples e georreferenciada, contribuindo para que situa\u00e7\u00f5es de risco sejam identificadas com maior agilidade e permitindo um acompanhamento mais eficiente dos \u00f3rg\u00e3os competentes.<\/p>\n<p>Joyce Dias ressaltou que os alertas ter\u00e3o car\u00e1ter exclusivamente informativo e preventivo, n\u00e3o substituindo os canais oficiais de emerg\u00eancia e atendimento, como as for\u00e7as de seguran\u00e7a, os servi\u00e7os de sa\u00fade, a Defesa Civil ou demais \u00f3rg\u00e3os p\u00fablicos respons\u00e1veis.<\/p>\n<p>\u201cNosso objetivo \u00e9 criar uma ferramenta moderna que estimule a participa\u00e7\u00e3o cidad\u00e3 e fortale\u00e7a a preven\u00e7\u00e3o. A popula\u00e7\u00e3o vive diariamente a realidade dos bairros e pode contribuir com informa\u00e7\u00f5es importantes para auxiliar na constru\u00e7\u00e3o de uma Limeira mais segura para todos\u201d, destacou a vereadora.<\/p>\n<p>O projeto foi lido na sess\u00e3o ordin\u00e1ria de segunda-feira, 15 de junho, e encaminhado para tramita\u00e7\u00e3o nas comiss\u00f5es permanentes da C\u00e2mara, antes de ir \u00e0 vota\u00e7\u00e3o em Plen\u00e1rio.<\/p>\n<p>Do Gabinete Parlamentar \u2013 Vereadora Joyce Dias (PSD)<\/p>\n<p>*Fotos do Gabinete Parlamentar<\/p>\n<p>As mat\u00e9rias de origem dos Gabinetes Parlamentares s\u00e3o de inteira\u00a0 responsabilidade dos parlamentares e de suas assessorias. S\u00e3o devidamente assinadas e n\u00e3o refletem, necessariamente, a opini\u00e3o institucional da C\u00e2mara Municipal de Limeira.<\/p>\n<hr>\n<p><em>Fonte: <a href=\"https:\/\/www.limeira.sp.leg.br\/noticias\/view\/2026-06-16_vereadora-joyce-dias-propoe-programa-municipal-de-alertas-comunitarios\" target=\"_blank\" rel=\"noopener\">C\u00e2mara Municipal de Limeira<\/a><\/em><\/p>\n","protected":false},"excerpt":{"rendered":"<p>Vereadora Joyce Dias prop\u00f5e Programa Municipal de Alertas Comunit\u00e1rios<\/p>\n<p>Com o objetivo de fortalecer a seguran\u00e7a em Limeira e a participa\u00e7\u00e3o ativa da popula\u00e7\u00e3o na constru\u00e7\u00e3o de uma cidade mais segura, a vereadora Joyce Dias (PSD) protocolou no dia 15 de junho, na C\u00e2mara Municipal, o Projeto de Lei N<\/p>\n","protected":false},"author":4,"featured_media":69305,"comment_status":"","ping_status":"open","sticky":false,"template":"","format":"standard","meta":{"_jetpack_newsletter_access":"","_jetpack_dont_email_post_to_subs":false,"_jetpack_newsletter_tier_id":0,"_jetpack_memberships_contains_paywalled_content":false,"_mbp_banners":[],"_jetpack_feature_clip_id":0,"_jetpack_memberships_contains_paid_content":false,"footnotes":"","jetpack_publicize_message":"","jetpack_publicize_feature_enabled":true,"jetpack_social_post_already_shared":true,"jetpack_social_options":{"image_generator_settings":{"template":"highway","default_image_id":0,"font":"","enabled":false},"version":2},"jetpack_post_was_ever_published":false},"categories":[19],"tags":[],"class_list":["post-69306","post","type-post","status-publish","format-standard","has-post-thumbnail","category-politica"],"jetpack_publicize_connections":[],"jetpack-related-posts":[],"jetpack_shortlink":"https:\/\/wp.me\/p7Eq1F-i1Q","jetpack_sharing_enabled":true,"jetpack_featured_media_url":"https:\/\/i0.wp.com\/guialimeira.com.br\/news\/wp-content\/uploads\/2026\/06\/noticia-camara-61.jpg?fit=1280%2C640&ssl=1","_links":{"self":[{"href":"https:\/\/guialimeira.com.br\/news\/wp-json\/wp\/v2\/posts\/69306","targetHints":{"allow":["GET"]}}],"collection":[{"href":"https:\/\/guialimeira.com.br\/news\/wp-json\/wp\/v2\/posts"}],"about":[{"href":"https:\/\/guialimeira.com.br\/news\/wp-json\/wp\/v2\/types\/post"}],"author":[{"embeddable":true,"href":"https:\/\/guialimeira.com.br\/news\/wp-json\/wp\/v2\/users\/4"}],"replies":[{"embeddable":true,"href":"https:\/\/guialimeira.com.br\/news\/wp-json\/wp\/v2\/comments?post=69306"}],"version-history":[{"count":0,"href":"https:\/\/guialimeira.com.br\/news\/wp-json\/wp\/v2\/posts\/69306\/revisions"}],"wp:featuredmedia":[{"embeddable":true,"href":"https:\/\/guialimeira.com.br\/news\/wp-json\/wp\/v2\/media\/69305"}],"wp:attachment":[{"href":"https:\/\/guialimeira.com.br\/news\/wp-json\/wp\/v2\/media?parent=69306"}],"wp:term":[{"taxonomy":"category","embeddable":true,"href":"https:\/\/guialimeira.com.br\/news\/wp-json\/wp\/v2\/categories?post=69306"},{"taxonomy":"post_tag","embeddable":true,"href":"https:\/\/guialimeira.com.br\/news\/wp-json\/wp\/v2\/tags?post=69306"}],"curies":[{"name":"wp","href":"https:\/\/api.w.org\/{rel}","templated":true}]}}