{"id":69304,"date":"2026-06-17T09:26:23","date_gmt":"2026-06-17T12:26:23","guid":{"rendered":"https:\/\/guialimeira.com.br\/camara-realiza-sorteio-dos-padrinhos-dos-vereadores-juniores-2\/"},"modified":"2026-06-17T09:26:23","modified_gmt":"2026-06-17T12:26:23","slug":"camara-realiza-sorteio-dos-padrinhos-dos-vereadores-juniores-2","status":"publish","type":"post","link":"https:\/\/guialimeira.com.br\/news\/camara-realiza-sorteio-dos-padrinhos-dos-vereadores-juniores-2\/","title":{"rendered":"C\u00e2mara realiza sorteio dos padrinhos dos vereadores juniores"},"content":{"rendered":"<p>C\u00e2mara realiza sorteio dos padrinhos dos vereadores juniores<\/p>\n<p>O sorteio que definiu os padrinhos dos vereadores juniores eleitos foi realizado na manh\u00e3 desta ter\u00e7a-feira, 16 de junho. Os padrinhos e madrinhas s\u00e3o os parlamentares em exerc\u00edcio de mandato. As normas para composi\u00e7\u00e3o da C\u00e2mara de Vereadores Juniores s\u00e3o definidas pela Resolu\u00e7\u00e3o N\u00ba 843\/2023, de autoria da Mesa Diretora, e que disp\u00f5e sobre a cria\u00e7\u00e3o do projeto Parlamento Jovem.<\/p>\n<p>A finalidade do programa \u00e9 possibilitar aos jovens a viv\u00eancia do Legislativo, participando de sess\u00f5es ordin\u00e1rias nas quais eles poder\u00e3o apresentar indica\u00e7\u00f5es e requerimentos que ser\u00e3o encaminhados ao Executivo para provid\u00eancias. E at\u00e9 mesmo, com o apoio dos padrinhos, apresentar projetos de lei que podem trazer uma melhoria ao munic\u00edpio.<\/p>\n<p>O sorteio foi organizado pela Escola Legislativa Paulo Freire e contou com a presen\u00e7a do vereador Jo\u00e3o Bano (SD); com transmiss\u00e3o pelos canais de comunica\u00e7\u00e3o do Legislativo. O v\u00eddeo est\u00e1 dispon\u00edvel na \u00edntegra para visualiza\u00e7\u00e3o no YouTube pelo link.<\/p>\n<p>Confira o resultado do sorteio:<\/p>\n<p>Abra\u00e3o Gustavo Silva dos Santos<\/p>\n<p>Col\u00e9gio Adventista<\/p>\n<p>Padrinho: vereador Marcelo Rossi (MDB)<\/p>\n<p>Ana Beatriz Gomes Pereira<\/p>\n<p>Col\u00e9gio Adventista<\/p>\n<p>Padrinho: vereador Elias Barbosa (PRTB)<\/p>\n<p>Anthony Fraceto da Silva<\/p>\n<p>E.E Prof\u00ba Ely de Almeida Campos<\/p>\n<p>Padrinho: vereador Nilton Santos (Republicanos)<\/p>\n<p>Antonella Dela Libera Carvalho<\/p>\n<p>Col\u00e9gio Portal Anglo<\/p>\n<p>Padrinho: vereador Costa Junior (Podemos)<\/p>\n<p>Daniel Oliveira Cazonatto<\/p>\n<p>SESI 442<\/p>\n<p>Padrinho: vereador Estev\u00e3o Nogueira (Avante)<\/p>\n<p>Davi Martins Leit\u00e3o<\/p>\n<p>Col\u00e9gio Din\u00e2mico de Limeira<\/p>\n<p>Madrinha: vereadora Tatiane Lopes (Avante)<\/p>\n<p>Eduarda Antunes Cavalcante<\/p>\n<p>E.E. Dom Id\u00edlio Jos\u00e9 Soares<\/p>\n<p>Madrinha: vereadora Lu Bogo (PL)<\/p>\n<p>Gabriel Henrique Favoreto<\/p>\n<p>E.E. Dom Id\u00edlio Jos\u00e9 Soares<\/p>\n<p>Padrinho: vereador Marco Xavier (PP)<\/p>\n<p>Igor \u00c9lcio Marques dos Santos<\/p>\n<p>E.E. Prof\u00aa Ruth Ramos Cappi<\/p>\n<p>Padrinho: vereador Helder do Taxi (PSD)<\/p>\n<p>Kaique Ribeiro Detz<\/p>\n<p>SESI 005<\/p>\n<p>Madrinha: vereadora Bruna Magalh\u00e3es (PRTB)<\/p>\n<p>Kessia dos Santos Salgado<\/p>\n<p>ETEC Trajano Camargo<\/p>\n<p>Madrinha: vereadora Joyce Dias (PSD)<\/p>\n<p>Laura Ramos Barbosa<\/p>\n<p>E.E. Irm\u00e3 Maria Gertrudes Rebello<\/p>\n<p>Padrinho: vereador Marcio do Estacionamento (DC)<\/p>\n<p>L\u00edvia de Souza Adriano<\/p>\n<p>SESI 408<\/p>\n<p>Padrinho: vereador Carlinhos do Grotta (PL)<\/p>\n<p>Lorena Galli Teixeira<\/p>\n<p>Col\u00e9gio Portal Anglo<\/p>\n<p>Madrinha: vereadora Mara Isa Mattos Silveira (PL)<\/p>\n<p>Luisa Andrade<\/p>\n<p>SESI 408<\/p>\n<p>Padrinho: vereador Jo\u00e3o Bano (Solidariedade)<\/p>\n<p>Luiz Felipe Perlingeiro Pinto<\/p>\n<p>Col\u00e9gio Aprovado<\/p>\n<p>Madrinha: vereadora Isabelly Carvalho (PT)<\/p>\n<p>Mateus Souza Silva<\/p>\n<p>SESI 005<\/p>\n<p>Padrinho: vereador Guilherme Guido (PL)<\/p>\n<p>Miguel Fonsaca Ruy<\/p>\n<p>ETEC Trajano Camargo<\/p>\n<p>Padrinho: vereador Everton Ferreira (PSD)<\/p>\n<p>Pedro Henrique de Sena<\/p>\n<p>Col\u00e9gio S\u00e3o Francisco<\/p>\n<p>Madrinha: vereador Mariana Calsa (PSB)<\/p>\n<p>Samuel Kenedy Ferreira da Silva<\/p>\n<p>E.E. Prof\u00aa Ruth Ramos Cappi<\/p>\n<p>Padrinho: vereador Felipe Penedo (PL)<\/p>\n<p>Vitor Sander Souza<\/p>\n<p>Col\u00e9gio Din\u00e2mico de Limeira<\/p>\n<p>Padrinho: vereador Z\u00e9 da Farm\u00e1cia (Solidariedade)<\/p>\n<hr>\n<p><em>Fonte: <a href=\"https:\/\/www.limeira.sp.leg.br\/noticias\/view\/2026-06-16_camara-realiza-sorteio-dos-padrinhos-dos-vereadores-juniores\" target=\"_blank\" rel=\"noopener\">C\u00e2mara Municipal de Limeira<\/a><\/em><\/p>\n","protected":false},"excerpt":{"rendered":"<p>C\u00e2mara realiza sorteio dos padrinhos dos vereadores juniores<\/p>\n<p>O sorteio que definiu os padrinhos dos vereadores juniores eleitos foi realizado na manh\u00e3 desta ter\u00e7a-feira, 16 de junho. Os padrinhos e madrinhas s\u00e3o os parlamentares em exerc\u00edcio de mandato. As normas para composi\u00e7\u00e3o da C\u00e2mara de Veread<\/p>\n","protected":false},"author":4,"featured_media":69303,"comment_status":"","ping_status":"open","sticky":false,"template":"","format":"standard","meta":{"_jetpack_newsletter_access":"","_jetpack_dont_email_post_to_subs":false,"_jetpack_newsletter_tier_id":0,"_jetpack_memberships_contains_paywalled_content":false,"_mbp_banners":[],"_jetpack_feature_clip_id":0,"_jetpack_memberships_contains_paid_content":false,"footnotes":"","jetpack_publicize_message":"","jetpack_publicize_feature_enabled":true,"jetpack_social_post_already_shared":true,"jetpack_social_options":{"image_generator_settings":{"template":"highway","default_image_id":0,"font":"","enabled":false},"version":2},"jetpack_post_was_ever_published":false},"categories":[19],"tags":[],"class_list":["post-69304","post","type-post","status-publish","format-standard","has-post-thumbnail","category-politica"],"jetpack_publicize_connections":[],"jetpack-related-posts":[],"jetpack_shortlink":"https:\/\/wp.me\/p7Eq1F-i1O","jetpack_sharing_enabled":true,"jetpack_featured_media_url":"https:\/\/i0.wp.com\/guialimeira.com.br\/news\/wp-content\/uploads\/2026\/06\/noticia-camara-60.jpg?fit=1280%2C640&ssl=1","_links":{"self":[{"href":"https:\/\/guialimeira.com.br\/news\/wp-json\/wp\/v2\/posts\/69304","targetHints":{"allow":["GET"]}}],"collection":[{"href":"https:\/\/guialimeira.com.br\/news\/wp-json\/wp\/v2\/posts"}],"about":[{"href":"https:\/\/guialimeira.com.br\/news\/wp-json\/wp\/v2\/types\/post"}],"author":[{"embeddable":true,"href":"https:\/\/guialimeira.com.br\/news\/wp-json\/wp\/v2\/users\/4"}],"replies":[{"embeddable":true,"href":"https:\/\/guialimeira.com.br\/news\/wp-json\/wp\/v2\/comments?post=69304"}],"version-history":[{"count":0,"href":"https:\/\/guialimeira.com.br\/news\/wp-json\/wp\/v2\/posts\/69304\/revisions"}],"wp:featuredmedia":[{"embeddable":true,"href":"https:\/\/guialimeira.com.br\/news\/wp-json\/wp\/v2\/media\/69303"}],"wp:attachment":[{"href":"https:\/\/guialimeira.com.br\/news\/wp-json\/wp\/v2\/media?parent=69304"}],"wp:term":[{"taxonomy":"category","embeddable":true,"href":"https:\/\/guialimeira.com.br\/news\/wp-json\/wp\/v2\/categories?post=69304"},{"taxonomy":"post_tag","embeddable":true,"href":"https:\/\/guialimeira.com.br\/news\/wp-json\/wp\/v2\/tags?post=69304"}],"curies":[{"name":"wp","href":"https:\/\/api.w.org\/{rel}","templated":true}]}}