{"id":69299,"date":"2026-06-17T09:21:22","date_gmt":"2026-06-17T12:21:22","guid":{"rendered":"https:\/\/guialimeira.com.br\/costa-junior-apresenta-projeto-que-amplia-a-seguranca-em-esportes-radicais-e-de-aventura-em-limeira\/"},"modified":"2026-06-17T09:21:22","modified_gmt":"2026-06-17T12:21:22","slug":"costa-junior-apresenta-projeto-que-amplia-a-seguranca-em-esportes-radicais-e-de-aventura-em-limeira","status":"publish","type":"post","link":"https:\/\/guialimeira.com.br\/news\/costa-junior-apresenta-projeto-que-amplia-a-seguranca-em-esportes-radicais-e-de-aventura-em-limeira\/","title":{"rendered":"Costa J\u00fanior apresenta projeto que amplia a seguran\u00e7a em esportes radicais e de aventura em Limeira"},"content":{"rendered":"<p>Costa J\u00fanior apresenta projeto que amplia a seguran\u00e7a em esportes radicais e de aventura em Limeira<\/p>\n<p>Com o objetivo de garantir mais seguran\u00e7a aos praticantes de esportes radicais e de aventura, o vereador Costa J\u00fanior (Podemos) protocolou nesta segunda-feira, 15 de junho, na C\u00e2mara Municipal, o Projeto de Lei N\u00b0 88\/2026 que estabelece requisitos m\u00ednimos para empresas, estabelecimentos e organizadores que promovam essas atividades no Munic\u00edpio.<\/p>\n<p>Segundo o parlamentar, a proposta determina que os respons\u00e1veis pelas atividades mantenham documenta\u00e7\u00e3o regular, comprovem a capacita\u00e7\u00e3o t\u00e9cnica de instrutores e monitores, apresentem treinamento em primeiros socorros, possuam plano b\u00e1sico de seguran\u00e7a e realizem inspe\u00e7\u00f5es peri\u00f3dicas dos equipamentos utilizados.<\/p>\n<p>O projeto tamb\u00e9m prev\u00ea que os participantes recebam orienta\u00e7\u00f5es pr\u00e9vias sobre os riscos inerentes \u00e0s atividades e, quando necess\u00e1rio, assinem termo de ci\u00eancia e responsabilidade. Al\u00e9m disso, estabelece penalidades para casos de descumprimento, que v\u00e3o desde advert\u00eancias at\u00e9 a suspens\u00e3o ou cassa\u00e7\u00e3o do alvar\u00e1 de funcionamento em situa\u00e7\u00f5es mais graves.<\/p>\n<p>Segundo Costa J\u00fanior, a iniciativa acompanha o crescimento das atividades de aventura e do turismo esportivo em Limeira, buscando assegurar que essas pr\u00e1ticas ocorram de forma respons\u00e1vel e segura para toda a popula\u00e7\u00e3o.<\/p>\n<p>&#8220;Os esportes radicais e de aventura t\u00eam conquistado cada vez mais adeptos e trazem benef\u00edcios para a sa\u00fade, o lazer e o turismo local. Nosso objetivo \u00e9 garantir que essas atividades sejam realizadas com profissionais capacitados, equipamentos adequados e protocolos m\u00ednimos de seguran\u00e7a, protegendo os participantes e suas fam\u00edlias&#8221;, destacou o vereador.<\/p>\n<p>Costa J\u00fanior ressaltou que a proposta refor\u00e7a o papel do Munic\u00edpio na fiscaliza\u00e7\u00e3o e na prote\u00e7\u00e3o dos consumidores, contribuindo para a redu\u00e7\u00e3o de acidentes e fortalecendo a imagem de Limeira como refer\u00eancia em atividades esportivas e tur\u00edsticas realizadas com responsabilidade.<\/p>\n<p>A propositura foi lida na sess\u00e3o ordin\u00e1ria e agora segue para aprecia\u00e7\u00e3o das comiss\u00f5es.<\/p>\n<p>Do Gabinete Parlamentar \u2013 Vereador Costa J\u00fanior (Podemos)<\/p>\n<p>*Fotos do Gabinete Parlamentar<\/p>\n<p>As mat\u00e9rias de origem dos Gabinetes Parlamentares s\u00e3o de inteira\u00a0 responsabilidade dos parlamentares e de suas assessorias. S\u00e3o devidamente assinadas e n\u00e3o refletem, necessariamente, a opini\u00e3o institucional da C\u00e2mara Municipal de Limeira.<\/p>\n<hr>\n<p><em>Fonte: <a href=\"https:\/\/www.limeira.sp.leg.br\/noticias\/view\/2026-06-16_costa-junior-apresenta-projeto-que-amplia-a-seguranca-em-esportes-radicais-e-de-aventura-em-limeira\" target=\"_blank\" rel=\"noopener\">C\u00e2mara Municipal de Limeira<\/a><\/em><\/p>\n","protected":false},"excerpt":{"rendered":"<p>Costa J\u00fanior apresenta projeto que amplia a seguran\u00e7a em esportes radicais e de aventura em Limeira<\/p>\n<p>Com o objetivo de garantir mais seguran\u00e7a aos praticantes de esportes radicais e de aventura, o vereador Costa J\u00fanior (Podemos) protocolou nesta segunda-feira, 15 de junho, na C\u00e2mara Municipal, o Pro<\/p>\n","protected":false},"author":4,"featured_media":69298,"comment_status":"","ping_status":"open","sticky":false,"template":"","format":"standard","meta":{"_jetpack_newsletter_access":"","_jetpack_dont_email_post_to_subs":false,"_jetpack_newsletter_tier_id":0,"_jetpack_memberships_contains_paywalled_content":false,"_mbp_banners":[],"_jetpack_feature_clip_id":0,"_jetpack_memberships_contains_paid_content":false,"footnotes":"","jetpack_publicize_message":"","jetpack_publicize_feature_enabled":true,"jetpack_social_post_already_shared":true,"jetpack_social_options":{"image_generator_settings":{"template":"highway","default_image_id":0,"font":"","enabled":false},"version":2},"jetpack_post_was_ever_published":false},"categories":[19],"tags":[],"class_list":["post-69299","post","type-post","status-publish","format-standard","has-post-thumbnail","category-politica"],"jetpack_publicize_connections":[],"jetpack-related-posts":[],"jetpack_shortlink":"https:\/\/wp.me\/p7Eq1F-i1J","jetpack_sharing_enabled":true,"jetpack_featured_media_url":"https:\/\/i0.wp.com\/guialimeira.com.br\/news\/wp-content\/uploads\/2026\/06\/noticia-camara-59.jpg?fit=1280%2C640&ssl=1","_links":{"self":[{"href":"https:\/\/guialimeira.com.br\/news\/wp-json\/wp\/v2\/posts\/69299","targetHints":{"allow":["GET"]}}],"collection":[{"href":"https:\/\/guialimeira.com.br\/news\/wp-json\/wp\/v2\/posts"}],"about":[{"href":"https:\/\/guialimeira.com.br\/news\/wp-json\/wp\/v2\/types\/post"}],"author":[{"embeddable":true,"href":"https:\/\/guialimeira.com.br\/news\/wp-json\/wp\/v2\/users\/4"}],"replies":[{"embeddable":true,"href":"https:\/\/guialimeira.com.br\/news\/wp-json\/wp\/v2\/comments?post=69299"}],"version-history":[{"count":0,"href":"https:\/\/guialimeira.com.br\/news\/wp-json\/wp\/v2\/posts\/69299\/revisions"}],"wp:featuredmedia":[{"embeddable":true,"href":"https:\/\/guialimeira.com.br\/news\/wp-json\/wp\/v2\/media\/69298"}],"wp:attachment":[{"href":"https:\/\/guialimeira.com.br\/news\/wp-json\/wp\/v2\/media?parent=69299"}],"wp:term":[{"taxonomy":"category","embeddable":true,"href":"https:\/\/guialimeira.com.br\/news\/wp-json\/wp\/v2\/categories?post=69299"},{"taxonomy":"post_tag","embeddable":true,"href":"https:\/\/guialimeira.com.br\/news\/wp-json\/wp\/v2\/tags?post=69299"}],"curies":[{"name":"wp","href":"https:\/\/api.w.org\/{rel}","templated":true}]}}