{"id":69297,"date":"2026-06-17T09:16:24","date_gmt":"2026-06-17T12:16:24","guid":{"rendered":"https:\/\/guialimeira.com.br\/comissao-de-constituicao-justica-e-redacao-analisa-17-projetos-em-reuniao\/"},"modified":"2026-06-17T09:16:24","modified_gmt":"2026-06-17T12:16:24","slug":"comissao-de-constituicao-justica-e-redacao-analisa-17-projetos-em-reuniao","status":"publish","type":"post","link":"https:\/\/guialimeira.com.br\/news\/comissao-de-constituicao-justica-e-redacao-analisa-17-projetos-em-reuniao\/","title":{"rendered":"Comiss\u00e3o de Constitui\u00e7\u00e3o, Justi\u00e7a e Reda\u00e7\u00e3o analisa 17 projetos em reuni\u00e3o"},"content":{"rendered":"<p>Comiss\u00e3o de Constitui\u00e7\u00e3o, Justi\u00e7a e Reda\u00e7\u00e3o analisa 17 projetos em reuni\u00e3o<\/p>\n<p>Durante a reuni\u00e3o desta ter\u00e7a-feira, 16 de junho, a Comiss\u00e3o de Constitui\u00e7\u00e3o, Justi\u00e7a e Reda\u00e7\u00e3o (CCJR) da C\u00e2mara analisou 17 projetos. Cinco receberam pareceres favor\u00e1veis e os demais permanecem em estudo ou foram encaminhados \u00e0 Procuradoria Legislativa, conforme registro em ata.<\/p>\n<p>A CCJR analisa os aspectos constitucional, legal, regimental, gramatical e l\u00f3gico de todas as proposi\u00e7\u00f5es que tramitam na C\u00e2mara. Fazem parte da Comiss\u00e3o as vereadoras Mara Isa Mattos Silveira (PL), presidente; Mariana Calsa (PSB), vice-presidente; e Joyce Dias (PSD), secret\u00e1ria.<\/p>\n<p>Confira as proposituras com pareceres favor\u00e1veis:<\/p>\n<p>Projeto de Lei N\u00ba 81\/2026, de autoria da vereadora Mariana Calsa (PSB), perpetua o nome de Creginaldo Antonio Villela dos Reis na \u00c1rea Verde 1, localizada na avenida Jaime Cheque, no Distrito Industrial Prefeito Sebasti\u00e3o Fumagalli.<\/p>\n<p>Projeto de Resolu\u00e7\u00e3o N\u00ba 12\/2026, de autoria da vereadora Mara Isa Mattos Silveira (PL), institui, no \u00e2mbito da C\u00e2mara Municipal de Limeira, o Diploma \u201cMyrian Arcaro de Ara\u00fajo \u2013 Legado e Exemplo\u201d, destinado ao reconhecimento de pessoas que se destacaram pela trajet\u00f3ria profissional, atua\u00e7\u00e3o social ou trabalho volunt\u00e1rio, em benef\u00edcio da inclus\u00e3o e da promo\u00e7\u00e3o dos direitos das pessoas com defici\u00eancia.<\/p>\n<p>Projeto de Lei N\u00ba 74\/2026, de autoria do vereador Felipe Penedo (PL), institui a tipologia urban\u00edstica especial denominada Vila Residencial S\u00eanior em Limeira e estabelece diretrizes urban\u00edsticas espec\u00edficas.<\/p>\n<p>Projeto de Lei N\u00ba 76\/2026, de autoria do vereador Costa J\u00fanior (Podemos), disp\u00f5e sobre diretrizes para o recebimento, an\u00e1lise e encaminhamento de registros audiovisuais como instrumentos auxiliares de den\u00fancias relacionadas \u00e0 perturba\u00e7\u00e3o do sossego, excesso de ru\u00eddos, aglomera\u00e7\u00f5es sonoras irregulares, conhecidas popularmente como \u201cpancad\u00f5es\u201d, \u201ctchays\u201d e situa\u00e7\u00f5es similares em Limeira.<\/p>\n<p>Projeto de Lei N\u00ba 77\/2026, de autoria do vereador M\u00e1rcio do Estacionamento (DC), disp\u00f5e sobre a utiliza\u00e7\u00e3o do Horto Florestal do Munic\u00edpio de Limeira para a realiza\u00e7\u00e3o de atividades de camping.<\/p>\n<hr>\n<p><em>Fonte: <a href=\"https:\/\/www.limeira.sp.leg.br\/noticias\/view\/2026-06-16_comissao-de-constituicao-justica-e-redacao-analisa-17-projetos-em-reuniao\" target=\"_blank\" rel=\"noopener\">C\u00e2mara Municipal de Limeira<\/a><\/em><\/p>\n","protected":false},"excerpt":{"rendered":"<p>Comiss\u00e3o de Constitui\u00e7\u00e3o, Justi\u00e7a e Reda\u00e7\u00e3o analisa 17 projetos em reuni\u00e3o<\/p>\n<p>Durante a reuni\u00e3o desta ter\u00e7a-feira, 16 de junho, a Comiss\u00e3o de Constitui\u00e7\u00e3o, Justi\u00e7a e Reda\u00e7\u00e3o (CCJR) da C\u00e2mara analisou 17 projetos. Cinco receberam pareceres favor\u00e1veis e os demais permanecem em estudo ou foram encaminhad<\/p>\n","protected":false},"author":4,"featured_media":69296,"comment_status":"","ping_status":"open","sticky":false,"template":"","format":"standard","meta":{"_jetpack_newsletter_access":"","_jetpack_dont_email_post_to_subs":false,"_jetpack_newsletter_tier_id":0,"_jetpack_memberships_contains_paywalled_content":false,"_mbp_banners":[],"_jetpack_feature_clip_id":0,"_jetpack_memberships_contains_paid_content":false,"footnotes":"","jetpack_publicize_message":"","jetpack_publicize_feature_enabled":true,"jetpack_social_post_already_shared":true,"jetpack_social_options":{"image_generator_settings":{"template":"highway","default_image_id":0,"font":"","enabled":false},"version":2},"jetpack_post_was_ever_published":false},"categories":[19],"tags":[],"class_list":["post-69297","post","type-post","status-publish","format-standard","has-post-thumbnail","category-politica"],"jetpack_publicize_connections":[],"jetpack-related-posts":[],"jetpack_shortlink":"https:\/\/wp.me\/p7Eq1F-i1H","jetpack_sharing_enabled":true,"jetpack_featured_media_url":"https:\/\/i0.wp.com\/guialimeira.com.br\/news\/wp-content\/uploads\/2026\/06\/noticia-camara-58.jpg?fit=1280%2C640&ssl=1","_links":{"self":[{"href":"https:\/\/guialimeira.com.br\/news\/wp-json\/wp\/v2\/posts\/69297","targetHints":{"allow":["GET"]}}],"collection":[{"href":"https:\/\/guialimeira.com.br\/news\/wp-json\/wp\/v2\/posts"}],"about":[{"href":"https:\/\/guialimeira.com.br\/news\/wp-json\/wp\/v2\/types\/post"}],"author":[{"embeddable":true,"href":"https:\/\/guialimeira.com.br\/news\/wp-json\/wp\/v2\/users\/4"}],"replies":[{"embeddable":true,"href":"https:\/\/guialimeira.com.br\/news\/wp-json\/wp\/v2\/comments?post=69297"}],"version-history":[{"count":0,"href":"https:\/\/guialimeira.com.br\/news\/wp-json\/wp\/v2\/posts\/69297\/revisions"}],"wp:featuredmedia":[{"embeddable":true,"href":"https:\/\/guialimeira.com.br\/news\/wp-json\/wp\/v2\/media\/69296"}],"wp:attachment":[{"href":"https:\/\/guialimeira.com.br\/news\/wp-json\/wp\/v2\/media?parent=69297"}],"wp:term":[{"taxonomy":"category","embeddable":true,"href":"https:\/\/guialimeira.com.br\/news\/wp-json\/wp\/v2\/categories?post=69297"},{"taxonomy":"post_tag","embeddable":true,"href":"https:\/\/guialimeira.com.br\/news\/wp-json\/wp\/v2\/tags?post=69297"}],"curies":[{"name":"wp","href":"https:\/\/api.w.org\/{rel}","templated":true}]}}