{"id":69295,"date":"2026-06-17T09:11:22","date_gmt":"2026-06-17T12:11:22","guid":{"rendered":"https:\/\/guialimeira.com.br\/construcao-da-passarela-dos-lopes-ainda-nao-comecou-prazo-informado-pela-artesp-era-15-de-junho\/"},"modified":"2026-06-17T09:11:22","modified_gmt":"2026-06-17T12:11:22","slug":"construcao-da-passarela-dos-lopes-ainda-nao-comecou-prazo-informado-pela-artesp-era-15-de-junho","status":"publish","type":"post","link":"https:\/\/guialimeira.com.br\/news\/construcao-da-passarela-dos-lopes-ainda-nao-comecou-prazo-informado-pela-artesp-era-15-de-junho\/","title":{"rendered":"Constru\u00e7\u00e3o da passarela dos Lopes ainda n\u00e3o come\u00e7ou; prazo informado pela Artesp era 15 de junho"},"content":{"rendered":"<p>Constru\u00e7\u00e3o da passarela dos Lopes ainda n\u00e3o come\u00e7ou; prazo informado pela Artesp era 15 de junho<\/p>\n<p>Apesar da Ag\u00eancia de Transporte do Estado de S\u00e3o Paulo (Artesp) ter informado aos vereadores da Comiss\u00e3o de Obras da C\u00e2mara que a passarela dos Lopes come\u00e7aria a ser constru\u00edda a partir de junho, nenhuma obra foi iniciada ainda. A constata\u00e7\u00e3o foi feita pelo colegiado em fiscaliza\u00e7\u00e3o realizada no local nesta ter\u00e7a-feira, 16 de junho.<\/p>\n<p>Os membros da Comiss\u00e3o, vereadores Helder do T\u00e1xi (PSD), presidente; M\u00e1rcio do Estacionamento (DC), vice-presidente; e Jo\u00e3o Antunes Bano (Solidariedade), secret\u00e1rio, e a moradora Marlene Regina Crepaldi estiveram na altura do km 134+500 metros da rodovia Anhanguera (SP-330), local em que ser\u00e1 constru\u00edda a passarela pela Concession\u00e1ria AutoBan, para conferir o in\u00edcio das obras previsto para essa segunda-feira, 15 de junho.<\/p>\n<p>Durante a vistoria n\u00e3o havia nenhum funcion\u00e1rio no local, apenas estacas brancas marcando o solo, que podem ou n\u00e3o estar indicando o local onde o equipamento ser\u00e1 constru\u00eddo. Sem ter como confirmar a informa\u00e7\u00e3o, os vereadores pretendem questionar novamente o \u00f3rg\u00e3o sobre o prazo.<\/p>\n<p>A data de in\u00edcio das obras foi anunciada pelo superintendente da Artesp, Rodrigo Hirata, em uma reuni\u00e3o com a Comiss\u00e3o realizada na sede do \u00f3rg\u00e3o na cidade de S\u00e3o Paulo no dia 5 de maio.<\/p>\n<p>O in\u00edcio da constru\u00e7\u00e3o j\u00e1 foi adiado anteriormente. Em 10 de outubro de 2025, tamb\u00e9m em reuni\u00e3o realizada na Artesp, foi informado aos membros da Comiss\u00e3o que as obras come\u00e7ariam at\u00e9 o final do ano e que a conclus\u00e3o estaria prevista para abril, o que n\u00e3o aconteceu.<\/p>\n<p>Representantes das secretarias municipais de Obras e de Mobilidade Urbana foram convidados para acompanhar a dilig\u00eancia, mas n\u00e3o compareceram. O presidente da Comiss\u00e3o lamentou a falta. \u201cA aus\u00eancia das secretarias prejudicou a dilig\u00eancia, porque os moradores e n\u00f3s, vereadores, entendemos que j\u00e1 teve mais de 30 acidentes, mais de 20 mortes, por isso deveria ter mais aten\u00e7\u00e3o\u201d, afirmou.<\/p>\n<p>Al\u00e7as de acesso<\/p>\n<p>Os vereadores vistoriaram tamb\u00e9m a al\u00e7a de acesso \u00e0 rodovia Anhanguera, pr\u00f3xima ao Limeira Shopping, para conferir como est\u00e3o as obras de pavimenta\u00e7\u00e3o. Eles verificaram que o recapeamento foi feito, apesar de ter restado uma falha no asfalto. Estiveram tamb\u00e9m na al\u00e7a de acesso na altura do Residencial Olga Veroni, por\u00e9m nesse local nada foi feito.<\/p>\n<p>Segundo o presidente da Comiss\u00e3o, essas obras deveriam ser realizadas para atender a uma liminar exarada em maio de 2026, na qual a Justi\u00e7a determinou o in\u00edcio das obras\u00a0 em at\u00e9 15 dias, como forma de resolver um impasse originado de um processo judicial iniciado em 2020.<\/p>\n<p>A Comiss\u00e3o de Obras e Planejamento Urbano \u00e9 respons\u00e1vel por temas como servi\u00e7os p\u00fablicos, uso, ocupa\u00e7\u00e3o e parcelamento do solo, e \u00e9 formada pelos vereadores Helder do T\u00e1xi (PSD), presidente; M\u00e1rcio do Estacionamento (DC), vice-presidente; e Jo\u00e3o Antunes Bano (Solidariedade), secret\u00e1rio.<\/p>\n<hr>\n<p><em>Fonte: <a href=\"https:\/\/www.limeira.sp.leg.br\/noticias\/view\/2026-06-16_construcao-da-passarela-dos-lopes-ainda-nao-comecou-prazo-informado-pela-artesp-era-15-de-junho\" target=\"_blank\" rel=\"noopener\">C\u00e2mara Municipal de Limeira<\/a><\/em><\/p>\n","protected":false},"excerpt":{"rendered":"<p>Constru\u00e7\u00e3o da passarela dos Lopes ainda n\u00e3o come\u00e7ou; prazo informado pela Artesp era 15 de junho<\/p>\n<p>Apesar da Ag\u00eancia de Transporte do Estado de S\u00e3o Paulo (Artesp) ter informado aos vereadores da Comiss\u00e3o de Obras da C\u00e2mara que a passarela dos Lopes come\u00e7aria a ser constru\u00edda a partir de junho, nenhum<\/p>\n","protected":false},"author":4,"featured_media":69294,"comment_status":"","ping_status":"open","sticky":false,"template":"","format":"standard","meta":{"_jetpack_newsletter_access":"","_jetpack_dont_email_post_to_subs":false,"_jetpack_newsletter_tier_id":0,"_jetpack_memberships_contains_paywalled_content":false,"_mbp_banners":[],"_jetpack_feature_clip_id":0,"_jetpack_memberships_contains_paid_content":false,"footnotes":"","jetpack_publicize_message":"","jetpack_publicize_feature_enabled":true,"jetpack_social_post_already_shared":true,"jetpack_social_options":{"image_generator_settings":{"template":"highway","default_image_id":0,"font":"","enabled":false},"version":2},"jetpack_post_was_ever_published":false},"categories":[19],"tags":[],"class_list":["post-69295","post","type-post","status-publish","format-standard","has-post-thumbnail","category-politica"],"jetpack_publicize_connections":[],"jetpack-related-posts":[],"jetpack_shortlink":"https:\/\/wp.me\/p7Eq1F-i1F","jetpack_sharing_enabled":true,"jetpack_featured_media_url":"https:\/\/i0.wp.com\/guialimeira.com.br\/news\/wp-content\/uploads\/2026\/06\/noticia-camara-57.jpg?fit=1280%2C640&ssl=1","_links":{"self":[{"href":"https:\/\/guialimeira.com.br\/news\/wp-json\/wp\/v2\/posts\/69295","targetHints":{"allow":["GET"]}}],"collection":[{"href":"https:\/\/guialimeira.com.br\/news\/wp-json\/wp\/v2\/posts"}],"about":[{"href":"https:\/\/guialimeira.com.br\/news\/wp-json\/wp\/v2\/types\/post"}],"author":[{"embeddable":true,"href":"https:\/\/guialimeira.com.br\/news\/wp-json\/wp\/v2\/users\/4"}],"replies":[{"embeddable":true,"href":"https:\/\/guialimeira.com.br\/news\/wp-json\/wp\/v2\/comments?post=69295"}],"version-history":[{"count":0,"href":"https:\/\/guialimeira.com.br\/news\/wp-json\/wp\/v2\/posts\/69295\/revisions"}],"wp:featuredmedia":[{"embeddable":true,"href":"https:\/\/guialimeira.com.br\/news\/wp-json\/wp\/v2\/media\/69294"}],"wp:attachment":[{"href":"https:\/\/guialimeira.com.br\/news\/wp-json\/wp\/v2\/media?parent=69295"}],"wp:term":[{"taxonomy":"category","embeddable":true,"href":"https:\/\/guialimeira.com.br\/news\/wp-json\/wp\/v2\/categories?post=69295"},{"taxonomy":"post_tag","embeddable":true,"href":"https:\/\/guialimeira.com.br\/news\/wp-json\/wp\/v2\/tags?post=69295"}],"curies":[{"name":"wp","href":"https:\/\/api.w.org\/{rel}","templated":true}]}}