{"id":69293,"date":"2026-06-17T09:06:27","date_gmt":"2026-06-17T12:06:27","guid":{"rendered":"https:\/\/guialimeira.com.br\/tatiane-lopes-solicita-informacoes-sobre-execucao-de-emendas-impositivas-destinadas-a-saude-protecao-animal-e-cultura\/"},"modified":"2026-06-17T09:06:27","modified_gmt":"2026-06-17T12:06:27","slug":"tatiane-lopes-solicita-informacoes-sobre-execucao-de-emendas-impositivas-destinadas-a-saude-protecao-animal-e-cultura","status":"publish","type":"post","link":"https:\/\/guialimeira.com.br\/news\/tatiane-lopes-solicita-informacoes-sobre-execucao-de-emendas-impositivas-destinadas-a-saude-protecao-animal-e-cultura\/","title":{"rendered":"Tatiane Lopes solicita informa\u00e7\u00f5es sobre execu\u00e7\u00e3o de emendas impositivas destinadas \u00e0 sa\u00fade, prote\u00e7\u00e3o animal e cultura"},"content":{"rendered":"<p>Tatiane Lopes solicita informa\u00e7\u00f5es sobre execu\u00e7\u00e3o de emendas impositivas destinadas \u00e0 sa\u00fade, prote\u00e7\u00e3o animal e cultura<\/p>\n<p>Com o objetivo de refor\u00e7ar a transpar\u00eancia na aplica\u00e7\u00e3o dos recursos p\u00fablicos e acompanhar a execu\u00e7\u00e3o das emendas impositivas ao or\u00e7amento de 2026 aprovadas pela C\u00e2mara Municipal, a vereadora Tatiane Lopes (Avante) protocolou no dia 10 de junho tr\u00eas requerimentos (N\u00b0 501\/2026, N\u00b0502\/2026 e N\u00b0 503\/2026), solicitando informa\u00e7\u00f5es detalhadas \u00e0 Prefeitura sobre a utiliza\u00e7\u00e3o de recursos destinados \u00e0s \u00e1reas da sa\u00fade, prote\u00e7\u00e3o animal e cultura.<\/p>\n<p>Os documentos questionam o andamento das emendas, os valores j\u00e1 utilizados, os saldos dispon\u00edveis, a localiza\u00e7\u00e3o dos recursos ainda n\u00e3o executados, al\u00e9m dos cronogramas previstos para a conclus\u00e3o dos projetos contemplados.<\/p>\n<p>Na \u00e1rea da sa\u00fade, o requerimento solicita esclarecimentos sobre a execu\u00e7\u00e3o das Emendas Impositivas (N\u00ba 376\/2026 e N\u00ba 382\/2026), destinadas ao Centro de Especializa\u00e7\u00e3o Municipal do Autista (Cema) e a Unidade de Pronto Atendimento (UPA), respectivamente. A vereadora busca informa\u00e7\u00f5es sobre investimentos realizados, valores empenhados e pagos, al\u00e9m de eventuais obst\u00e1culos que estejam impedindo a utiliza\u00e7\u00e3o integral dos recursos.<\/p>\n<p>J\u00e1 na \u00e1rea de prote\u00e7\u00e3o animal, o requerimento abrange as Emendas (N\u00ba 375\/2026, N\u00b0 379\/2026, N\u00b0 380\/2026, N\u00b0 381\/2026 e N\u00b0 383\/2026), destinadas \u00e0 aquisi\u00e7\u00e3o de ve\u00edculo para atendimento das demandas da pasta, compra de equipamentos de captura de animais, implanta\u00e7\u00e3o de um parque pet, custeio de resgates emergenciais e melhorias no Zool\u00f3gico Municipal. Segundo Tatiane Lopes, o objetivo \u00e9 verificar o est\u00e1gio de execu\u00e7\u00e3o de cada projeto e garantir que os recursos aprovados estejam sendo efetivamente aplicados em benef\u00edcio da causa animal.<\/p>\n<p>O terceiro requerimento \u00e9 direcionado \u00e0 Secretaria de Cultura e trata da Emenda N\u00ba 377\/2026, destinada \u00e0 adequa\u00e7\u00e3o de um espa\u00e7o no Museu Municipal para a implanta\u00e7\u00e3o de um acervo voltado \u00e0 hist\u00f3ria e \u00e0 mem\u00f3ria da causa animal em Limeira. A parlamentar ressaltou que a iniciativa busca preservar o trabalho desenvolvido ao longo dos anos por protetores, entidades e volunt\u00e1rios que atuam na defesa dos animais no Munic\u00edpio.<\/p>\n<p>Segundo Tatiane Lopes, a fiscaliza\u00e7\u00e3o da execu\u00e7\u00e3o das emendas \u00e9 uma das fun\u00e7\u00f5es essenciais do mandato parlamentar. &#8220;A popula\u00e7\u00e3o precisa saber como os recursos p\u00fablicos est\u00e3o sendo aplicados. Essas emendas foram destinadas para projetos importantes nas \u00e1reas da sa\u00fade, prote\u00e7\u00e3o animal e cultura, e \u00e9 nosso dever acompanhar sua execu\u00e7\u00e3o para garantir que os benef\u00edcios cheguem efetivamente \u00e0 popula\u00e7\u00e3o e aos animais que dependem desses servi\u00e7os&#8221;, destacou.<\/p>\n<p>Os requerimentos aguardam leitura em Plen\u00e1rio e ser\u00e3o encaminhados ao Poder Executivo para presta\u00e7\u00e3o das informa\u00e7\u00f5es solicitadas.<\/p>\n<p>Do Gabinete Parlamentar \u2013 Vereadora Tatiane Lopes (Avante)<\/p>\n<p>*Fotos do Gabinete Parlamentar<\/p>\n<p>As mat\u00e9rias de origem dos Gabinetes Parlamentares s\u00e3o de inteira\u00a0 responsabilidade dos parlamentares e de suas assessorias. S\u00e3o devidamente assinadas e n\u00e3o refletem, necessariamente, a opini\u00e3o institucional da C\u00e2mara Municipal de Limeira.<\/p>\n<hr>\n<p><em>Fonte: <a href=\"https:\/\/www.limeira.sp.leg.br\/noticias\/view\/2026-06-17_tatiane-lopes-solicita-informacoes-sobre-execucao-de-emendas-impositivas-destinadas-a-saude-protecao-animal-e-cultura\" target=\"_blank\" rel=\"noopener\">C\u00e2mara Municipal de Limeira<\/a><\/em><\/p>\n","protected":false},"excerpt":{"rendered":"<p>Tatiane Lopes solicita informa\u00e7\u00f5es sobre execu\u00e7\u00e3o de emendas impositivas destinadas \u00e0 sa\u00fade, prote\u00e7\u00e3o animal e cultura<\/p>\n<p>Com o objetivo de refor\u00e7ar a transpar\u00eancia na aplica\u00e7\u00e3o dos recursos p\u00fablicos e acompanhar a execu\u00e7\u00e3o das emendas impositivas ao or\u00e7amento de 2026 aprovadas pela C\u00e2mara Municipal, <\/p>\n","protected":false},"author":4,"featured_media":69292,"comment_status":"","ping_status":"open","sticky":false,"template":"","format":"standard","meta":{"_jetpack_newsletter_access":"","_jetpack_dont_email_post_to_subs":false,"_jetpack_newsletter_tier_id":0,"_jetpack_memberships_contains_paywalled_content":false,"_mbp_banners":[],"_jetpack_feature_clip_id":0,"_jetpack_memberships_contains_paid_content":false,"footnotes":"","jetpack_publicize_message":"","jetpack_publicize_feature_enabled":true,"jetpack_social_post_already_shared":true,"jetpack_social_options":{"image_generator_settings":{"template":"highway","default_image_id":0,"font":"","enabled":false},"version":2},"jetpack_post_was_ever_published":false},"categories":[19],"tags":[],"class_list":["post-69293","post","type-post","status-publish","format-standard","has-post-thumbnail","category-politica"],"jetpack_publicize_connections":[],"jetpack-related-posts":[],"jetpack_shortlink":"https:\/\/wp.me\/p7Eq1F-i1D","jetpack_sharing_enabled":true,"jetpack_featured_media_url":"https:\/\/i0.wp.com\/guialimeira.com.br\/news\/wp-content\/uploads\/2026\/06\/noticia-camara-56.jpg?fit=1280%2C640&ssl=1","_links":{"self":[{"href":"https:\/\/guialimeira.com.br\/news\/wp-json\/wp\/v2\/posts\/69293","targetHints":{"allow":["GET"]}}],"collection":[{"href":"https:\/\/guialimeira.com.br\/news\/wp-json\/wp\/v2\/posts"}],"about":[{"href":"https:\/\/guialimeira.com.br\/news\/wp-json\/wp\/v2\/types\/post"}],"author":[{"embeddable":true,"href":"https:\/\/guialimeira.com.br\/news\/wp-json\/wp\/v2\/users\/4"}],"replies":[{"embeddable":true,"href":"https:\/\/guialimeira.com.br\/news\/wp-json\/wp\/v2\/comments?post=69293"}],"version-history":[{"count":0,"href":"https:\/\/guialimeira.com.br\/news\/wp-json\/wp\/v2\/posts\/69293\/revisions"}],"wp:featuredmedia":[{"embeddable":true,"href":"https:\/\/guialimeira.com.br\/news\/wp-json\/wp\/v2\/media\/69292"}],"wp:attachment":[{"href":"https:\/\/guialimeira.com.br\/news\/wp-json\/wp\/v2\/media?parent=69293"}],"wp:term":[{"taxonomy":"category","embeddable":true,"href":"https:\/\/guialimeira.com.br\/news\/wp-json\/wp\/v2\/categories?post=69293"},{"taxonomy":"post_tag","embeddable":true,"href":"https:\/\/guialimeira.com.br\/news\/wp-json\/wp\/v2\/tags?post=69293"}],"curies":[{"name":"wp","href":"https:\/\/api.w.org\/{rel}","templated":true}]}}