{"id":69290,"date":"2026-06-17T09:02:06","date_gmt":"2026-06-17T12:02:06","guid":{"rendered":"https:\/\/guialimeira.com.br\/sp-pod-comandante-da-pm-destaca-queda-da-criminalidade-e-expansao-da-rede-de-protecao-as-mulheres\/"},"modified":"2026-06-17T09:02:06","modified_gmt":"2026-06-17T12:02:06","slug":"sp-pod-comandante-da-pm-destaca-queda-da-criminalidade-e-expansao-da-rede-de-protecao-as-mulheres","status":"publish","type":"post","link":"https:\/\/guialimeira.com.br\/news\/sp-pod-comandante-da-pm-destaca-queda-da-criminalidade-e-expansao-da-rede-de-protecao-as-mulheres\/","title":{"rendered":"SP POD: comandante da PM destaca queda da criminalidade e expans\u00e3o da rede de prote\u00e7\u00e3o \u00e0s mulheres"},"content":{"rendered":"<p> <br \/>\n<br \/><img data-recalc-dims=\"1\" decoding=\"async\" src=\"https:\/\/i0.wp.com\/www.agenciasp.sp.gov.br\/wp-content\/uploads\/2026\/06\/IMG_7700-scaled.jpg?w=696&#038;ssl=1\" \/><\/p>\n<div>\n<p class=\"wp-block-paragraph\">A primeira mulher a assumir o comando da Pol\u00edcia Militar do Estado de S\u00e3o Paulo em quase 200 anos de hist\u00f3ria da corpora\u00e7\u00e3o, a coronel Glauce Anselmo Cavalli, afirma que sua nomea\u00e7\u00e3o representa um marco n\u00e3o apenas para a institui\u00e7\u00e3o, mas para toda a sociedade. Em entrevista ao SP POD, videocast da Ag\u00eancia SP, <a href=\"https:\/\/www.agenciasp.sp.gov.br\/coronel-glauce-toma-posse-como-primeira-mulher-no-comando-da-policia-militar-de-sp-em-200-anos-de-historia\/\" rel=\"noopener\">a comandante-geral destacou que a conquista \u00e9 resultado de uma trajet\u00f3ria constru\u00edda por gera\u00e7\u00f5es de policiais militares e refor\u00e7ou o compromisso de ampliar os avan\u00e7os da seguran\u00e7a p\u00fablica no estado.<\/a><\/p>\n<p class=\"wp-block-paragraph\">\u201c\u00c9 um avan\u00e7o institucional, certamente, mas tamb\u00e9m um avan\u00e7o de toda a sociedade. Me sinto muito honrada, mas junto com essa satisfa\u00e7\u00e3o vem um sentimento de responsabilidade. Represento uma caminhada de muitos profissionais, homens e mulheres. As mulheres ingressaram na Pol\u00edcia Militar em 1955 e completamos recentemente 71 anos dessa trajet\u00f3ria de dedica\u00e7\u00e3o, m\u00e9rito e compromisso. \u00c9 um ponto de chegada, mas tamb\u00e9m um ponto de partida nesse avan\u00e7o\u201d, afirmou a comandante.<\/p>\n<p class=\"wp-block-paragraph\"><a href=\"https:\/\/www.agenciasp.sp.gov.br\/conheca-a-mulher-que-vai-comandar-a-pm-de-sao-paulo-pela-primeira-vez-em-quase-200-anos\/\" rel=\"noopener\">Com 33 anos de carreira na corpora\u00e7\u00e3o<\/a>, Glauce relembrou que ingressou na Academia de Pol\u00edcia Militar do Barro Branco ainda no fim da adolesc\u00eancia, motivada pela possibilidade de seguir uma carreira at\u00e9 ent\u00e3o predominantemente masculina. Segundo ela, assumir o posto mais alto da institui\u00e7\u00e3o foi uma surpresa, mas tamb\u00e9m a oportunidade de colocar em pr\u00e1tica toda a experi\u00eancia acumulada ao longo da trajet\u00f3ria profissional.<\/p>\n<p class=\"wp-block-paragraph\"><strong>LEIA TAMB\u00c9M:<a href=\"https:\/\/www.agenciasp.sp.gov.br\/5-frases-da-primeira-comandante-da-pm-de-sp-na-cerimonia-historica-de-posse\/\" rel=\"noopener\"> 5 falas da primeira comandante da PM de SP na cerim\u00f4nia hist\u00f3rica de posse<\/a><\/strong><\/p>\n<p class=\"wp-block-paragraph\">Ao comentar o impacto de sua nomea\u00e7\u00e3o, a coronel ressaltou a import\u00e2ncia da representatividade feminina nos espa\u00e7os de lideran\u00e7a. \u201cExemplos arrastam. Acredito que esse avan\u00e7o possa impulsionar n\u00e3o apenas a presen\u00e7a de mulheres \u00e0 frente das institui\u00e7\u00f5es policiais, mas em todos os espa\u00e7os de lideran\u00e7a. Sempre com dedica\u00e7\u00e3o, m\u00e9rito e compet\u00eancia, que \u00e9 o principal legado que queremos deixar\u201d, disse.<\/p>\n<p class=\"wp-block-paragraph\">Sobre os desafios \u00e0 frente da maior pol\u00edcia militar do pa\u00eds, a comandante apontou a manuten\u00e7\u00e3o da queda dos \u00edndices criminais como uma das principais prioridades do comando. \u201cTemos muita clareza de que os resultados v\u00eam da combina\u00e7\u00e3o de esfor\u00e7os e medidas. Quanto maior a integra\u00e7\u00e3o entre as for\u00e7as policiais, os \u00f3rg\u00e3os de seguran\u00e7a e os entes federativos, maior \u00e9 a nossa for\u00e7a. Com tecnologia, intelig\u00eancia e estrat\u00e9gia, seguimos fortalecendo o combate \u00e0 criminalidade e garantindo mais seguran\u00e7a para a popula\u00e7\u00e3o paulista\u201d, destacou.<\/p>\n<h3 class=\"wp-block-heading\"><strong>Refor\u00e7o no efetivo policial\u00a0<\/strong><\/h3>\n<p class=\"wp-block-paragraph\">Durante a entrevista, a comandante tamb\u00e9m destacou os investimentos realizados pelo Governo de S\u00e3o Paulo para refor\u00e7ar o efetivo policial, ampliar o uso de tecnologia e fortalecer a integra\u00e7\u00e3o entre as for\u00e7as de seguran\u00e7a. Entre as iniciativas citadas est\u00e3o a forma\u00e7\u00e3o de novos soldados e a abertura de concursos p\u00fablicos. Com a \u00faltima formatura, realizada na ter\u00e7a-feira (9), o estado ultrapassou a marca de 16,2 mil policiais formados desde o in\u00edcio de 2023. Deste total, s\u00e3o 11,1 mil policiais militares, 4,6 mil policiais civis e 532 policiais t\u00e9cnico-cient\u00edficos.<\/p>\n<p class=\"wp-block-paragraph\">Tamb\u00e9m h\u00e1 outros 2,2 mil policiais em forma\u00e7\u00e3o \u2014 quase 1,2 mil PMs e 474 delegados \u2014, al\u00e9m de 5,7 mil vagas em concursos em andamento e outras 2,4 mil autorizadas.<\/p>\n<p class=\"wp-block-paragraph\">No \u00faltimo dia 3, o Governo de S\u00e3o Paulo publicou o edital do concurso para a contrata\u00e7\u00e3o de mais 2 mil soldados da PM. As inscri\u00e7\u00f5es poder\u00e3o ser feitas entre 15 de junho e 21 de agosto, por meio da Funda\u00e7\u00e3o Vunesp. H\u00e1 ainda 200 vagas para alunos-oficiais da Pol\u00edcia Militar. As inscri\u00e7\u00f5es seguem abertas at\u00e9 15 de julho.<\/p>\n<h3 class=\"wp-block-heading\"><strong>Combate \u00e0 viol\u00eancia contra as mulheres<\/strong><\/h3>\n<p class=\"wp-block-paragraph\">A comandante tamb\u00e9m enfatizou as a\u00e7\u00f5es voltadas ao enfrentamento da viol\u00eancia contra a mulher, como a amplia\u00e7\u00e3o das Cabines Lil\u00e1s, a cria\u00e7\u00e3o dos Espa\u00e7os Lil\u00e1s e o lan\u00e7amento do Patrulha Mulher Segura, primeira estrutura de ronda da Pol\u00edcia Militar voltada exclusivamente \u00e0 prote\u00e7\u00e3o das mulheres no estado, al\u00e9m das novas funcionalidades do aplicativo SP Mulher Segura, que re\u00fane ferramentas de prote\u00e7\u00e3o, den\u00fancia e acolhimento \u00e0s v\u00edtimas.<\/p>\n<p class=\"wp-block-paragraph\"><strong>LEIA TAMB\u00c9M:<a href=\"https:\/\/www.agenciasp.sp.gov.br\/sp-por-todas-mais-seguras-governo-do-estado-anuncia-medidas-para-ampliar-politica-de-protecao-as-mulheres\/\" rel=\"noopener\"> SP por Todas Mais Seguras: Governo do Estado anuncia medidas para ampliar pol\u00edtica de prote\u00e7\u00e3o \u00e0s mulheres<\/a><\/strong><\/p>\n<p class=\"wp-block-paragraph\">A comandante-geral da PM destacou que um dos grandes desafios atuais \u00e9 a subnotifica\u00e7\u00e3o dos casos de viol\u00eancia contra a mulher. \u201cA viol\u00eancia dom\u00e9stica \u00e9 um crime que muitas vezes acontece longe dos olhos do poder p\u00fablico. N\u00e3o conseguimos acess\u00e1-la apenas por meio do policiamento ostensivo nas ruas ou das c\u00e2meras de monitoramento. Para enfrent\u00e1-la, precisamos garantir que as v\u00edtimas se encorajem e busquem essa rede protetiva. Minha mensagem \u00e9: voc\u00eas n\u00e3o est\u00e3o sozinhas. Contem conosco\u201d, afirmou.<\/p>\n<p class=\"wp-block-paragraph\">Criado em 2024, o aplicativo SP Mulher Segura re\u00fane servi\u00e7os de prote\u00e7\u00e3o em um \u00fanico ambiente digital e integra as a\u00e7\u00f5es do movimento SP Por Todas, iniciativa voltada \u00e0 amplia\u00e7\u00e3o das pol\u00edticas p\u00fablicas de acolhimento, prote\u00e7\u00e3o e autonomia feminina.<\/p>\n<\/p><\/div>\n<p><br \/>\n<br \/><a href=\"https:\/\/www.agenciasp.sp.gov.br\/sp-pod-comandante-da-pm-destaca-queda-da-criminalidade-e-expansao-da-rede-de-protecao-as-mulheres\/\" rel=\"noopener\">Informa\u00e7\u00f5es GOV.SP<\/a><\/p>\n","protected":false},"excerpt":{"rendered":"<p>A primeira mulher a assumir o comando da Pol\u00edcia Militar do Estado de S\u00e3o Paulo em quase 200 anos de hist\u00f3ria da corpora\u00e7\u00e3o, a coronel Glauce Anselmo Cavalli, afirma que sua nomea\u00e7\u00e3o representa um marco n\u00e3o apenas para a institui\u00e7\u00e3o, mas para toda a sociedade. Em entrevista ao SP POD, videocast da Ag\u00eancia SP, a [&hellip;]<\/p>\n","protected":false},"author":1,"featured_media":69291,"comment_status":"","ping_status":"open","sticky":false,"template":"","format":"standard","meta":{"_jetpack_newsletter_access":"","_jetpack_dont_email_post_to_subs":false,"_jetpack_newsletter_tier_id":0,"_jetpack_memberships_contains_paywalled_content":false,"_mbp_banners":[],"_jetpack_feature_clip_id":0,"_jetpack_memberships_contains_paid_content":false,"footnotes":"","jetpack_publicize_message":"","jetpack_publicize_feature_enabled":true,"jetpack_social_post_already_shared":true,"jetpack_social_options":{"image_generator_settings":{"template":"highway","default_image_id":0,"font":"","enabled":false},"version":2},"jetpack_post_was_ever_published":false},"categories":[21],"tags":[],"class_list":["post-69290","post","type-post","status-publish","format-standard","has-post-thumbnail","category-sp-news"],"jetpack_publicize_connections":[],"jetpack-related-posts":[],"jetpack_shortlink":"https:\/\/wp.me\/p7Eq1F-i1A","jetpack_sharing_enabled":true,"jetpack_featured_media_url":"https:\/\/i0.wp.com\/guialimeira.com.br\/news\/wp-content\/uploads\/2026\/06\/SP-POD-comandante-da-PM-destaca-queda-da-criminalidade-e.jpg?fit=2560%2C1707&ssl=1","_links":{"self":[{"href":"https:\/\/guialimeira.com.br\/news\/wp-json\/wp\/v2\/posts\/69290","targetHints":{"allow":["GET"]}}],"collection":[{"href":"https:\/\/guialimeira.com.br\/news\/wp-json\/wp\/v2\/posts"}],"about":[{"href":"https:\/\/guialimeira.com.br\/news\/wp-json\/wp\/v2\/types\/post"}],"author":[{"embeddable":true,"href":"https:\/\/guialimeira.com.br\/news\/wp-json\/wp\/v2\/users\/1"}],"replies":[{"embeddable":true,"href":"https:\/\/guialimeira.com.br\/news\/wp-json\/wp\/v2\/comments?post=69290"}],"version-history":[{"count":0,"href":"https:\/\/guialimeira.com.br\/news\/wp-json\/wp\/v2\/posts\/69290\/revisions"}],"wp:featuredmedia":[{"embeddable":true,"href":"https:\/\/guialimeira.com.br\/news\/wp-json\/wp\/v2\/media\/69291"}],"wp:attachment":[{"href":"https:\/\/guialimeira.com.br\/news\/wp-json\/wp\/v2\/media?parent=69290"}],"wp:term":[{"taxonomy":"category","embeddable":true,"href":"https:\/\/guialimeira.com.br\/news\/wp-json\/wp\/v2\/categories?post=69290"},{"taxonomy":"post_tag","embeddable":true,"href":"https:\/\/guialimeira.com.br\/news\/wp-json\/wp\/v2\/tags?post=69290"}],"curies":[{"name":"wp","href":"https:\/\/api.w.org\/{rel}","templated":true}]}}