{"id":69286,"date":"2026-06-17T08:01:11","date_gmt":"2026-06-17T11:01:11","guid":{"rendered":"https:\/\/guialimeira.com.br\/furtos-e-roubos-a-residencias-na-capital-caem-25-apos-policia-desarticular-quadrilha\/"},"modified":"2026-06-17T08:01:11","modified_gmt":"2026-06-17T11:01:11","slug":"furtos-e-roubos-a-residencias-na-capital-caem-25-apos-policia-desarticular-quadrilha","status":"publish","type":"post","link":"https:\/\/guialimeira.com.br\/news\/furtos-e-roubos-a-residencias-na-capital-caem-25-apos-policia-desarticular-quadrilha\/","title":{"rendered":"Furtos e roubos a resid\u00eancias na capital caem 25% ap\u00f3s pol\u00edcia desarticular quadrilha"},"content":{"rendered":"<p> <br \/>\n<br \/><img data-recalc-dims=\"1\" decoding=\"async\" src=\"https:\/\/i0.wp.com\/www.agenciasp.sp.gov.br\/wp-content\/uploads\/2026\/06\/00061497.png?w=696&#038;ssl=1\" \/><\/p>\n<div>\n<p class=\"wp-block-paragraph\">A pris\u00e3o de Minotauro, em setembro do ano passado \u2014 apontado como um dos principais articuladores de <a href=\"https:\/\/www.google.com\/goto?url=CAESoAEB7keqTe2EOen-ATZg7pZbTLCLAtZtf4zy7rFF_S8fzOTQ8qPA94PMstgV9UEyEjLZtHE0KJXcithbf7FEYjRyKN0HDHp_0y7qtHsdbamtJ3JkjLtgrNkzPPSRpOrCuD9L33FL9phARTk0kDSfDt4jbNnTbzz-xVOiKLbjSrUkgO_hqRQ50oeWXwW4Rb_BQIo1rAJC-MDgTG-E3kuCDHm8\" target=\"_blank\" rel=\"noopener\">roubos a resid\u00eancias na capital paulista<\/a> \u2014 continua gerando desdobramentos relevantes no cen\u00e1rio da seguran\u00e7a p\u00fablica. Ao longo deste ano, novas etapas da investiga\u00e7\u00e3o resultaram na deten\u00e7\u00e3o de outros integrantes da mesma quadrilha, respons\u00e1veis por fun\u00e7\u00f5es estrat\u00e9gicas dentro do esquema criminoso, como a invas\u00e3o dos im\u00f3veis, o monitoramento das \u00e1reas e a recepta\u00e7\u00e3o das joias roubadas.<\/p>\n<p class=\"wp-block-paragraph\"><strong>LEIA TAMB\u00c9M: <\/strong><a href=\"https:\/\/www.agenciasp.sp.gov.br\/apontado-como-maior-ladrao-de-casas-em-sp-e-preso-pela-policia-civil-de-sp\/\" rel=\"noopener\">Apontado como maior ladr\u00e3o de casas em SP \u00e9 preso pela Pol\u00edcia Civil de SP<\/a><\/p>\n<p class=\"wp-block-paragraph\">Esse conjunto de pris\u00f5es atingiu diretamente a estrutura operacional do grupo e contribuiu para a desarticula\u00e7\u00e3o de uma das organiza\u00e7\u00f5es mais atuantes nesse tipo de crime. Como reflexo, <a href=\"https:\/\/www.google.com\/goto?url=CAESjgEB7keqTRRC7_tAVhwjzMr88_qKBAaoIVn1RhS6T09f9MQvydiRCHeHqDpK96HanlFVEnKEVj4mjpsDXAq04fV8UW9nr-Qw0RY7E3zw6WlLItn76qFGyNiktyZi3vVaFSjXEMlLAnkqNiOFlrDSRupZvN5WwkSgLRjUDxcfKw3mf_dFoMhJoaqrtPQNLmKt\" target=\"_blank\" rel=\"noopener\">os \u00edndices de furtos e roubos a resid\u00eancias na capital paulista ca\u00edram 25% no primeiro quadrimestre do ano<\/a>. No per\u00edodo, foram registradas 1,2 mil ocorr\u00eancias, ante 1,6 mil no mesmo intervalo do ano passado.<\/p>\n<blockquote class=\"wp-block-quote is-layout-flow wp-block-quote-is-layout-flow\">\n<p class=\"wp-block-paragraph\">\u201cUma pris\u00e3o n\u00e3o encerra uma investiga\u00e7\u00e3o, ela alavanca o trabalho. A partir dela, conseguimos identificar toda uma cadeia criminosa, avan\u00e7ar na desarticula\u00e7\u00e3o do grupo e dificultar sua reestrutura\u00e7\u00e3o. Isso, na pr\u00e1tica, reduz a capacidade de atua\u00e7\u00e3o e contribui para diminuir a reincid\u00eancia \u201c, diz o delegado F\u00e1bio Sandrin, da 4\u00aa Delegacia da Divis\u00e3o de Investiga\u00e7\u00f5es sobre Crimes Contra o Patrim\u00f4nio (Disccpat), especializada no combate a furtos e roubos de resid\u00eancias.<\/p>\n<\/blockquote>\n<p class=\"wp-block-paragraph\">Em linhas gerais, o delegado explica que as quadrilhas especializadas costumam ser divididas em tr\u00eas fun\u00e7\u00f5es principais. H\u00e1 o vigilante, geralmente armado, respons\u00e1vel por monitorar a \u00e1rea e alertar os comparsas sobre uma eventual aproxima\u00e7\u00e3o da pol\u00edcia; os invasores, que executam os furtos e roubos; e o motorista, encarregado pela fuga do bando.<\/p>\n<p class=\"wp-block-paragraph\">Foram justamente nessas fun\u00e7\u00f5es estrat\u00e9gicas que mais cinco integrantes da quadrilha de Minotauro acabaram presos neste ano. Em fevereiro, dois suspeitos conhecidos pelos apelidos de \u201cBode\u201d e \u201cDJ\u201d foram detidos em Parais\u00f3polis, na Zona Sul da capital. Segundo as investiga\u00e7\u00f5es, ambos atuavam como invasores do grupo.<\/p>\n<p class=\"wp-block-paragraph\">J\u00e1 em abril, <a href=\"https:\/\/www.google.com\/goto?url=CAESoAEB7keqTe2EOen-ATZg7pZbTLCLAtZtf4zy7rFF_S8fzOTQ8qPA94PMstgV9UEyEjLZtHE0KJXcithbf7FEYjRyKN0HDHp_0y7qtHsdbamtJ3JkjLtgrNkzPPSRpOrCuD9L33FL9phARTk0kDSfDt4jbNnTbzz-xVOiKLbjSrUkgO_hqRQ50oeWXwW4Rb_BQIo1rAJC-MDgTG-E3kuCDHm8\" target=\"_blank\" rel=\"noopener\">outros tr\u00eas integrantes foram presos<\/a>. De acordo com a pol\u00edcia, dois deles eram respons\u00e1veis pelo fornecimento de armas e pela recepta\u00e7\u00e3o das joias roubadas, enquanto o terceiro exercia a fun\u00e7\u00e3o de olheiro para vigiar os locais dos crimes.<\/p>\n<h3 class=\"wp-block-heading\">Clonagem do controle remoto<\/h3>\n<p class=\"wp-block-paragraph\">O delegado Sandrin explica ainda que essas quadrilhas costumam atuar em regi\u00f5es que j\u00e1 conhecem, aproveitando a familiaridade com as vias de acesso, os deslocamentos e as rotas de fuga. Os alvos, em geral, s\u00e3o resid\u00eancias de alto padr\u00e3o localizadas em bairros nobres da capital.<\/p>\n<p class=\"wp-block-paragraph\">Para aumentar as chances de sucesso da a\u00e7\u00e3o criminosa, os integrantes realizam levantamentos pr\u00e9vios, monitorando a rotina dos moradores, as condi\u00e7\u00f5es de seguran\u00e7a dos im\u00f3veis e os melhores hor\u00e1rios para a invas\u00e3o.<\/p>\n<p class=\"wp-block-paragraph\">Uma das modalidades que a pol\u00edcia tem monitorado \u00e9 a invas\u00e3o por meio da clonagem de controles remotos de port\u00f5es eletr\u00f4nicos, o que permite aos criminosos acessar a garagem das resid\u00eancias sem levantar suspeitas.<\/p>\n<blockquote class=\"wp-block-quote is-layout-flow wp-block-quote-is-layout-flow\">\n<p class=\"wp-block-paragraph\">\u201c\u00c9 importante estar atento a pessoas paradas observando a movimenta\u00e7\u00e3o do im\u00f3vel. O morador tamb\u00e9m deve manter os sistemas de controle remoto sempre atualizados, o que ajuda a dificultar tentativas de clonagem\u201d, orienta o delegado.<\/p>\n<\/blockquote>\n<p class=\"wp-block-paragraph\">As for\u00e7as de seguran\u00e7a t\u00eam intensificado o combate a quadrilhas que utilizam esse m\u00e9todo para invadir casas. Em 15 de abril, policiais do Deic prenderam quatro suspeitos durante a <a href=\"https:\/\/www.google.com\/goto?url=CAESpAEB7keqTRwp-k4T3X7vyLlokH_djJXGR8Qy5ZNIrHz0wKx42MSZ7dPSY6j5o9TRoWYa2YiWGVhOU9SFlh2KdunvK3kqf2e0BSwo6CXwzZCpwMRDFNkFVS1XMEnz7Fsmdo7lYnMzTbIr7D5QPjSrQAX216yynIqZdIi-y5ySjlXO_KGqvSPjGeo8eEVlr0zd4ZSp38TElmZE56LMxnxAVeVQSKw4jw==\" target=\"_blank\" rel=\"noopener\">opera\u00e7\u00e3o Donus Violata<\/a>. Segundo as investiga\u00e7\u00f5es, eles teriam participa\u00e7\u00e3o no latroc\u00ednio de um homem no Tucuruvi, na Zona Norte da capital.<\/p>\n<p class=\"wp-block-paragraph\">A Pol\u00edcia Militar tamb\u00e9m mant\u00e9m a\u00e7\u00f5es de intelig\u00eancia e resposta r\u00e1pida para impedir que os crimes sejam consumados. Recentemente, oito suspeitos foram detidos em ocorr\u00eancias distintas ap\u00f3s tentativas frustradas de furto a resid\u00eancias nos bairros de Pinheiros e Vila Maria.<\/p>\n<h3 class=\"wp-block-heading\">Pertences recuperados<\/h3>\n<p class=\"wp-block-paragraph\">Entre janeiro e abril deste ano, as a\u00e7\u00f5es do Deic resultaram na apreens\u00e3o de diversos objetos provenientes dos crimes. Entre os itens recuperados est\u00e3o 61 celulares, 299 an\u00e9is, 58 colares e gargantilhas, 54 pares de brincos, 67 rel\u00f3gios e 51 pulseiras. Tamb\u00e9m foram apreendidas 20 bolsas, 12 tablets e notebooks, cinco CPUs, al\u00e9m de \u00f3culos, perfumes, instrumentos musicais e um videogame.<\/p>\n<p class=\"wp-block-paragraph\">\u201cQuando identificamos o modus operandi da quadrilha, conseguimos conectar ocorr\u00eancias e rastrear os ve\u00edculos utilizados nas a\u00e7\u00f5es. Isso permite avan\u00e7ar nas investiga\u00e7\u00f5es, alcan\u00e7ar outros envolvidos e recuperar bens subtra\u00eddos que ainda estejam em posse dos suspeitos\u201d, conclui o delegado.<\/p>\n<\/p><\/div>\n<p><br \/>\n<br \/><a href=\"https:\/\/www.agenciasp.sp.gov.br\/furtos-e-roubos-a-residencias-capital\/\" rel=\"noopener\">Informa\u00e7\u00f5es GOV.SP<\/a><\/p>\n","protected":false},"excerpt":{"rendered":"<p>A pris\u00e3o de Minotauro, em setembro do ano passado \u2014 apontado como um dos principais articuladores de roubos a resid\u00eancias na capital paulista \u2014 continua gerando desdobramentos relevantes no cen\u00e1rio da seguran\u00e7a p\u00fablica. Ao longo deste ano, novas etapas da investiga\u00e7\u00e3o resultaram na deten\u00e7\u00e3o de outros integrantes da mesma quadrilha, respons\u00e1veis por fun\u00e7\u00f5es estrat\u00e9gicas dentro [&hellip;]<\/p>\n","protected":false},"author":1,"featured_media":69287,"comment_status":"","ping_status":"open","sticky":false,"template":"","format":"standard","meta":{"_jetpack_newsletter_access":"","_jetpack_dont_email_post_to_subs":false,"_jetpack_newsletter_tier_id":0,"_jetpack_memberships_contains_paywalled_content":false,"_mbp_banners":[],"_jetpack_feature_clip_id":0,"_jetpack_memberships_contains_paid_content":false,"footnotes":"","jetpack_publicize_message":"","jetpack_publicize_feature_enabled":true,"jetpack_social_post_already_shared":true,"jetpack_social_options":{"image_generator_settings":{"template":"highway","default_image_id":0,"font":"","enabled":false},"version":2},"jetpack_post_was_ever_published":false},"categories":[21],"tags":[],"class_list":["post-69286","post","type-post","status-publish","format-standard","has-post-thumbnail","category-sp-news"],"jetpack_publicize_connections":[],"jetpack-related-posts":[],"jetpack_shortlink":"https:\/\/wp.me\/p7Eq1F-i1w","jetpack_sharing_enabled":true,"jetpack_featured_media_url":"https:\/\/i0.wp.com\/guialimeira.com.br\/news\/wp-content\/uploads\/2026\/06\/Furtos-e-roubos-a-residencias-na-capital-caem-25-apos.png?fit=1574%2C768&ssl=1","_links":{"self":[{"href":"https:\/\/guialimeira.com.br\/news\/wp-json\/wp\/v2\/posts\/69286","targetHints":{"allow":["GET"]}}],"collection":[{"href":"https:\/\/guialimeira.com.br\/news\/wp-json\/wp\/v2\/posts"}],"about":[{"href":"https:\/\/guialimeira.com.br\/news\/wp-json\/wp\/v2\/types\/post"}],"author":[{"embeddable":true,"href":"https:\/\/guialimeira.com.br\/news\/wp-json\/wp\/v2\/users\/1"}],"replies":[{"embeddable":true,"href":"https:\/\/guialimeira.com.br\/news\/wp-json\/wp\/v2\/comments?post=69286"}],"version-history":[{"count":0,"href":"https:\/\/guialimeira.com.br\/news\/wp-json\/wp\/v2\/posts\/69286\/revisions"}],"wp:featuredmedia":[{"embeddable":true,"href":"https:\/\/guialimeira.com.br\/news\/wp-json\/wp\/v2\/media\/69287"}],"wp:attachment":[{"href":"https:\/\/guialimeira.com.br\/news\/wp-json\/wp\/v2\/media?parent=69286"}],"wp:term":[{"taxonomy":"category","embeddable":true,"href":"https:\/\/guialimeira.com.br\/news\/wp-json\/wp\/v2\/categories?post=69286"},{"taxonomy":"post_tag","embeddable":true,"href":"https:\/\/guialimeira.com.br\/news\/wp-json\/wp\/v2\/tags?post=69286"}],"curies":[{"name":"wp","href":"https:\/\/api.w.org\/{rel}","templated":true}]}}