{"id":6927,"date":"2024-05-29T16:58:50","date_gmt":"2024-05-29T19:58:50","guid":{"rendered":"https:\/\/guialimeira.com.br\/2024\/05\/29\/a-dois-dias-do-prazo-quase-50-dos-meis-nao-enviaram-declaracao-anual\/"},"modified":"2024-05-29T16:58:50","modified_gmt":"2024-05-29T19:58:50","slug":"a-dois-dias-do-prazo-quase-50-dos-meis-nao-enviaram-declaracao-anual","status":"publish","type":"post","link":"https:\/\/guialimeira.com.br\/news\/a-dois-dias-do-prazo-quase-50-dos-meis-nao-enviaram-declaracao-anual\/","title":{"rendered":"A dois dias do prazo, quase 50% dos MEIs n\u00e3o enviaram declara\u00e7\u00e3o anual"},"content":{"rendered":"<p> <br \/>\n<\/p>\n<div>\n<p>A dois dias do fim do prazo, quase metade dos microempreendedores individuais (MEI) ainda n\u00e3o entregaram a Declara\u00e7\u00e3o Anual Simplificada para o Microempreendedor Individual (DASN-MEI) de 2024. Segundo a Receita Federal, at\u00e9 as 11h desta quarta-feira (29), 7,91 milh\u00f5es de profissionais aut\u00f4nomos haviam enviado o documento. Isso equivale a 50,33% dos 15.719.345 MEI ativos em 2023.<img data-recalc-dims=\"1\" decoding=\"async\" src=\"https:\/\/i0.wp.com\/agenciabrasil.ebc.com.br\/ebc.png?w=696&#038;ssl=1\" style=\"width:1px; height:1px; display:inline;\"\/><img data-recalc-dims=\"1\" decoding=\"async\" src=\"https:\/\/i0.wp.com\/agenciabrasil.ebc.com.br\/ebc.gif?w=696&#038;ssl=1\" style=\"width:1px; height:1px; display:inline;\"\/><\/p>\n<p>O prazo de entrega acaba na pr\u00f3xima sexta-feira (31), no mesmo dia do fim de entrega da Declara\u00e7\u00e3o do Imposto de Renda Pessoa F\u00edsica. Os MEI obrigados a declarar Imposto de Renda deve enviar os dois documentos.<\/p>\n<p>A DASN-MEI deve ser entregue mesmo por quem enviou a <a href=\"https:\/\/agenciabrasil.ebc.com.br\/economia\/noticia\/2022-04\/agencia-brasil-explica-declaracao-de-imposto-de-renda-para-mei\" target=\"_blank\" rel=\"noopener\">Declara\u00e7\u00e3o de Imposto de Renda Pessoa F\u00edsica<\/a>, cujo prazo acabou em 31 de maio. Devem entregar o documento quem atuou como MEI em qualquer per\u00edodo de 2023. Quem se tornou microempreendedor individual em 2024 s\u00f3 deve preencher a declara\u00e7\u00e3o em 2025.<\/p>\n<p>Caso o profissional aut\u00f4nomo esteja encerrando as atividades como MEI, tamb\u00e9m deve enviar o documento. Nesse caso, \u00e9 preciso escolher a op\u00e7\u00e3o \u201cDeclara\u00e7\u00e3o especial\u201d. A DASN-MEI est\u00e1 dispon\u00edvel na p\u00e1gina do <a href=\"https:\/\/www.google.com\/search?client=firefox-b-d&amp;q=%3Chttp%3A%2F%2Fwww8.receita.fazenda.gov.br%2FSimplesNacional%2FAplicacoes%2FATSPO%2Fdasnsimei.app%2FIdentificacao%3E\" target=\"_blank\" rel=\"noopener\">Simples Nacional<\/a> na internet.<\/p>\n<p>Na declara\u00e7\u00e3o, o MEI dever\u00e1 informar a receita bruta total obtida com a atividade em 2023. O microempreendedor que estava ativo, mas n\u00e3o faturou no ano passado deve preencher o valor R$ 0,00 e concluir a declara\u00e7\u00e3o. Quem contratou empregado em 2023 deve marcar \u201csim\u201d no campo que aparece no formul\u00e1rio.<\/p>\n<p>Quem preenche o <a href=\"https:\/\/www.google.com\/search?client=firefox-b-d&amp;q=%3Chttps%3A%2F%2Fwww.gov.br%2Fempresas-e-negocios%2Fpt-br%2Fempreendedor%2Farquivos-e-imagens%2Frelatorio-mensal-das-receitas-brutas-1.pdf%3E\" target=\"_blank\" rel=\"noopener\">Relat\u00f3rio Mensal de Receitas Brutas<\/a> tem o trabalho facilitado. Basta somar os valores de cada m\u00eas e informar na declara\u00e7\u00e3o.<\/p>\n<p>Embora n\u00e3o deva ser entregue a nenhum \u00f3rg\u00e3o p\u00fablico, o Relat\u00f3rio Mensal de Receitas Brutas deve ser preenchido at\u00e9 o dia 20 do m\u00eas seguinte \u00e0s vendas ou \u00e0 presta\u00e7\u00e3o de servi\u00e7os. O documento deve ser arquivado por pelo menos cinco anos, junto das notas fiscais de compras e de vendas.<\/p>\n<p>Quem n\u00e3o preencheu o relat\u00f3rio mensal pode apurar a receita bruta do ano anterior por meio da soma das notas fiscais. No entanto, ter\u00e1 mais trabalho do que quem inseriu os n\u00fameros no relat\u00f3rio m\u00eas a m\u00eas.<\/p>\n<\/p><\/div>\n<p><br \/>\n<br \/><a href=\"https:\/\/agenciabrasil.ebc.com.br\/economia\/noticia\/2024-05\/dois-dias-do-prazo-quase-50-dos-meis-nao-enviaram-declaracao-anual\" rel=\"noopener\">Ag\u00eancia Brasil<\/a><\/p>\n","protected":false},"excerpt":{"rendered":"<p>A dois dias do fim do prazo, quase metade dos microempreendedores individuais (MEI) ainda n\u00e3o entregaram a Declara\u00e7\u00e3o Anual Simplificada para o Microempreendedor Individual (DASN-MEI) de 2024. Segundo a Receita Federal, at\u00e9 as 11h desta quarta-feira (29), 7,91 milh\u00f5es de profissionais aut\u00f4nomos haviam enviado o documento. Isso equivale a 50,33% dos 15.719.345 MEI ativos em [&hellip;]<\/p>\n","protected":false},"author":1,"featured_media":6928,"comment_status":"open","ping_status":"open","sticky":false,"template":"","format":"standard","meta":{"_jetpack_newsletter_access":"","_jetpack_dont_email_post_to_subs":false,"_jetpack_newsletter_tier_id":0,"_jetpack_memberships_contains_paywalled_content":false,"_mbp_banners":[],"_jetpack_feature_clip_id":0,"_jetpack_memberships_contains_paid_content":false,"footnotes":"","jetpack_publicize_message":"","jetpack_publicize_feature_enabled":true,"jetpack_social_post_already_shared":true,"jetpack_social_options":{"image_generator_settings":{"template":"highway","default_image_id":0,"font":"","enabled":false},"version":2},"jetpack_post_was_ever_published":false},"categories":[24],"tags":[],"class_list":["post-6927","post","type-post","status-publish","format-standard","has-post-thumbnail","category-economia"],"jetpack_publicize_connections":[],"jetpack-related-posts":[],"jetpack_shortlink":"https:\/\/wp.me\/p7Eq1F-1NJ","jetpack_sharing_enabled":true,"jetpack_featured_media_url":"https:\/\/i0.wp.com\/guialimeira.com.br\/news\/wp-content\/uploads\/2024\/05\/ja_8380.jpg?fit=1600%2C800&ssl=1","_links":{"self":[{"href":"https:\/\/guialimeira.com.br\/news\/wp-json\/wp\/v2\/posts\/6927","targetHints":{"allow":["GET"]}}],"collection":[{"href":"https:\/\/guialimeira.com.br\/news\/wp-json\/wp\/v2\/posts"}],"about":[{"href":"https:\/\/guialimeira.com.br\/news\/wp-json\/wp\/v2\/types\/post"}],"author":[{"embeddable":true,"href":"https:\/\/guialimeira.com.br\/news\/wp-json\/wp\/v2\/users\/1"}],"replies":[{"embeddable":true,"href":"https:\/\/guialimeira.com.br\/news\/wp-json\/wp\/v2\/comments?post=6927"}],"version-history":[{"count":0,"href":"https:\/\/guialimeira.com.br\/news\/wp-json\/wp\/v2\/posts\/6927\/revisions"}],"wp:featuredmedia":[{"embeddable":true,"href":"https:\/\/guialimeira.com.br\/news\/wp-json\/wp\/v2\/media\/6928"}],"wp:attachment":[{"href":"https:\/\/guialimeira.com.br\/news\/wp-json\/wp\/v2\/media?parent=6927"}],"wp:term":[{"taxonomy":"category","embeddable":true,"href":"https:\/\/guialimeira.com.br\/news\/wp-json\/wp\/v2\/categories?post=6927"},{"taxonomy":"post_tag","embeddable":true,"href":"https:\/\/guialimeira.com.br\/news\/wp-json\/wp\/v2\/tags?post=6927"}],"curies":[{"name":"wp","href":"https:\/\/api.w.org\/{rel}","templated":true}]}}