{"id":69267,"date":"2026-06-17T02:56:11","date_gmt":"2026-06-17T05:56:11","guid":{"rendered":"https:\/\/guialimeira.com.br\/defesa-civil-entrega-kits-de-estiagem-para-42-municipios-da-regiao-de-aracatuba\/"},"modified":"2026-06-17T02:56:11","modified_gmt":"2026-06-17T05:56:11","slug":"defesa-civil-entrega-kits-de-estiagem-para-42-municipios-da-regiao-de-aracatuba","status":"publish","type":"post","link":"https:\/\/guialimeira.com.br\/news\/defesa-civil-entrega-kits-de-estiagem-para-42-municipios-da-regiao-de-aracatuba\/","title":{"rendered":"Defesa Civil entrega kits de estiagem para 42 munic\u00edpios da regi\u00e3o de Ara\u00e7atuba"},"content":{"rendered":"<p> <br \/>\n<br \/><img data-recalc-dims=\"1\" decoding=\"async\" src=\"https:\/\/i0.wp.com\/www.agenciasp.sp.gov.br\/wp-content\/uploads\/2026\/05\/WhatsApp-Image-2026-05-05-at-14.41.50.jpeg?w=696&#038;ssl=1\" \/><\/p>\n<div>\n<p class=\"wp-block-paragraph\">A Defesa Civil de S\u00e3o Paulo entregou, desde o in\u00edcio de 2026, kits de estiagem para 42 munic\u00edpios da regi\u00e3o de Ara\u00e7atuba, para apoiar a\u00e7\u00f5es de preven\u00e7\u00e3o e resposta a inc\u00eandios florestais. A iniciativa, que j\u00e1 equipou 543 munic\u00edpios do estado (84% do total), integra a Opera\u00e7\u00e3o SP Sem Fogo, coordenada pela Defesa Civil do Estado.<\/p>\n<p class=\"wp-block-paragraph\">O kit tem 41 equipamentos, entre eles enxada, abafador, bon\u00e9, \u00f3culos de prote\u00e7\u00e3o, lanterna, cantil e luva, e \u00e9 entregue diretamente aos munic\u00edpios ou produtores rurais, ap\u00f3s treinamento com a Defesa Civil. As entregas fazem parte da estrat\u00e9gia estadual de prepara\u00e7\u00e3o para a temporada de estiagem, per\u00edodo em que aumentam os riscos de queimadas em diversas regi\u00f5es paulistas.<\/p>\n<p class=\"wp-block-paragraph\">Al\u00e9m dos kits contra estiagem, neste ano o Governo de S\u00e3o Paulo j\u00e1 equipou mais de 190 defesas civis municipais com pacotes mais completos, exclusivos para refor\u00e7ar o aparelhamento dos munic\u00edpios contra inc\u00eandios. Nesse processo, s\u00e3o entregues caminhonetes 4\u00d74, kits de combate a inc\u00eandio de 400 litros, com tanque, bomba motorizada e mangueira, e motosserras, por exemplo.<\/p>\n<p class=\"wp-block-paragraph\">Os materiais permitem uma resposta mais r\u00e1pida \u00e0s emerg\u00eancias e ampliam a capacidade operacional dos munic\u00edpios. A atua\u00e7\u00e3o preventiva \u00e9 fundamental para reduzir os impactos causados pelas queimadas, proteger \u00e1reas de vegeta\u00e7\u00e3o nativa e garantir mais seguran\u00e7a \u00e0 popula\u00e7\u00e3o.<\/p>\n<p class=\"wp-block-paragraph\"><strong>Munic\u00edpios contemplados na regi\u00e3o de Ara\u00e7atuba:<\/strong><\/p>\n<ul class=\"wp-block-list\">\n<li>Alto Alegre<\/li>\n<li>Andradina<\/li>\n<li>Ara\u00e7atuba<\/li>\n<li>Auriflama<\/li>\n<li>Avanhandava<\/li>\n<li>Barbosa<\/li>\n<li>Bento de Abreu<\/li>\n<li>Bilac<\/li>\n<li>Birigui<\/li>\n<li>Bra\u00fana<\/li>\n<li>Brejo Alegre<\/li>\n<li>Buritama<\/li>\n<li>Castilho<\/li>\n<li>Clementina<\/li>\n<li>Coroados<\/li>\n<li>Gabriel Monteiro<\/li>\n<li>Gast\u00e3o Vidigal<\/li>\n<li>General Salgado<\/li>\n<li>Glic\u00e9rio<\/li>\n<li>Guara\u00e7a\u00ed<\/li>\n<li>Guararapes<\/li>\n<li>Guzol\u00e2ndia<\/li>\n<li>Ilha Solteira<\/li>\n<li>Itapura<\/li>\n<li>Lourdes<\/li>\n<li>Luizi\u00e2nia<\/li>\n<li>Mirand\u00f3polis<\/li>\n<li>Murutinga do Sul<\/li>\n<li>Nova Castilho<\/li>\n<li>Nova Independ\u00eancia<\/li>\n<li>Nova Luzit\u00e2nia<\/li>\n<li>Pen\u00e1polis<\/li>\n<li>Pereira Barreto<\/li>\n<li>Piacatu<\/li>\n<li>Rubi\u00e1cea<\/li>\n<li>Santo Ant\u00f4nio do Aracangu\u00e1<\/li>\n<li>Sant\u00f3polis do Aguape\u00ed<\/li>\n<li>S\u00e3o Jo\u00e3o de Iracema<\/li>\n<li>Sud Mennucci<\/li>\n<li>Suzan\u00e1polis<\/li>\n<li>Turi\u00faba<\/li>\n<li>Valpara\u00edso<\/li>\n<\/ul>\n<h3 class=\"wp-block-heading\">Opera\u00e7\u00e3o SP Sem Fogo<\/h3>\n<p class=\"wp-block-paragraph\">Os pacotes integram as a\u00e7\u00f5es da Opera\u00e7\u00e3o SP Sem Fogo, programa permanente do Governo de S\u00e3o Paulo voltado \u00e0 preven\u00e7\u00e3o e ao combate aos inc\u00eandios florestais.<\/p>\n<p class=\"wp-block-paragraph\">Al\u00e9m da distribui\u00e7\u00e3o de equipamentos, a opera\u00e7\u00e3o re\u00fane a\u00e7\u00f5es de monitoramento, capacita\u00e7\u00e3o de agentes municipais, campanhas de conscientiza\u00e7\u00e3o e integra\u00e7\u00e3o entre Defesa Civil, Corpo de Bombeiros, secretarias estaduais e prefeituras.<\/p>\n<p class=\"wp-block-paragraph\">Neste ano, o estado tamb\u00e9m contar\u00e1 com novas ferramentas de monitoramento, incluindo o programa Muralha Paulista do Fogo, que utilizar\u00e1 sistemas de c\u00e2meras para auxiliar na identifica\u00e7\u00e3o precoce de focos de inc\u00eandio e agilizar a resposta das equipes em campo.<\/p>\n<h3 class=\"wp-block-heading\">Muralha do Fogo<\/h3>\n<p class=\"wp-block-paragraph\">Com base na tecnologia da Muralha Paulista, da Secretaria da Seguran\u00e7a P\u00fablica, que integra c\u00e2meras p\u00fablicas e privadas para monitoramento de placas, reconhecimento facial e identifica\u00e7\u00e3o de foragidos, o Muralha do Fogo ampliar\u00e1 a capacidade da Defesa Civil de acompanhar queimadas em tempo real.<\/p>\n<p class=\"wp-block-paragraph\">Al\u00e9m das imagens da Muralha Paulista, o Muralha do Fogo ser\u00e1 alimentado com imagens de todas as concession\u00e1rias da Artesp e do DER, que monitoram as principais rodovias do estado, permitindo que o Centro de Gerenciamento de Emerg\u00eancias (CGE) acompanhe os focos ativos de inc\u00eandio e amplie a capacidade de decis\u00e3o estrat\u00e9gica durante as ocorr\u00eancias.<\/p>\n<\/p><\/div>\n<p><br \/>\n<br \/><a href=\"https:\/\/www.agenciasp.sp.gov.br\/defesa-civil-entrega-kits-de-estiagem-para-42-municipios-da-regiao-de-aracatuba\/\" rel=\"noopener\">Informa\u00e7\u00f5es GOV.SP<\/a><\/p>\n","protected":false},"excerpt":{"rendered":"<p>A Defesa Civil de S\u00e3o Paulo entregou, desde o in\u00edcio de 2026, kits de estiagem para 42 munic\u00edpios da regi\u00e3o de Ara\u00e7atuba, para apoiar a\u00e7\u00f5es de preven\u00e7\u00e3o e resposta a inc\u00eandios florestais. A iniciativa, que j\u00e1 equipou 543 munic\u00edpios do estado (84% do total), integra a Opera\u00e7\u00e3o SP Sem Fogo, coordenada pela Defesa Civil do [&hellip;]<\/p>\n","protected":false},"author":1,"featured_media":64314,"comment_status":"","ping_status":"open","sticky":false,"template":"","format":"standard","meta":{"_jetpack_newsletter_access":"","_jetpack_dont_email_post_to_subs":false,"_jetpack_newsletter_tier_id":0,"_jetpack_memberships_contains_paywalled_content":false,"_mbp_banners":[],"_jetpack_feature_clip_id":0,"_jetpack_memberships_contains_paid_content":false,"footnotes":"","jetpack_publicize_message":"","jetpack_publicize_feature_enabled":true,"jetpack_social_post_already_shared":true,"jetpack_social_options":{"image_generator_settings":{"template":"highway","default_image_id":0,"font":"","enabled":false},"version":2},"jetpack_post_was_ever_published":false},"categories":[21],"tags":[],"class_list":["post-69267","post","type-post","status-publish","format-standard","has-post-thumbnail","category-sp-news"],"jetpack_publicize_connections":[],"jetpack-related-posts":[],"jetpack_shortlink":"https:\/\/wp.me\/p7Eq1F-i1d","jetpack_sharing_enabled":true,"jetpack_featured_media_url":"https:\/\/i0.wp.com\/guialimeira.com.br\/news\/wp-content\/uploads\/2026\/05\/Defesa-Civil-alerta-para-aumento-do-risco-de-incendios-em.jpeg?fit=1168%2C638&ssl=1","_links":{"self":[{"href":"https:\/\/guialimeira.com.br\/news\/wp-json\/wp\/v2\/posts\/69267","targetHints":{"allow":["GET"]}}],"collection":[{"href":"https:\/\/guialimeira.com.br\/news\/wp-json\/wp\/v2\/posts"}],"about":[{"href":"https:\/\/guialimeira.com.br\/news\/wp-json\/wp\/v2\/types\/post"}],"author":[{"embeddable":true,"href":"https:\/\/guialimeira.com.br\/news\/wp-json\/wp\/v2\/users\/1"}],"replies":[{"embeddable":true,"href":"https:\/\/guialimeira.com.br\/news\/wp-json\/wp\/v2\/comments?post=69267"}],"version-history":[{"count":0,"href":"https:\/\/guialimeira.com.br\/news\/wp-json\/wp\/v2\/posts\/69267\/revisions"}],"wp:featuredmedia":[{"embeddable":true,"href":"https:\/\/guialimeira.com.br\/news\/wp-json\/wp\/v2\/media\/64314"}],"wp:attachment":[{"href":"https:\/\/guialimeira.com.br\/news\/wp-json\/wp\/v2\/media?parent=69267"}],"wp:term":[{"taxonomy":"category","embeddable":true,"href":"https:\/\/guialimeira.com.br\/news\/wp-json\/wp\/v2\/categories?post=69267"},{"taxonomy":"post_tag","embeddable":true,"href":"https:\/\/guialimeira.com.br\/news\/wp-json\/wp\/v2\/tags?post=69267"}],"curies":[{"name":"wp","href":"https:\/\/api.w.org\/{rel}","templated":true}]}}