{"id":69247,"date":"2026-06-16T21:50:56","date_gmt":"2026-06-17T00:50:56","guid":{"rendered":"https:\/\/guialimeira.com.br\/previsao-do-tempo-para-quarta-feira-27-em-sp-tempo-firme\/"},"modified":"2026-06-16T21:50:56","modified_gmt":"2026-06-17T00:50:56","slug":"previsao-do-tempo-para-quarta-feira-27-em-sp-tempo-firme","status":"publish","type":"post","link":"https:\/\/guialimeira.com.br\/news\/previsao-do-tempo-para-quarta-feira-27-em-sp-tempo-firme\/","title":{"rendered":"Previs\u00e3o do tempo para quarta-feira (27), em SP: tempo firme"},"content":{"rendered":"<p> <br \/>\n<br \/><img data-recalc-dims=\"1\" decoding=\"async\" src=\"https:\/\/i0.wp.com\/www.agenciasp.sp.gov.br\/wp-content\/uploads\/2024\/10\/53966344801_4435c618e1_k.jpg?w=696&#038;ssl=1\" \/><\/p>\n<div>\n<p class=\"wp-block-paragraph\">Nesta quarta-feira, com a atua\u00e7\u00e3o da massa de ar frio, de origem polar no Estado, o dia ser\u00e1 marcado por sol entre nuvens e o tempo ficar\u00e1 firme em praticamente todo o territ\u00f3rio paulista, a exce\u00e7\u00e3o ser\u00e1 apenas em \u00e1reas mais pr\u00f3ximas do litoral, que ter\u00e3o chuviscos.<\/p>\n<p class=\"wp-block-paragraph\">Pela manh\u00e3 pode ter forma\u00e7\u00e3o de densos nevoeiros na faixa leste e central. No decorrer das horas, os destaques ser\u00e3o as baixas temperaturas, forma\u00e7\u00e3o de geadas em pontos isolados ao amanhecer na Mantiqueira e a queda da umidade do ar no interior \u00e0 tarde.<\/p>\n<p class=\"wp-block-paragraph\">Diante disso, os atuais modelos preveem um acentuado decl\u00ednio nas temperaturas e como h\u00e1 previs\u00e3o de m\u00ednimas abaixo dos 10 graus, ressalta-se a import\u00e2ncia de aten\u00e7\u00e3o especial com as pessoas mais vulner\u00e1veis, como aquelas em situa\u00e7\u00e3o de rua.<\/p>\n<p class=\"wp-block-paragraph\">Na capital, as temperaturas ficar\u00e3o na casa dos 11 e 20 graus. J\u00e1 em Campos do Jord\u00e3o, m\u00ednima de 6 e m\u00e1xima de 15 graus.<\/p>\n<p class=\"wp-block-paragraph\">Em dias de frio, consulte a previs\u00e3o do tempo e agasalhe-se para se proteger do frio.<\/p>\n<p class=\"wp-block-paragraph\"><strong>LEIA MAIS:\u00a0<a href=\"https:\/\/www.agenciasp.sp.gov.br\/frente-fria-perde-forca-em-sao-paulo-mas-pancadas-de-chuva-ainda-podem-ocorrer-diz-defesa-civil\/\" rel=\"noopener\"><a href=\"https:\/\/www.agenciasp.sp.gov.br\/sp-sempre-alerta-entenda-o-significado-de-cada-alerta-da-defesa-civil\/\" rel=\"noopener\">SP Sempre Alerta: entenda o significado das cores dos avisos da Defesa Civil<\/a><\/strong><\/p>\n<h2 class=\"wp-block-heading\">Ou\u00e7a a previs\u00e3o do tempo no boletim de r\u00e1dio da Defesa Civil<\/h2>\n<figure class=\"wp-block-embed is-type-rich is-provider-soundcloud wp-block-embed-soundcloud\">\n<p>\n<iframe loading=\"lazy\" title=\"Defesa Civil - Quarta-Feira, dia 17\/06, dia ser\u00e1 marcado por sol entre nuvens e o tempo ficar\u00e1 firme em praticamente todo o territ\u00f3rio paulista by Governo do Estado de S\u00e3o Paulo\" width=\"800\" height=\"400\" scrolling=\"no\" frameborder=\"no\" allow=\"autoplay; encrypted-media\" src=\"https:\/\/w.soundcloud.com\/player\/?visual=true&amp;url=https%3A%2F%2Fapi.soundcloud.com%2Ftracks%2F2340669716&amp;show_artwork=true&amp;maxheight=1000&amp;maxwidth=800\"><\/iframe>\n<\/p>\n<\/figure><\/div>\n<p><br \/>\n<br \/><a href=\"https:\/\/www.agenciasp.sp.gov.br\/previsao-do-tempo-para-quarta-feira-27-em-sp-tempo-firme\/\" rel=\"noopener\">Informa\u00e7\u00f5es GOV.SP<\/a><\/p>\n","protected":false},"excerpt":{"rendered":"<p>Nesta quarta-feira, com a atua\u00e7\u00e3o da massa de ar frio, de origem polar no Estado, o dia ser\u00e1 marcado por sol entre nuvens e o tempo ficar\u00e1 firme em praticamente todo o territ\u00f3rio paulista, a exce\u00e7\u00e3o ser\u00e1 apenas em \u00e1reas mais pr\u00f3ximas do litoral, que ter\u00e3o chuviscos. Pela manh\u00e3 pode ter forma\u00e7\u00e3o de densos nevoeiros [&hellip;]<\/p>\n","protected":false},"author":1,"featured_media":21954,"comment_status":"","ping_status":"open","sticky":false,"template":"","format":"standard","meta":{"_jetpack_newsletter_access":"","_jetpack_dont_email_post_to_subs":false,"_jetpack_newsletter_tier_id":0,"_jetpack_memberships_contains_paywalled_content":false,"_mbp_banners":[],"_jetpack_feature_clip_id":0,"_jetpack_memberships_contains_paid_content":false,"footnotes":"","jetpack_publicize_message":"","jetpack_publicize_feature_enabled":true,"jetpack_social_post_already_shared":true,"jetpack_social_options":{"image_generator_settings":{"template":"highway","default_image_id":0,"font":"","enabled":false},"version":2},"jetpack_post_was_ever_published":false},"categories":[21],"tags":[],"class_list":["post-69247","post","type-post","status-publish","format-standard","has-post-thumbnail","category-sp-news"],"jetpack_publicize_connections":[],"jetpack-related-posts":[],"jetpack_shortlink":"https:\/\/wp.me\/p7Eq1F-i0T","jetpack_sharing_enabled":true,"jetpack_featured_media_url":"https:\/\/i0.wp.com\/guialimeira.com.br\/news\/wp-content\/uploads\/2025\/01\/Acordo-Paulista-Governo-de-SP-renegocia-mais-de-56-mil.jpg?fit=2048%2C1365&ssl=1","_links":{"self":[{"href":"https:\/\/guialimeira.com.br\/news\/wp-json\/wp\/v2\/posts\/69247","targetHints":{"allow":["GET"]}}],"collection":[{"href":"https:\/\/guialimeira.com.br\/news\/wp-json\/wp\/v2\/posts"}],"about":[{"href":"https:\/\/guialimeira.com.br\/news\/wp-json\/wp\/v2\/types\/post"}],"author":[{"embeddable":true,"href":"https:\/\/guialimeira.com.br\/news\/wp-json\/wp\/v2\/users\/1"}],"replies":[{"embeddable":true,"href":"https:\/\/guialimeira.com.br\/news\/wp-json\/wp\/v2\/comments?post=69247"}],"version-history":[{"count":0,"href":"https:\/\/guialimeira.com.br\/news\/wp-json\/wp\/v2\/posts\/69247\/revisions"}],"wp:featuredmedia":[{"embeddable":true,"href":"https:\/\/guialimeira.com.br\/news\/wp-json\/wp\/v2\/media\/21954"}],"wp:attachment":[{"href":"https:\/\/guialimeira.com.br\/news\/wp-json\/wp\/v2\/media?parent=69247"}],"wp:term":[{"taxonomy":"category","embeddable":true,"href":"https:\/\/guialimeira.com.br\/news\/wp-json\/wp\/v2\/categories?post=69247"},{"taxonomy":"post_tag","embeddable":true,"href":"https:\/\/guialimeira.com.br\/news\/wp-json\/wp\/v2\/tags?post=69247"}],"curies":[{"name":"wp","href":"https:\/\/api.w.org\/{rel}","templated":true}]}}