{"id":69242,"date":"2026-06-16T20:50:06","date_gmt":"2026-06-16T23:50:06","guid":{"rendered":"https:\/\/guialimeira.com.br\/patrulha-sp-mulher-segura-prende-homem-por-violencia-domestica-e-estupro-na-capital\/"},"modified":"2026-06-16T20:50:06","modified_gmt":"2026-06-16T23:50:06","slug":"patrulha-sp-mulher-segura-prende-homem-por-violencia-domestica-e-estupro-na-capital","status":"publish","type":"post","link":"https:\/\/guialimeira.com.br\/news\/patrulha-sp-mulher-segura-prende-homem-por-violencia-domestica-e-estupro-na-capital\/","title":{"rendered":"Patrulha SP Mulher Segura prende homem por viol\u00eancia dom\u00e9stica e estupro na capital"},"content":{"rendered":"<p> <br \/>\n<br \/><img data-recalc-dims=\"1\" decoding=\"async\" src=\"https:\/\/i0.wp.com\/www.agenciasp.sp.gov.br\/wp-content\/uploads\/2026\/05\/55266071461_1e7f09eb5b_k.jpg?w=696&#038;ssl=1\" \/><\/p>\n<div>\n<p class=\"wp-block-paragraph\">A Patrulha SP Mulher Segura, da Pol\u00edcia Militar, prendeu um homem de 28 anos por viol\u00eancia dom\u00e9stica e estupro nesta ter\u00e7a-feira (16), na Zona Sul da capital paulista. Ele fugiu ap\u00f3s a v\u00edtima registrar o boletim de ocorr\u00eancia, mas foi encontrado pelas equipes da viatura lil\u00e1s.<\/p>\n<p class=\"wp-block-paragraph\">A v\u00edtima de 37 anos acionou a Pol\u00edcia Militar pela manh\u00e3 e foi conduzida ao 37\u00ba Distrito Policial para registrar o boletim de ocorr\u00eancia contra o companheiro, que havia fugido ap\u00f3s os crimes. Horas ap\u00f3s o registro, ela acionou novamente o 190, pois o suspeito ligou fazendo amea\u00e7as.<\/p>\n<p class=\"wp-block-paragraph\">Com as informa\u00e7\u00f5es, uma equipe da viatura lil\u00e1s, da Patrulha SP Mulher Segura, atendeu a ocorr\u00eancia e durante patrulhamento na Rua Carolina Rosati, os policiais encontraram o suspeito, que foi preso em flagrante.<\/p>\n<p class=\"wp-block-paragraph\">O caso foi registrado como viol\u00eancia dom\u00e9stica, les\u00e3o corporal, amea\u00e7a e estupro no 89\u00ba DP (Jardim Tabo\u00e3o).<\/p>\n<p class=\"wp-block-paragraph\"><strong>LEIA TAMB\u00c9M: <\/strong><a href=\"https:\/\/www.agenciasp.sp.gov.br\/operacao-da-policia-civil-prende-4-por-crimes-sexuais-contra-criancas-em-sao-jose-do-rio-preto\/\" rel=\"noopener\">Opera\u00e7\u00e3o da Pol\u00edcia Civil prende 4 investigados por crimes sexuais contra crian\u00e7as em S\u00e3o Jos\u00e9 do Rio Preto<\/a><\/p>\n<h3 class=\"wp-block-heading\">Governo de SP cria patrulha in\u00e9dita para prote\u00e7\u00e3o de mulheres<\/h3>\n<p class=\"wp-block-paragraph\">A Patrulha SP Mulher Segura atua de forma ostensiva e preventiva no acompanhamento de ocorr\u00eancias relacionadas \u00e0 viol\u00eancia contra a mulher, com foco em casos atendidos pela Cabine Lil\u00e1s e acionamentos do bot\u00e3o do p\u00e2nico do aplicativo SP Mulher Segura. O objetivo \u00e9 monitorar situa\u00e7\u00f5es de risco que, muitas vezes, n\u00e3o resultam imediatamente em um boletim de ocorr\u00eancia, mas que podem evoluir para epis\u00f3dios mais graves de viol\u00eancia.<\/p>\n<p class=\"wp-block-paragraph\">As unidades tamb\u00e9m mapeiam \u00e1reas e ocorr\u00eancias recorrentes, fortalecendo a presen\u00e7a policial e ampliando a rede de prote\u00e7\u00e3o \u00e0s v\u00edtimas. A medida busca antecipar situa\u00e7\u00f5es de risco e garantir resposta mais r\u00e1pida das equipes de seguran\u00e7a p\u00fablica.<\/p>\n<p class=\"wp-block-paragraph\"><strong>LEIA TAMB\u00c9M: <\/strong><a href=\"https:\/\/www.agenciasp.sp.gov.br\/governo-de-sp-lanca-protocolo-nao-se-cale-vai-a-escola-para-combater-a-violencia-contra-mulheres-e-meninas-na-rede-estadual\/\" rel=\"noopener\">Governo de SP lan\u00e7a Protocolo N\u00e3o se Cale vai \u00e0 Escola para combater a viol\u00eancia contra mulheres e meninas na rede estadual<\/a><\/p>\n<p class=\"wp-block-paragraph\">Para a implanta\u00e7\u00e3o da nova estrutura, o Governo de S\u00e3o Paulo entregou 25 novas viaturas destinadas exclusivamente \u00e0 iniciativa. Os ve\u00edculos foram distribu\u00eddos operacionalmente pela Pol\u00edcia Militar conforme os indicadores e demandas de cada regi\u00e3o, com amplia\u00e7\u00e3o at\u00e9 o final do ano.<\/p>\n<\/p><\/div>\n<p><br \/>\n<br \/><a href=\"https:\/\/www.agenciasp.sp.gov.br\/patrulha-sp-mulher-segura-prende-homem-por-violencia-domestica-e-estupro-na-capital\/\" rel=\"noopener\">Informa\u00e7\u00f5es GOV.SP<\/a><\/p>\n","protected":false},"excerpt":{"rendered":"<p>A Patrulha SP Mulher Segura, da Pol\u00edcia Militar, prendeu um homem de 28 anos por viol\u00eancia dom\u00e9stica e estupro nesta ter\u00e7a-feira (16), na Zona Sul da capital paulista. Ele fugiu ap\u00f3s a v\u00edtima registrar o boletim de ocorr\u00eancia, mas foi encontrado pelas equipes da viatura lil\u00e1s. A v\u00edtima de 37 anos acionou a Pol\u00edcia Militar [&hellip;]<\/p>\n","protected":false},"author":1,"featured_media":69243,"comment_status":"","ping_status":"open","sticky":false,"template":"","format":"standard","meta":{"_jetpack_newsletter_access":"","_jetpack_dont_email_post_to_subs":false,"_jetpack_newsletter_tier_id":0,"_jetpack_memberships_contains_paywalled_content":false,"_mbp_banners":[],"_jetpack_feature_clip_id":0,"_jetpack_memberships_contains_paid_content":false,"footnotes":"","jetpack_publicize_message":"","jetpack_publicize_feature_enabled":true,"jetpack_social_post_already_shared":true,"jetpack_social_options":{"image_generator_settings":{"template":"highway","default_image_id":0,"font":"","enabled":false},"version":2},"jetpack_post_was_ever_published":false},"categories":[21],"tags":[],"class_list":["post-69242","post","type-post","status-publish","format-standard","has-post-thumbnail","category-sp-news"],"jetpack_publicize_connections":[],"jetpack-related-posts":[],"jetpack_shortlink":"https:\/\/wp.me\/p7Eq1F-i0O","jetpack_sharing_enabled":true,"jetpack_featured_media_url":"https:\/\/i0.wp.com\/guialimeira.com.br\/news\/wp-content\/uploads\/2026\/06\/Patrulha-SP-Mulher-Segura-prende-homem-por-violencia-domestica-e.jpg?fit=2048%2C1365&ssl=1","_links":{"self":[{"href":"https:\/\/guialimeira.com.br\/news\/wp-json\/wp\/v2\/posts\/69242","targetHints":{"allow":["GET"]}}],"collection":[{"href":"https:\/\/guialimeira.com.br\/news\/wp-json\/wp\/v2\/posts"}],"about":[{"href":"https:\/\/guialimeira.com.br\/news\/wp-json\/wp\/v2\/types\/post"}],"author":[{"embeddable":true,"href":"https:\/\/guialimeira.com.br\/news\/wp-json\/wp\/v2\/users\/1"}],"replies":[{"embeddable":true,"href":"https:\/\/guialimeira.com.br\/news\/wp-json\/wp\/v2\/comments?post=69242"}],"version-history":[{"count":0,"href":"https:\/\/guialimeira.com.br\/news\/wp-json\/wp\/v2\/posts\/69242\/revisions"}],"wp:featuredmedia":[{"embeddable":true,"href":"https:\/\/guialimeira.com.br\/news\/wp-json\/wp\/v2\/media\/69243"}],"wp:attachment":[{"href":"https:\/\/guialimeira.com.br\/news\/wp-json\/wp\/v2\/media?parent=69242"}],"wp:term":[{"taxonomy":"category","embeddable":true,"href":"https:\/\/guialimeira.com.br\/news\/wp-json\/wp\/v2\/categories?post=69242"},{"taxonomy":"post_tag","embeddable":true,"href":"https:\/\/guialimeira.com.br\/news\/wp-json\/wp\/v2\/tags?post=69242"}],"curies":[{"name":"wp","href":"https:\/\/api.w.org\/{rel}","templated":true}]}}