{"id":69238,"date":"2026-06-16T19:49:08","date_gmt":"2026-06-16T22:49:08","guid":{"rendered":"https:\/\/guialimeira.com.br\/operacao-da-policia-civil-prende-4-investigados-por-crimes-sexuais-contra-criancas-em-sao-jose-do-rio-preto\/"},"modified":"2026-06-16T19:49:08","modified_gmt":"2026-06-16T22:49:08","slug":"operacao-da-policia-civil-prende-4-investigados-por-crimes-sexuais-contra-criancas-em-sao-jose-do-rio-preto","status":"publish","type":"post","link":"https:\/\/guialimeira.com.br\/news\/operacao-da-policia-civil-prende-4-investigados-por-crimes-sexuais-contra-criancas-em-sao-jose-do-rio-preto\/","title":{"rendered":"Opera\u00e7\u00e3o da Pol\u00edcia Civil prende 4 investigados por crimes sexuais contra crian\u00e7as em S\u00e3o Jos\u00e9 do Rio Preto"},"content":{"rendered":"<p> <br \/>\n<br \/><img data-recalc-dims=\"1\" decoding=\"async\" src=\"https:\/\/i0.wp.com\/www.agenciasp.sp.gov.br\/wp-content\/uploads\/2026\/03\/00060746.jpg?w=696&#038;ssl=1\" \/><\/p>\n<div>\n<p class=\"wp-block-paragraph\">A Pol\u00edcia Civil prendeu nesta ter\u00e7a-feira (16), na regi\u00e3o de S\u00e3o Jos\u00e9 do Rio Preto, tr\u00eas mulheres e um homem, com idades entre 20 e 59 anos, por envolvimento em crimes sexuais contra crian\u00e7as e adolescentes. Eles s\u00e3o investigados por explora\u00e7\u00e3o sexual de vulner\u00e1veis, produ\u00e7\u00e3o, armazenamento e compartilhamento de material il\u00edcito.<\/p>\n<p class=\"wp-block-paragraph\">Os agentes deflagraram a Opera\u00e7\u00e3o Divina Prote\u00e7\u00e3o, que cumpriu quatro mandados de pris\u00f5es tempor\u00e1rias e cinco mandados de busca e apreens\u00e3o em endere\u00e7os de S\u00e3o Jos\u00e9 do Rio Preto, Bady Bassit e Cedral.<\/p>\n<p class=\"wp-block-paragraph\">O trabalho investigativo colheu elementos consistentes sobre a atua\u00e7\u00e3o dos suspeitos em crimes contra menores, que levaram \u00e0 expedi\u00e7\u00e3o dos mandados judiciais. Durante as dilig\u00eancias, as equipes policiais apreenderam dispositivos eletr\u00f4nicos e outros materiais, que ser\u00e3o submetidos \u00e0 per\u00edcia e an\u00e1lise t\u00e9cnica especializada.<\/p>\n<p class=\"wp-block-paragraph\">As investiga\u00e7\u00f5es seguem em andamento, sob sigilo de Justi\u00e7a, para preservar as dilig\u00eancias e garantir a seguran\u00e7a das v\u00edtimas.<\/p>\n<p class=\"wp-block-paragraph\">O caso foi registrado como cumprimento de mandado de busca e apreens\u00e3o e captura de procurado na DDM de S\u00e3o Jos\u00e9 do Rio Preto.<\/p>\n<\/p><\/div>\n<p><br \/>\n<br \/><a href=\"https:\/\/www.agenciasp.sp.gov.br\/operacao-da-policia-civil-prende-4-por-crimes-sexuais-contra-criancas-em-sao-jose-do-rio-preto\/\" rel=\"noopener\">Informa\u00e7\u00f5es GOV.SP<\/a><\/p>\n","protected":false},"excerpt":{"rendered":"<p>A Pol\u00edcia Civil prendeu nesta ter\u00e7a-feira (16), na regi\u00e3o de S\u00e3o Jos\u00e9 do Rio Preto, tr\u00eas mulheres e um homem, com idades entre 20 e 59 anos, por envolvimento em crimes sexuais contra crian\u00e7as e adolescentes. Eles s\u00e3o investigados por explora\u00e7\u00e3o sexual de vulner\u00e1veis, produ\u00e7\u00e3o, armazenamento e compartilhamento de material il\u00edcito. Os agentes deflagraram a [&hellip;]<\/p>\n","protected":false},"author":1,"featured_media":57233,"comment_status":"","ping_status":"open","sticky":false,"template":"","format":"standard","meta":{"_jetpack_newsletter_access":"","_jetpack_dont_email_post_to_subs":false,"_jetpack_newsletter_tier_id":0,"_jetpack_memberships_contains_paywalled_content":false,"_mbp_banners":[],"_jetpack_feature_clip_id":0,"_jetpack_memberships_contains_paid_content":false,"footnotes":"","jetpack_publicize_message":"","jetpack_publicize_feature_enabled":true,"jetpack_social_post_already_shared":true,"jetpack_social_options":{"image_generator_settings":{"template":"highway","default_image_id":0,"font":"","enabled":false},"version":2},"jetpack_post_was_ever_published":false},"categories":[21],"tags":[],"class_list":["post-69238","post","type-post","status-publish","format-standard","has-post-thumbnail","category-sp-news"],"jetpack_publicize_connections":[],"jetpack-related-posts":[],"jetpack_shortlink":"https:\/\/wp.me\/p7Eq1F-i0K","jetpack_sharing_enabled":true,"jetpack_featured_media_url":"https:\/\/i0.wp.com\/guialimeira.com.br\/news\/wp-content\/uploads\/2026\/03\/Policia-Civil-encontra-desmanche-de-motos-roubadas-na-zona-norte.jpg?fit=1600%2C1066&ssl=1","_links":{"self":[{"href":"https:\/\/guialimeira.com.br\/news\/wp-json\/wp\/v2\/posts\/69238","targetHints":{"allow":["GET"]}}],"collection":[{"href":"https:\/\/guialimeira.com.br\/news\/wp-json\/wp\/v2\/posts"}],"about":[{"href":"https:\/\/guialimeira.com.br\/news\/wp-json\/wp\/v2\/types\/post"}],"author":[{"embeddable":true,"href":"https:\/\/guialimeira.com.br\/news\/wp-json\/wp\/v2\/users\/1"}],"replies":[{"embeddable":true,"href":"https:\/\/guialimeira.com.br\/news\/wp-json\/wp\/v2\/comments?post=69238"}],"version-history":[{"count":0,"href":"https:\/\/guialimeira.com.br\/news\/wp-json\/wp\/v2\/posts\/69238\/revisions"}],"wp:featuredmedia":[{"embeddable":true,"href":"https:\/\/guialimeira.com.br\/news\/wp-json\/wp\/v2\/media\/57233"}],"wp:attachment":[{"href":"https:\/\/guialimeira.com.br\/news\/wp-json\/wp\/v2\/media?parent=69238"}],"wp:term":[{"taxonomy":"category","embeddable":true,"href":"https:\/\/guialimeira.com.br\/news\/wp-json\/wp\/v2\/categories?post=69238"},{"taxonomy":"post_tag","embeddable":true,"href":"https:\/\/guialimeira.com.br\/news\/wp-json\/wp\/v2\/tags?post=69238"}],"curies":[{"name":"wp","href":"https:\/\/api.w.org\/{rel}","templated":true}]}}