{"id":69214,"date":"2026-06-16T15:43:07","date_gmt":"2026-06-16T18:43:07","guid":{"rendered":"https:\/\/guialimeira.com.br\/bairro-de-alvares-machado-na-regiao-de-presidente-prudente-recebe-obras-de-implantacao-da-rede-de-agua-e-esgoto\/"},"modified":"2026-06-16T15:43:07","modified_gmt":"2026-06-16T18:43:07","slug":"bairro-de-alvares-machado-na-regiao-de-presidente-prudente-recebe-obras-de-implantacao-da-rede-de-agua-e-esgoto","status":"publish","type":"post","link":"https:\/\/guialimeira.com.br\/news\/bairro-de-alvares-machado-na-regiao-de-presidente-prudente-recebe-obras-de-implantacao-da-rede-de-agua-e-esgoto\/","title":{"rendered":"Bairro de \u00c1lvares Machado, na regi\u00e3o de Presidente Prudente, recebe obras de implanta\u00e7\u00e3o da rede de \u00e1gua e esgoto"},"content":{"rendered":"<p> <br \/>\n<br \/><img data-recalc-dims=\"1\" decoding=\"async\" src=\"https:\/\/i0.wp.com\/www.agenciasp.sp.gov.br\/wp-content\/uploads\/2026\/01\/Estacao-Tratamento-de-Esgoto-Parque-Novo-Mundo.jpg?w=696&#038;ssl=1\" \/><\/p>\n<div>\n<p class=\"wp-block-paragraph\">Cerca de mil moradores ser\u00e3o beneficiados com as obras de implanta\u00e7\u00e3o de rede de \u00e1gua e esgoto e da Esta\u00e7\u00e3o Elevat\u00f3ria de Esgoto (EEE) no bairro Ch\u00e1caras Martins, no munic\u00edpio de \u00c1lvares Machado, regi\u00e3o de Presidente Prudente. As obras de infraestrutura fazem parte do pacote de investimentos realizados pela Sabesp ap\u00f3s a desestatiza\u00e7\u00e3o feita pelo Governo de S\u00e3o Paulo.<\/p>\n<p class=\"wp-block-paragraph\">Ao todo, est\u00e3o sendo implantados 20,2 quil\u00f4metros de rede de esgoto e 5,5 quil\u00f4metros de rede de \u00e1gua, totalizando mais de 25 quil\u00f4metros de infraestrutura. Em linha reta, essa extens\u00e3o corresponde, aproximadamente, \u00e0 dist\u00e2ncia entre a Pra\u00e7a da S\u00e9, marco zero da capital paulista, e o munic\u00edpio de Osasco, na regi\u00e3o metropolitana de S\u00e3o Paulo.\u00a0<\/p>\n<p class=\"wp-block-paragraph\">Com previs\u00e3o de conclus\u00e3o em dezembro deste ano, as obras contam com investimentos de R$ 8 milh\u00f5es e representam um avan\u00e7o significativo para a sa\u00fade p\u00fablica e para a preserva\u00e7\u00e3o ambiental.\u00a0<\/p>\n<p class=\"wp-block-paragraph\"><strong>LEIA TAMB\u00c9M: <\/strong><a href=\"https:\/\/www.agenciasp.sp.gov.br\/obras-de-saneamento-robo-sabesp\/\" rel=\"noopener\">Obras de saneamento em SP ganham refor\u00e7o tecnol\u00f3gico com cachorro rob\u00f4 para aumentar seguran\u00e7a<\/a><\/p>\n<p class=\"wp-block-paragraph\">A coleta e o tratamento adequados do esgoto contribuem para a redu\u00e7\u00e3o da polui\u00e7\u00e3o, a prote\u00e7\u00e3o dos recursos h\u00eddricos e a preven\u00e7\u00e3o de doen\u00e7as relacionadas \u00e0 falta de saneamento.<\/p>\n<p class=\"wp-block-paragraph\">Os reflexos positivos tamb\u00e9m alcan\u00e7am a economia das fam\u00edlias e do munic\u00edpio. Estudos do setor apontam que para cada R$ 1 investido em saneamento b\u00e1sico, h\u00e1 uma economia de cerca de R$ 4 em gastos com sa\u00fade. Al\u00e9m disso, a chegada da infraestrutura valoriza os im\u00f3veis, fortalece o desenvolvimento urbano e cria condi\u00e7\u00f5es mais favor\u00e1veis para a atra\u00e7\u00e3o de novos investimentos.<\/p>\n<p class=\"wp-block-paragraph\">As obras integram o conjunto de a\u00e7\u00f5es voltadas \u00e0 amplia\u00e7\u00e3o do acesso aos servi\u00e7os de \u00e1gua e esgoto em todas as regi\u00f5es do Estado proposto pelo novo contrato da Sabesp, firmado ap\u00f3s a desestatiza\u00e7\u00e3o, para atingir a universaliza\u00e7\u00e3o do saneamento e garantir que cada vez mais fam\u00edlias tenham acesso a servi\u00e7os essenciais com seguran\u00e7a e dignidade.<\/p>\n<p class=\"wp-block-paragraph\"><strong>LEIA TAMB\u00c9M:<\/strong> <a href=\"https:\/\/www.agenciasp.sp.gov.br\/estudo-sobre-sao-paulo-aponta-que-acesso-universal-ao-saneamento-pode-reduzir-emissoes-gerar-empregos-e-melhorar-desempenho-escolar\/\" rel=\"noopener\">Estudo do MIT sobre S\u00e3o Paulo aponta que acesso universal ao saneamento impacta na gera\u00e7\u00e3o de empregos e melhora do desempenho escolar<\/a><\/p>\n<p class=\"wp-block-paragraph\">\u201cEstamos levando infraestrutura que transforma a vida das pessoas. Esses investimentos significam mais sa\u00fade, prote\u00e7\u00e3o ao meio ambiente e qualidade de vida para os moradores de \u00c1lvares Machado. Tamb\u00e9m representam desenvolvimento para o munic\u00edpio, com valoriza\u00e7\u00e3o da regi\u00e3o e perspectivas de novas oportunidades para a popula\u00e7\u00e3 o\u201d, destaca o gerente regional da Sabesp, F\u00e1bio Nunes.<\/p>\n<\/p><\/div>\n<p><br \/>\n<br \/><a href=\"https:\/\/www.agenciasp.sp.gov.br\/bairro-de-alvares-machado-na-regiao-de-presidente-prudente-recebe-obras-de-implantacao-da-rede-de-agua-e-esgoto\/\" rel=\"noopener\">Informa\u00e7\u00f5es GOV.SP<\/a><\/p>\n","protected":false},"excerpt":{"rendered":"<p>Cerca de mil moradores ser\u00e3o beneficiados com as obras de implanta\u00e7\u00e3o de rede de \u00e1gua e esgoto e da Esta\u00e7\u00e3o Elevat\u00f3ria de Esgoto (EEE) no bairro Ch\u00e1caras Martins, no munic\u00edpio de \u00c1lvares Machado, regi\u00e3o de Presidente Prudente. As obras de infraestrutura fazem parte do pacote de investimentos realizados pela Sabesp ap\u00f3s a desestatiza\u00e7\u00e3o feita pelo [&hellip;]<\/p>\n","protected":false},"author":1,"featured_media":69215,"comment_status":"","ping_status":"open","sticky":false,"template":"","format":"standard","meta":{"_jetpack_newsletter_access":"","_jetpack_dont_email_post_to_subs":false,"_jetpack_newsletter_tier_id":0,"_jetpack_memberships_contains_paywalled_content":false,"_mbp_banners":[],"_jetpack_feature_clip_id":0,"_jetpack_memberships_contains_paid_content":false,"footnotes":"","jetpack_publicize_message":"","jetpack_publicize_feature_enabled":true,"jetpack_social_post_already_shared":true,"jetpack_social_options":{"image_generator_settings":{"template":"highway","default_image_id":0,"font":"","enabled":false},"version":2},"jetpack_post_was_ever_published":false},"categories":[21],"tags":[],"class_list":["post-69214","post","type-post","status-publish","format-standard","has-post-thumbnail","category-sp-news"],"jetpack_publicize_connections":[],"jetpack-related-posts":[],"jetpack_shortlink":"https:\/\/wp.me\/p7Eq1F-i0m","jetpack_sharing_enabled":true,"jetpack_featured_media_url":"https:\/\/i0.wp.com\/guialimeira.com.br\/news\/wp-content\/uploads\/2026\/06\/Bairro-de-Alvares-Machado-na-regiao-de-Presidente-Prudente-recebe.jpg?fit=2048%2C1365&ssl=1","_links":{"self":[{"href":"https:\/\/guialimeira.com.br\/news\/wp-json\/wp\/v2\/posts\/69214","targetHints":{"allow":["GET"]}}],"collection":[{"href":"https:\/\/guialimeira.com.br\/news\/wp-json\/wp\/v2\/posts"}],"about":[{"href":"https:\/\/guialimeira.com.br\/news\/wp-json\/wp\/v2\/types\/post"}],"author":[{"embeddable":true,"href":"https:\/\/guialimeira.com.br\/news\/wp-json\/wp\/v2\/users\/1"}],"replies":[{"embeddable":true,"href":"https:\/\/guialimeira.com.br\/news\/wp-json\/wp\/v2\/comments?post=69214"}],"version-history":[{"count":0,"href":"https:\/\/guialimeira.com.br\/news\/wp-json\/wp\/v2\/posts\/69214\/revisions"}],"wp:featuredmedia":[{"embeddable":true,"href":"https:\/\/guialimeira.com.br\/news\/wp-json\/wp\/v2\/media\/69215"}],"wp:attachment":[{"href":"https:\/\/guialimeira.com.br\/news\/wp-json\/wp\/v2\/media?parent=69214"}],"wp:term":[{"taxonomy":"category","embeddable":true,"href":"https:\/\/guialimeira.com.br\/news\/wp-json\/wp\/v2\/categories?post=69214"},{"taxonomy":"post_tag","embeddable":true,"href":"https:\/\/guialimeira.com.br\/news\/wp-json\/wp\/v2\/tags?post=69214"}],"curies":[{"name":"wp","href":"https:\/\/api.w.org\/{rel}","templated":true}]}}