{"id":69210,"date":"2026-06-16T14:54:07","date_gmt":"2026-06-16T17:54:07","guid":{"rendered":"https:\/\/guialimeira.com.br\/prefeitura-de-limeira-abre-inscricoes-para-a-selecao-de-professores-do-xii-encontro-internacional-de-cordas\/"},"modified":"2026-06-16T14:54:07","modified_gmt":"2026-06-16T17:54:07","slug":"prefeitura-de-limeira-abre-inscricoes-para-a-selecao-de-professores-do-xii-encontro-internacional-de-cordas","status":"publish","type":"post","link":"https:\/\/guialimeira.com.br\/news\/prefeitura-de-limeira-abre-inscricoes-para-a-selecao-de-professores-do-xii-encontro-internacional-de-cordas\/","title":{"rendered":"Prefeitura de Limeira abre inscri\u00e7\u00f5es para a sele\u00e7\u00e3o de professores do XII Encontro Internacional de Cordas"},"content":{"rendered":"<p> <br \/>\n<\/p>\n<div>\n                <main class=\"\">&#13;<br \/>\n                    &#13;<br \/>\n&#13;<br \/>\n&#13;<br \/>\n&#13;<br \/>\n&#13;<br \/>\n&#13;<br \/>\n    <img data-recalc-dims=\"1\" decoding=\"async\" src=\"https:\/\/i0.wp.com\/ecrie.com.br\/sistema\/conteudos\/imagem\/m_137_0_1_01042026124227.jpg?w=696&#038;ssl=1\" alt=\"Prefeitura de Limeira abre inscri\u00e7\u00f5es para a sele\u00e7\u00e3o de professores do XII Encontro Internacional de Cordas\"\/>&#13;<br \/>\n&#13;<br \/>\n&#13;<\/p>\n<p data-path-to-node=\"3\">A Prefeitura de Limeira, por meio da Secretaria Municipal de Cultura e com o apoio da Sociedade Pr\u00f3-Sinf\u00f4nica de Limeira, anunciou a abertura das inscri\u00e7\u00f5es para a sele\u00e7\u00e3o de professores(as) que atuar\u00e3o no XII Encontro Internacional de Cordas (EIC) &#8211; Ano 2026.<\/p>\n<p>&#13;<\/p>\n<p data-path-to-node=\"4\">O renomado festival acontecer\u00e1 entre os dias 26 de julho e 01 de agosto de 2026, ocupando os espa\u00e7os culturais do Palacete Levy e do Palacete Tatuibi. O objetivo do evento \u00e9 promover masterclasses e concertos eruditos noturnos, trazendo grandes especialistas para transmitir conhecimentos avan\u00e7ados a estudantes e profissionais da m\u00fasica.<\/p>\n<p>&#13;<\/p>\n<h2 data-path-to-node=\"5\">Informa\u00e7\u00f5es Gerais<\/h2>\n<p>&#13;<\/p>\n<ul data-path-to-node=\"6\">&#13;<\/p>\n<li>&#13;\n<p data-path-to-node=\"6,0,0\"><strong data-path-to-node=\"6,0,0\" data-index-in-node=\"0\">Per\u00edodo de Inscri\u00e7\u00f5es:<\/strong> At\u00e9 30 de junho de 2026.<\/p>\n<p>&#13;\n<\/li>\n<p>&#13;<\/p>\n<li>&#13;\n<p data-path-to-node=\"6,1,0\"><strong data-path-to-node=\"6,1,0\" data-index-in-node=\"0\">Taxa de Inscri\u00e7\u00e3o:<\/strong> Gratuita.<\/p>\n<p>&#13;\n<\/li>\n<p>&#13;<\/p>\n<li>&#13;\n<p data-path-to-node=\"6,2,0\"><strong data-path-to-node=\"6,2,0\" data-index-in-node=\"0\">Como se inscrever:<\/strong> Todo o material e documentos devem ser enviados em um <strong data-path-to-node=\"6,2,0\" data-index-in-node=\"73\">\u00fanico e-mail<\/strong> para <a class=\"ng-star-inserted\" href=\"http:\/\/limeira.sp.gov.br\/cdn-cgi\/l\/email-protection#a7c2c9c4c8c9d3d5c8c3c2c4c8d5c3c6d4e7c0cac6cecb89c4c8ca\" target=\"_blank\" rel=\"noopener\" data-hveid=\"0\" data-ved=\"0CAAQ_4QMahcKEwieko_JpYyVAxUAAAAAHQAAAAAQOg\"><span class=\"__cf_email__\" data-cfemail=\"7d18131e1213090f1219181e120f191c0e3d1a101c1411531e1210\">[email\u00a0protected]<\/span><\/a>, com o assunto <strong data-path-to-node=\"6,2,0\" data-index-in-node=\"133\">&#8220;XII Encontro Internacional de Cordas&#8221;<\/strong>.<\/p>\n<p>&#13;\n<\/li>\n<p>&#13;<\/p>\n<li>&#13;\n<p data-path-to-node=\"6,3,0\"><strong data-path-to-node=\"6,3,0\" data-index-in-node=\"0\">D\u00favidas e esclarecimentos:<\/strong> Telefone (19) 3451-0502.<\/p>\n<p>&#13;\n<\/li>\n<p>&#13;\n<\/ul>\n<p>&#13;<\/p>\n<h2 data-path-to-node=\"7\">Vagas e Premia\u00e7\u00e3o<\/h2>\n<p>&#13;<\/p>\n<p data-path-to-node=\"8\">O edital, respaldado pelo Marco Regulat\u00f3rio do Fomento Cultural (Lei Federal n\u00ba 14.903\/2024), selecionar\u00e1 <strong data-path-to-node=\"8\" data-index-in-node=\"106\">7 profissionais<\/strong> (Pessoas F\u00edsicas ou Jur\u00eddicas) com experi\u00eancia comprovada. Al\u00e9m de ministrar as masterclasses, cada selecionado dever\u00e1 obrigatoriamente participar de, no m\u00ednimo, um concerto na programa\u00e7\u00e3o.<\/p>\n<p>&#13;<\/p>\n<p data-path-to-node=\"9\">A transfer\u00eancia de recursos ocorrer\u00e1 sob a modalidade de <strong data-path-to-node=\"9\" data-index-in-node=\"57\">Premia\u00e7\u00e3o Cultural<\/strong> (sem reten\u00e7\u00e3o de impostos na fonte pagadora e sem necessidade de presta\u00e7\u00e3o de contas adicionais). O valor individual do pr\u00eamio \u00e9 de <strong data-path-to-node=\"9\" data-index-in-node=\"208\">R$ 2.900,00<\/strong>, pago em parcela \u00fanica no dia 03 de agosto de 2026.<\/p>\n<p>&#13;<\/p>\n<p data-path-to-node=\"10\">As vagas est\u00e3o divididas entre as seguintes especialidades:<\/p>\n<p>&#13;<br \/>\n&#13;<\/p>\n<h2 data-path-to-node=\"13\">\ud83d\udd17 Links \u00dateis e Emiss\u00e3o de Certid\u00f5es Obrigat\u00f3rias<\/h2>\n<p>&#13;<\/p>\n<p data-path-to-node=\"14\">Para validar a inscri\u00e7\u00e3o, os candidatos devem anexar as certid\u00f5es negativas exigidas. Abaixo est\u00e3o compilados todos os links oficiais para emiss\u00e3o dos documentos e acompanhamento do processo:<\/p>\n<p>&#13;<\/p>\n<h3 data-path-to-node=\"15\">\ud83d\udcd1 Documenta\u00e7\u00e3o Geral e Acompanhamento<\/h3>\n<p>&#13;<br \/>\n&#13;<\/p>\n<h3 data-path-to-node=\"17\">\ud83d\udc64 Certid\u00f5es Obrigat\u00f3rias para Pessoa F\u00edsica (PF)<\/h3>\n<p>&#13;<br \/>\n&#13;<\/p>\n<h3 data-path-to-node=\"19\">\ud83c\udfe2 Certid\u00f5es Obrigat\u00f3rias para Pessoa Jur\u00eddica (PJ)<\/h3>\n<p>&#13;<\/p>\n<p data-path-to-node=\"20\">Al\u00e9m dos links federais, estaduais e trabalhistas listados acima, as empresas prestadoras devem emitir:<\/p>\n<p>&#13;<\/p>\n<ul data-path-to-node=\"21\">&#13;<\/p>\n<li>&#13;\n<p data-path-to-node=\"21,0,0\"><strong data-path-to-node=\"21,0,0\" data-index-in-node=\"0\">Regularidade do FGTS (CRF):<\/strong> <a class=\"ng-star-inserted\" href=\"https:\/\/consulta-crf.caixa.gov.br\/consultacrf\/pages\/consultaEmpregador.jsf\" target=\"_blank\" rel=\"noopener\" data-hveid=\"0\" data-ved=\"0CAAQ_4QMahcKEwieko_JpYyVAxUAAAAAHQAAAAAQPw\">Emitir no site da Caixa Econ\u00f4mica<\/a>.<\/p>\n<p>&#13;\n<\/li>\n<p>&#13;<\/p>\n<li>&#13;\n<p data-path-to-node=\"21,1,0\"><strong data-path-to-node=\"21,1,0\" data-index-in-node=\"0\">Certid\u00e3o Negativa de Apenados:<\/strong> <a class=\"ng-star-inserted\" href=\"http:\/\/www4.tce.sp.gov.br\/publicacoes\/apenados\/apenados.shtm\" target=\"_blank\" rel=\"noopener\" data-hveid=\"0\" data-ved=\"0CAAQ_4QMahcKEwieko_JpYyVAxUAAAAAHQAAAAAQQA\">Consultar no site do TCE-SP<\/a>.<\/p>\n<p>&#13;\n<\/li>\n<p>&#13;<\/p>\n<li>&#13;\n<p data-path-to-node=\"21,2,0\"><strong data-path-to-node=\"21,2,0\" data-index-in-node=\"0\">Certid\u00e3o Negativa de Tributos Mobili\u00e1rios (Limeira):<\/strong> <a class=\"ng-star-inserted\" href=\"https:\/\/www.limeira.sp.gov.br\/empresa\/alvaras-certidoes-e-licencas\/certidoes\/certidao-negativa-de-tributos-imobiliarios-e-issqn\" target=\"_blank\" rel=\"noopener\" data-hveid=\"0\" data-ved=\"0CAAQ_4QMahcKEwieko_JpYyVAxUAAAAAHQAAAAAQQQ\">Emitir no Portal da Empresa &#8211; Limeira<\/a>.<\/p>\n<p>&#13;\n<\/li>\n<p>&#13;<\/p>\n<li>&#13;\n<p data-path-to-node=\"21,3,0\"><strong data-path-to-node=\"21,3,0\" data-index-in-node=\"0\">Certid\u00e3o Negativa de Tributos Imobili\u00e1rios (IPTU Limeira):<\/strong> <a class=\"ng-star-inserted\" href=\"https:\/\/limeira.1doc.com.br\/b.php?pg=o\/central_servicos&amp;tab=orgao&amp;filter=01HV4RNSBWMGBNDPWCABP2YPKC\" target=\"_blank\" rel=\"noopener\" data-hveid=\"0\" data-ved=\"0CAAQ_4QMahcKEwieko_JpYyVAxUAAAAAHQAAAAAQQg\">Solicitar via Central de Servi\u00e7os 1Doc<\/a>. <em data-path-to-node=\"21,3,0\" data-index-in-node=\"99\">(Nota: Acesse a Central da Secretaria da Fazenda, busque por &#8220;Certid\u00e3o Imobili\u00e1ria&#8221;, clique em &#8220;Abrir Online&#8221; e fa\u00e7a a solicita\u00e7\u00e3o por CPF\/CNPJ. O prazo de emiss\u00e3o \u00e9 de at\u00e9 3 dias \u00fateis).<\/em><\/p>\n<p>&#13;\n<\/li>\n<p>&#13;<\/p>\n<li>&#13;\n<p data-path-to-node=\"21,4,0\"><em data-path-to-node=\"21,4,0\" data-index-in-node=\"0\">Obs: Para empresas com fins lucrativos, tamb\u00e9m \u00e9 necess\u00e1ria a Certid\u00e3o Negativa de Fal\u00eancia e Recupera\u00e7\u00e3o Judicial, expedida pelo Tribunal de Justi\u00e7a do seu respectivo estado.<\/em><\/p>\n<p>&#13;\n<\/li>\n<p>&#13;\n<\/ul>\n<p>&#13;<\/p>\n<h2 data-path-to-node=\"23\">\ud83d\udcc5 Cronograma do Processo Seletivo<\/h2>\n<p>&#13;<\/p>\n<ul data-path-to-node=\"24\">&#13;<\/p>\n<li>&#13;\n<p data-path-to-node=\"24,0,0\"><strong data-path-to-node=\"24,0,0\" data-index-in-node=\"0\">At\u00e9 30\/06\/2026:<\/strong> Prazo final para envio das inscri\u00e7\u00f5es por e-mail.<\/p>\n<p>&#13;\n<\/li>\n<p>&#13;<\/p>\n<li>&#13;\n<p data-path-to-node=\"24,1,0\"><strong data-path-to-node=\"24,1,0\" data-index-in-node=\"0\">03\/07\/2026:<\/strong> Divulga\u00e7\u00e3o dos profissionais selecionados pela Banca Avaliadora.<\/p>\n<p>&#13;\n<\/li>\n<p>&#13;<\/p>\n<li>&#13;\n<p data-path-to-node=\"24,2,0\"><strong data-path-to-node=\"24,2,0\" data-index-in-node=\"0\">09\/07\/2026:<\/strong> Homologa\u00e7\u00e3o do resultado final no Jornal Oficial de Limeira.<\/p>\n<p>&#13;\n<\/li>\n<p>&#13;<\/p>\n<li>&#13;\n<p data-path-to-node=\"24,3,0\"><strong data-path-to-node=\"24,3,0\" data-index-in-node=\"0\">10\/07\/2026:<\/strong> Assinatura do Termo de Premia\u00e7\u00e3o Cultural.<\/p>\n<p>&#13;\n<\/li>\n<p>&#13;<\/p>\n<li>&#13;\n<p data-path-to-node=\"24,4,0\"><strong data-path-to-node=\"24,4,0\" data-index-in-node=\"0\">26\/07 a 01\/08\/2026:<\/strong> Realiza\u00e7\u00e3o do XII Encontro Internacional de Cordas.<\/p>\n<p>&#13;\n<\/li>\n<p>&#13;<\/p>\n<li>&#13;\n<p data-path-to-node=\"24,5,0\"><strong data-path-to-node=\"24,5,0\" data-index-in-node=\"0\">03\/08\/2026:<\/strong> Pagamento da premia\u00e7\u00e3o em conta banc\u00e1ria (titularidade \u00fanica do CPF\/CNPJ inscrito).<\/p>\n<p>&#13;\n<\/li>\n<p>&#13;\n<\/ul>\n<p>&#13;<br \/>\n&#13;<br \/>\n&#13;<br \/>\n&#13;<\/p>\n<article class=\"conteudo-relacionado no-print\">&#13;<br \/>\n        &#13;<br \/>\n&#13;<br \/>\n        &#13;<br \/>\n    <\/article>\n<p>&#13;<br \/>\n&#13;<br \/>\n                <\/main><\/p><\/div>\n<p><br \/>\n<br \/><a href=\"https:\/\/limeira.sp.gov.br\/prefeitura-de-limeira-abre-inscricoes-para-a-selecao-de-professores-do-xii-encontro-internacional-de-cordas\" rel=\"noopener\">Informa\u00e7\u00f5es da PML <\/a><\/p>\n","protected":false},"excerpt":{"rendered":"<p>&#13; &#13; &#13; &#13; &#13; &#13; &#13; &#13; &#13; &#13; A Prefeitura de Limeira, por meio da Secretaria Municipal de Cultura e com o apoio da Sociedade Pr\u00f3-Sinf\u00f4nica de Limeira, anunciou a abertura das inscri\u00e7\u00f5es para a sele\u00e7\u00e3o de professores(as) que atuar\u00e3o no XII Encontro Internacional de Cordas (EIC) &#8211; Ano 2026. &#13; O renomado [&hellip;]<\/p>\n","protected":false},"author":1,"featured_media":60094,"comment_status":"","ping_status":"open","sticky":false,"template":"","format":"standard","meta":{"_jetpack_newsletter_access":"","_jetpack_dont_email_post_to_subs":false,"_jetpack_newsletter_tier_id":0,"_jetpack_memberships_contains_paywalled_content":false,"_mbp_banners":[],"_jetpack_feature_clip_id":0,"_jetpack_memberships_contains_paid_content":false,"footnotes":"","jetpack_publicize_message":"","jetpack_publicize_feature_enabled":true,"jetpack_social_post_already_shared":true,"jetpack_social_options":{"image_generator_settings":{"template":"highway","default_image_id":0,"font":"","enabled":false},"version":2},"jetpack_post_was_ever_published":false},"categories":[16],"tags":[],"class_list":["post-69210","post","type-post","status-publish","format-standard","has-post-thumbnail","category-local"],"jetpack_publicize_connections":[],"jetpack-related-posts":[],"jetpack_shortlink":"https:\/\/wp.me\/p7Eq1F-i0i","jetpack_sharing_enabled":true,"jetpack_featured_media_url":"https:\/\/i0.wp.com\/guialimeira.com.br\/news\/wp-content\/uploads\/2026\/04\/m_137_0_1_01042026124227.jpg?fit=1024%2C576&ssl=1","_links":{"self":[{"href":"https:\/\/guialimeira.com.br\/news\/wp-json\/wp\/v2\/posts\/69210","targetHints":{"allow":["GET"]}}],"collection":[{"href":"https:\/\/guialimeira.com.br\/news\/wp-json\/wp\/v2\/posts"}],"about":[{"href":"https:\/\/guialimeira.com.br\/news\/wp-json\/wp\/v2\/types\/post"}],"author":[{"embeddable":true,"href":"https:\/\/guialimeira.com.br\/news\/wp-json\/wp\/v2\/users\/1"}],"replies":[{"embeddable":true,"href":"https:\/\/guialimeira.com.br\/news\/wp-json\/wp\/v2\/comments?post=69210"}],"version-history":[{"count":0,"href":"https:\/\/guialimeira.com.br\/news\/wp-json\/wp\/v2\/posts\/69210\/revisions"}],"wp:featuredmedia":[{"embeddable":true,"href":"https:\/\/guialimeira.com.br\/news\/wp-json\/wp\/v2\/media\/60094"}],"wp:attachment":[{"href":"https:\/\/guialimeira.com.br\/news\/wp-json\/wp\/v2\/media?parent=69210"}],"wp:term":[{"taxonomy":"category","embeddable":true,"href":"https:\/\/guialimeira.com.br\/news\/wp-json\/wp\/v2\/categories?post=69210"},{"taxonomy":"post_tag","embeddable":true,"href":"https:\/\/guialimeira.com.br\/news\/wp-json\/wp\/v2\/tags?post=69210"}],"curies":[{"name":"wp","href":"https:\/\/api.w.org\/{rel}","templated":true}]}}