{"id":6921,"date":"2024-05-29T16:04:00","date_gmt":"2024-05-29T19:04:00","guid":{"rendered":"https:\/\/guialimeira.com.br\/2024\/05\/29\/limeira-digital-elimina-tramite-de-papeis-municipe-pode-solicitar-servicos-pelo-computador-ou-celular\/"},"modified":"2024-05-29T16:04:00","modified_gmt":"2024-05-29T19:04:00","slug":"limeira-digital-elimina-tramite-de-papeis-municipe-pode-solicitar-servicos-pelo-computador-ou-celular","status":"publish","type":"post","link":"https:\/\/guialimeira.com.br\/news\/limeira-digital-elimina-tramite-de-papeis-municipe-pode-solicitar-servicos-pelo-computador-ou-celular\/","title":{"rendered":"Limeira Digital elimina tr\u00e2mite de pap\u00e9is; mun\u00edcipe pode solicitar servi\u00e7os pelo computador ou celular"},"content":{"rendered":"<p> <br \/>\n<\/p>\n<div id=\"\">&#13;<br \/>\n                &#13;<br \/>\n&#13;<br \/>\n&#13;<br \/>\n&#13;<br \/>\n    <img data-recalc-dims=\"1\" decoding=\"async\" src=\"https:\/\/i0.wp.com\/ecrie.com.br\/sistema\/conteudos\/imagem\/m_137_1_1_29052024155642.jpg?w=696&#038;ssl=1\" alt=\"Limeira Digital elimina tr\u00e2mite de pap\u00e9is; mun\u00edcipe pode solicitar servi\u00e7os pelo computador ou celular\"\/>&#13;<br \/>\n&#13;<\/p>\n<p style=\"text-align: justify;\" align=\"justify\">A Prefeitura de Limeira apresentou nesta quarta-feira (29), no Edif\u00edcio Prada, o Limeira Digital \u2013 sistema permite que a popula\u00e7\u00e3o e os servidores solicitem servi\u00e7os por meio de processos digitais. O prefeito Mario Botion e a vice-prefeita Erika Tank anunciaram, em coletiva, a nova op\u00e7\u00e3o. \u201cO Limeira Digital vai ao encontro das novas tecnologias e moderniza o atendimento \u00e0 popula\u00e7\u00e3o\u201d, disse Botion. \u201cO sistema tamb\u00e9m traz agilidade e dinamismo ao servi\u00e7o p\u00fablico, al\u00e9m de eliminar o tr\u00e2mite de pap\u00e9is\u201d, afirmou Erika.<\/p>\n<p>&#13;<\/p>\n<p style=\"text-align: justify;\" align=\"justify\">Participaram da coletiva, o presidente da C\u00e2mara, Everton Ferreira, o diretor de Tecnologia da Informa\u00e7\u00e3o da Prefeitura, Fabr\u00edcio Medeiros, e a analista da 1Doc \u2013 empresa respons\u00e1vel pela implanta\u00e7\u00e3o do Limeira Digital \u2013, Rafaela Bastos. Os vereadores Elias Barbosa e Cear\u00e1, al\u00e9m da 2\u00aa vice-presente da Associa\u00e7\u00e3o Comercial e Industrial de Limeira (Acil), Rosi Luck e secret\u00e1rios municipais, tamb\u00e9m acompanharam.<\/p>\n<p>&#13;<\/p>\n<p style=\"text-align: justify;\" align=\"justify\">Botion lembrou que a digitaliza\u00e7\u00e3o e reorganiza\u00e7\u00e3o de processos internos do Executivo come\u00e7aram em 2021. \u201cO Limeira Digital consolida nossos esfor\u00e7os em garantir, com sustentabilidade, mais praticidade e transpar\u00eancia aos servi\u00e7os\u201d, pontuou. \u201cCom esse novo sistema, a popula\u00e7\u00e3o fica muito mais pr\u00f3xima do poder p\u00fablico, o que tem sido uma das prioridades da atual administra\u00e7\u00e3o\u201d, comentou a vice-prefeita Erika Tank.<\/p>\n<p>&#13;<\/p>\n<p style=\"text-align: justify;\" align=\"justify\">O Limeira Digital est\u00e1 dispon\u00edvel no site da prefeitura (limeira.sp.gov.br). \u00c9 o primeiro \u00edcone da aba de servi\u00e7os na p\u00e1gina principal. Para acessar, \u00e9 necess\u00e1rio se cadastrar. At\u00e9 o momento, s\u00e3o cerca de 400 servi\u00e7os j\u00e1 dispon\u00edveis. A transi\u00e7\u00e3o \u00e9 gradual, ou seja, novos servi\u00e7os ser\u00e3o inseridos ao longo do tempo. \u201cIsso facilita a vida do mun\u00edcipe, que n\u00e3o precisar\u00e1 se deslocar at\u00e9 a prefeitura para fazer uma solicita\u00e7\u00e3o\u201d, destacou o prefeito.<\/p>\n<p>&#13;<\/p>\n<p style=\"text-align: justify;\" align=\"justify\">Entre os servi\u00e7os j\u00e1 dispon\u00edveis, est\u00e3o aqueles ligados \u00e0s secretarias de Administra\u00e7\u00e3o \u2013 voltados aos servidores p\u00fablicos \u2013, de Desenvolvimento, Turismo e Inova\u00e7\u00e3o, de Esporte e Lazer, de Habita\u00e7\u00e3o e do Centro de Promo\u00e7\u00e3o Social Municipal (Ceprosom). Tamb\u00e9m j\u00e1 \u00e9 poss\u00edvel, por exemplo, solicitar zeladoria em pra\u00e7as, plantas do Urbanismo, entre outros. Al\u00e9m disso, alguns servi\u00e7os ainda podem ser solicitados presencialmente.<\/p>\n<p>&#13;<\/p>\n<p style=\"text-align: justify;\" align=\"justify\">No per\u00edodo da tarde, no Teatro Nair Bello, o secret\u00e1rio de Urbanismo, Matias Razzo, realizou uma apresenta\u00e7\u00e3o para engenheiros e arquitetos e outros profissionais da constru\u00e7\u00e3o civil, principal clientela dos servi\u00e7os p\u00fablicos de sua secretaria, sobre o novo sistema digital implantado pela Prefeitura.<\/p>\n<p>&#13;<br \/>\n&#13;<br \/>\n    &#13;<\/p>\n<div class=\"gallery__container\">\n            <a class=\"gallery__item\" href=\"https:\/\/i0.wp.com\/ecrie.com.br\/sistema\/conteudos\/imagem\/g_137_0_2_29052024155642.jpg?ssl=1\" target=\"_blank\" title=\"08\" rel=\"noopener\">&#13;<br \/>\n                <img data-recalc-dims=\"1\" decoding=\"async\" class=\"gallery__img\" src=\"https:\/\/i0.wp.com\/ecrie.com.br\/sistema\/conteudos\/imagem\/p_137_0_2_29052024155642.jpg?w=696&#038;ssl=1\" alt=\"08\" onload=\"resizePhoto(this);\"\/>&#13;<br \/>\n            <\/a>\n    <\/div>\n<p>&#13;<br \/>\n&#13;<br \/>\n&#13;<\/p>\n<aside class=\"list-related no-print\">&#13;<br \/>\n        &#13;<br \/>\n&#13;<\/p>\n<article class=\"list-item noticias \">&#13;<br \/>\n                    <a class=\"list-item__img\" href=\"https:\/\/limeira.sp.gov.br\/imprensa\/noticias\/gabinete-do-prefeito\/servidores-reunem-se-na-sede-da-prefeitura-para-aulao-do-desafio\" tabindex=\"-1\" aria-hidden=\"true\" rel=\"noopener\">&#13;<br \/>\n                        <img data-recalc-dims=\"1\" decoding=\"async\" src=\"https:\/\/i0.wp.com\/ecrie.com.br\/sistema\/conteudos\/imagem\/m_137_0_1_29052024111118.jpg?w=696&#038;ssl=1\" alt=\"Servidores re\u00fanem-se na sede da prefeitura para \u201cAul\u00e3o do Desafio\u201d\"\/>&#13;<br \/>\n                    <\/a>&#13;<br \/>\n&#13;<br \/>\n                &#13;<br \/>\n            <\/article>\n<p>&#13;<\/p>\n<article class=\"list-item noticias \">&#13;<br \/>\n                    <a class=\"list-item__img\" href=\"https:\/\/limeira.sp.gov.br\/imprensa\/noticias\/gabinete-do-prefeito\/luta-pela-igualdade-racial-reune-conselhos-de-30-cidades-em-encontro-inedito-em-limeira\" tabindex=\"-1\" aria-hidden=\"true\" rel=\"noopener\">&#13;<br \/>\n                        <img data-recalc-dims=\"1\" decoding=\"async\" src=\"https:\/\/i0.wp.com\/ecrie.com.br\/sistema\/conteudos\/imagem\/m_137_0_1_28052024164201.jpg?w=696&#038;ssl=1\" alt=\"Luta pela igualdade racial re\u00fane conselhos de 30 cidades em encontro in\u00e9dito em Limeira\"\/>&#13;<br \/>\n                    <\/a>&#13;<br \/>\n&#13;<br \/>\n                &#13;<br \/>\n            <\/article>\n<p>&#13;<\/p>\n<article class=\"list-item noticias \">&#13;<br \/>\n                    <a class=\"list-item__img\" href=\"https:\/\/limeira.sp.gov.br\/imprensa\/noticias\/gabinete-do-prefeito\/limeira-tem-um-dos-menores-indices-de-perdas-de-agua-do-pais-e-recebe-premio\" tabindex=\"-1\" aria-hidden=\"true\" rel=\"noopener\">&#13;<br \/>\n                        <img data-recalc-dims=\"1\" decoding=\"async\" src=\"https:\/\/i0.wp.com\/ecrie.com.br\/sistema\/conteudos\/imagem\/m_137_0_1_28052024111432.jpg?w=696&#038;ssl=1\" alt=\"Limeira tem um dos menores \u00edndices de perdas de \u00e1gua do pa\u00eds e recebe pr\u00eamio\"\/>&#13;<br \/>\n                    <\/a>&#13;<br \/>\n&#13;<br \/>\n                &#13;<br \/>\n            <\/article>\n<p>&#13;<br \/>\n    <\/aside>\n<p>&#13;<br \/>\n&#13;\n            <\/p><\/div>\n<p><br \/>\n<br \/><a href=\"https:\/\/limeira.sp.gov.br\/limeira-digital-elimina-tramite-de-papeis-municipe-pode-solicitar-servicos-pelo-computador-ou-celular\" rel=\"noopener\">Informa\u00e7\u00f5es da PML <\/a><\/p>\n","protected":false},"excerpt":{"rendered":"<p>&#13; &#13; &#13; &#13; &#13; &#13; &#13; A Prefeitura de Limeira apresentou nesta quarta-feira (29), no Edif\u00edcio Prada, o Limeira Digital \u2013 sistema permite que a popula\u00e7\u00e3o e os servidores solicitem servi\u00e7os por meio de processos digitais. O prefeito Mario Botion e a vice-prefeita Erika Tank anunciaram, em coletiva, a nova op\u00e7\u00e3o. \u201cO Limeira Digital [&hellip;]<\/p>\n","protected":false},"author":1,"featured_media":6922,"comment_status":"open","ping_status":"open","sticky":false,"template":"","format":"standard","meta":{"_jetpack_newsletter_access":"","_jetpack_dont_email_post_to_subs":false,"_jetpack_newsletter_tier_id":0,"_jetpack_memberships_contains_paywalled_content":false,"_mbp_banners":[],"_jetpack_feature_clip_id":0,"_jetpack_memberships_contains_paid_content":false,"footnotes":"","jetpack_publicize_message":"","jetpack_publicize_feature_enabled":true,"jetpack_social_post_already_shared":true,"jetpack_social_options":{"image_generator_settings":{"template":"highway","default_image_id":0,"font":"","enabled":false},"version":2},"jetpack_post_was_ever_published":false},"categories":[16],"tags":[],"class_list":["post-6921","post","type-post","status-publish","format-standard","has-post-thumbnail","category-local"],"jetpack_publicize_connections":[],"jetpack-related-posts":[],"jetpack_shortlink":"https:\/\/wp.me\/p7Eq1F-1ND","jetpack_sharing_enabled":true,"jetpack_featured_media_url":"https:\/\/i0.wp.com\/guialimeira.com.br\/news\/wp-content\/uploads\/2024\/05\/m_137_1_1_29052024155642.jpg?fit=1280%2C852&ssl=1","_links":{"self":[{"href":"https:\/\/guialimeira.com.br\/news\/wp-json\/wp\/v2\/posts\/6921","targetHints":{"allow":["GET"]}}],"collection":[{"href":"https:\/\/guialimeira.com.br\/news\/wp-json\/wp\/v2\/posts"}],"about":[{"href":"https:\/\/guialimeira.com.br\/news\/wp-json\/wp\/v2\/types\/post"}],"author":[{"embeddable":true,"href":"https:\/\/guialimeira.com.br\/news\/wp-json\/wp\/v2\/users\/1"}],"replies":[{"embeddable":true,"href":"https:\/\/guialimeira.com.br\/news\/wp-json\/wp\/v2\/comments?post=6921"}],"version-history":[{"count":0,"href":"https:\/\/guialimeira.com.br\/news\/wp-json\/wp\/v2\/posts\/6921\/revisions"}],"wp:featuredmedia":[{"embeddable":true,"href":"https:\/\/guialimeira.com.br\/news\/wp-json\/wp\/v2\/media\/6922"}],"wp:attachment":[{"href":"https:\/\/guialimeira.com.br\/news\/wp-json\/wp\/v2\/media?parent=6921"}],"wp:term":[{"taxonomy":"category","embeddable":true,"href":"https:\/\/guialimeira.com.br\/news\/wp-json\/wp\/v2\/categories?post=6921"},{"taxonomy":"post_tag","embeddable":true,"href":"https:\/\/guialimeira.com.br\/news\/wp-json\/wp\/v2\/tags?post=6921"}],"curies":[{"name":"wp","href":"https:\/\/api.w.org\/{rel}","templated":true}]}}