{"id":69208,"date":"2026-06-16T14:42:06","date_gmt":"2026-06-16T17:42:06","guid":{"rendered":"https:\/\/guialimeira.com.br\/com-alerta-do-muralha-paulista-procurado-por-trafico-e-preso-em-valinhos\/"},"modified":"2026-06-16T14:42:06","modified_gmt":"2026-06-16T17:42:06","slug":"com-alerta-do-muralha-paulista-procurado-por-trafico-e-preso-em-valinhos","status":"publish","type":"post","link":"https:\/\/guialimeira.com.br\/news\/com-alerta-do-muralha-paulista-procurado-por-trafico-e-preso-em-valinhos\/","title":{"rendered":"Com alerta do Muralha Paulista, procurado por tr\u00e1fico \u00e9 preso em Valinhos"},"content":{"rendered":"<p> <br \/>\n<br \/><img data-recalc-dims=\"1\" decoding=\"async\" src=\"https:\/\/i0.wp.com\/www.agenciasp.sp.gov.br\/wp-content\/uploads\/2025\/12\/muralha-paulista_54959810744_o-scaled.jpg?w=696&#038;ssl=1\" \/><\/p>\n<div data-id=\"5a922b4\" data-element_type=\"widget\" data-e-type=\"widget\" data-widget_type=\"theme-post-content.default\">\n<div class=\"elementor-widget-container\">\n<p class=\"wp-block-paragraph\">Um homem de 43 anos, procurado pela Justi\u00e7a, foi preso pela Pol\u00edcia Militar na Unidade de Pronto Atendimento (UPA) de Valinhos ap\u00f3s ser identificado por meio do programa Muralha Paulista. A captura ocorreu enquanto ele aguardava atendimento m\u00e9dico na unidade de sa\u00fade na noite de segunda-feira (15).<\/p>\n<p class=\"wp-block-paragraph\">O suspeito havia sido condenado por tr\u00e1fico de drogas e tinha contra si um mandado de pris\u00e3o em aberto expedido pela Comarca de Sertan\u00f3polis, no Paran\u00e1. Segundo a ordem judicial, ele ainda possui cinco anos de reclus\u00e3o a cumprir em regime fechado.<\/p>\n<p class=\"wp-block-paragraph\"><strong>LEIA TAMB\u00c9M: <a href=\"https:\/\/www.agenciasp.sp.gov.br\/parques-estaduais-urbanos-de-sao-paulo-passam-a-integrar-o-programa-muralha-paulista\/\" rel=\"noopener\">Parques estaduais urbanos de S\u00e3o Paulo passam a integrar o Programa Muralha Paulista<\/a><\/strong><\/p>\n<p class=\"wp-block-paragraph\">O Centro de Opera\u00e7\u00f5es da Pol\u00edcia Militar (Copom) informou \u00e0s equipes sobre o paradeiro do procurado na unidade de sa\u00fade. Os policiais se deslocaram at\u00e9 o local e encontraram o homem na fila de espera, acompanhado da namorada.<\/p>\n<p class=\"wp-block-paragraph\">De acordo com o boletim de ocorr\u00eancia, ele foi informado sobre a exist\u00eancia do mandado de pris\u00e3o e n\u00e3o apresentou resist\u00eancia \u00e0 abordagem. Nada de il\u00edcito foi encontrado em sua posse.<\/p>\n<p class=\"wp-block-paragraph\">O caso foi registrado como captura de procurado na Delegacia de Valinhos.<\/p>\n<h3 class=\"wp-block-heading\">Muralha Paulista<\/h3>\n<p class=\"wp-block-paragraph\">O programa Muralha Paulista opera c\u00e2meras interligadas, distribu\u00eddas entre leitores de placas, equipamentos de reconhecimento facial e dispositivos de monitoramento em tempo real. A rede integra c\u00e2meras e sensores de \u00f3rg\u00e3os p\u00fablicos e privados a bases de dados e informa\u00e7\u00f5es de localiza\u00e7\u00e3o, ampliando a capacidade de an\u00e1lise e resposta das for\u00e7as policiais, operacionais e especializadas.<\/p>\n<p class=\"wp-block-paragraph\"><strong>LEIA TAMB\u00c9M: <a href=\"https:\/\/www.agenciasp.sp.gov.br\/muralha-de-fogo-usa-sistema-de-cameras\/\" rel=\"noopener\">Muralha do Fogo: Governo de SP usa sistema de c\u00e2meras de seguran\u00e7a para refor\u00e7ar combate \u00e0s queimadas\u00a0<\/a><\/strong><\/p>\n<p class=\"wp-block-paragraph\">As c\u00e2meras do Muralha Paulista cruzam informa\u00e7\u00f5es com o Banco Nacional de Mandados de Pris\u00e3o e utilizam reconhecimento facial para identificar automaticamente foragidos da Justi\u00e7a. Tamb\u00e9m contribuem para monitorar e ajudar a organizar o tr\u00e2nsito, localizar pessoas desaparecidas e ve\u00edculos furtados ou roubados por meio da leitura e an\u00e1lise de placas.<\/p>\n<p class=\"wp-block-paragraph\">A tecnologia restringe rotas de fuga, dificulta a movimenta\u00e7\u00e3o dos criminosos e aumenta a capacidade de resposta das for\u00e7as de seguran\u00e7a. Uma vez identificados e presos, os autores t\u00eam reduzida a possibilidade de reincid\u00eancia nesses tipos de crimes.<\/p>\n<\/p><\/div>\n<\/p><\/div>\n<p><br \/>\n<br \/><a href=\"https:\/\/www.agenciasp.sp.gov.br\/com-alerta-do-muralha-paulista-procurado-por-trafico-e-preso-em-valinhos\/\" rel=\"noopener\">Informa\u00e7\u00f5es GOV.SP<\/a><\/p>\n","protected":false},"excerpt":{"rendered":"<p>Um homem de 43 anos, procurado pela Justi\u00e7a, foi preso pela Pol\u00edcia Militar na Unidade de Pronto Atendimento (UPA) de Valinhos ap\u00f3s ser identificado por meio do programa Muralha Paulista. A captura ocorreu enquanto ele aguardava atendimento m\u00e9dico na unidade de sa\u00fade na noite de segunda-feira (15). O suspeito havia sido condenado por tr\u00e1fico de [&hellip;]<\/p>\n","protected":false},"author":1,"featured_media":69209,"comment_status":"","ping_status":"open","sticky":false,"template":"","format":"standard","meta":{"_jetpack_newsletter_access":"","_jetpack_dont_email_post_to_subs":false,"_jetpack_newsletter_tier_id":0,"_jetpack_memberships_contains_paywalled_content":false,"_mbp_banners":[],"_jetpack_feature_clip_id":0,"_jetpack_memberships_contains_paid_content":false,"footnotes":"","jetpack_publicize_message":"","jetpack_publicize_feature_enabled":true,"jetpack_social_post_already_shared":true,"jetpack_social_options":{"image_generator_settings":{"template":"highway","default_image_id":0,"font":"","enabled":false},"version":2},"jetpack_post_was_ever_published":false},"categories":[21],"tags":[],"class_list":["post-69208","post","type-post","status-publish","format-standard","has-post-thumbnail","category-sp-news"],"jetpack_publicize_connections":[],"jetpack-related-posts":[],"jetpack_shortlink":"https:\/\/wp.me\/p7Eq1F-i0g","jetpack_sharing_enabled":true,"jetpack_featured_media_url":"https:\/\/i0.wp.com\/guialimeira.com.br\/news\/wp-content\/uploads\/2026\/06\/Com-alerta-do-Muralha-Paulista-procurado-por-trafico-e-preso.jpg?fit=2560%2C1707&ssl=1","_links":{"self":[{"href":"https:\/\/guialimeira.com.br\/news\/wp-json\/wp\/v2\/posts\/69208","targetHints":{"allow":["GET"]}}],"collection":[{"href":"https:\/\/guialimeira.com.br\/news\/wp-json\/wp\/v2\/posts"}],"about":[{"href":"https:\/\/guialimeira.com.br\/news\/wp-json\/wp\/v2\/types\/post"}],"author":[{"embeddable":true,"href":"https:\/\/guialimeira.com.br\/news\/wp-json\/wp\/v2\/users\/1"}],"replies":[{"embeddable":true,"href":"https:\/\/guialimeira.com.br\/news\/wp-json\/wp\/v2\/comments?post=69208"}],"version-history":[{"count":0,"href":"https:\/\/guialimeira.com.br\/news\/wp-json\/wp\/v2\/posts\/69208\/revisions"}],"wp:featuredmedia":[{"embeddable":true,"href":"https:\/\/guialimeira.com.br\/news\/wp-json\/wp\/v2\/media\/69209"}],"wp:attachment":[{"href":"https:\/\/guialimeira.com.br\/news\/wp-json\/wp\/v2\/media?parent=69208"}],"wp:term":[{"taxonomy":"category","embeddable":true,"href":"https:\/\/guialimeira.com.br\/news\/wp-json\/wp\/v2\/categories?post=69208"},{"taxonomy":"post_tag","embeddable":true,"href":"https:\/\/guialimeira.com.br\/news\/wp-json\/wp\/v2\/tags?post=69208"}],"curies":[{"name":"wp","href":"https:\/\/api.w.org\/{rel}","templated":true}]}}