{"id":69200,"date":"2026-06-16T13:41:15","date_gmt":"2026-06-16T16:41:15","guid":{"rendered":"https:\/\/guialimeira.com.br\/policia-e-mp-de-sp-fazem-operacao-contra-esquema-de-trafico-e-lavagem-de-dinheiro\/"},"modified":"2026-06-16T13:41:15","modified_gmt":"2026-06-16T16:41:15","slug":"policia-e-mp-de-sp-fazem-operacao-contra-esquema-de-trafico-e-lavagem-de-dinheiro","status":"publish","type":"post","link":"https:\/\/guialimeira.com.br\/news\/policia-e-mp-de-sp-fazem-operacao-contra-esquema-de-trafico-e-lavagem-de-dinheiro\/","title":{"rendered":"Pol\u00edcia e MP de SP fazem opera\u00e7\u00e3o contra esquema de tr\u00e1fico e lavagem de dinheiro"},"content":{"rendered":"<p> <br \/>\n<br \/><img data-recalc-dims=\"1\" decoding=\"async\" src=\"https:\/\/i0.wp.com\/www.agenciasp.sp.gov.br\/wp-content\/uploads\/2025\/06\/00058999.jpg?w=696&#038;ssl=1\" \/><\/p>\n<div data-id=\"753696f\" data-element_type=\"widget\" data-e-type=\"widget\" data-widget_type=\"text-editor.default\">\n<p>\n\t\t\t\t\t\t\t\t\tPela Pol\u00edcia Militar, a a\u00e7\u00e3o contou com equipes da For\u00e7a T\u00e1tica dos 2\u00ba, 11\u00ba e 49\u00ba Batalh\u00f5es de Pol\u00edcia Militar do Interior (BPM\/I), das Rondas Ostensivas Tobias de Aguiar (Rota) e dos 1\u00ba, 9\u00ba, 10\u00ba e 11\u00ba Batalh\u00f5es de A\u00e7\u00f5es Especiais de Pol\u00edcia (Baep)\t\t\t\t\t\t\t\t<\/p>\n<\/p><\/div>\n<div data-id=\"5a922b4\" data-element_type=\"widget\" data-e-type=\"widget\" data-widget_type=\"theme-post-content.default\">\n<div class=\"elementor-widget-container\">\n<p class=\"wp-block-paragraph\">A Pol\u00edcia Militar de S\u00e3o Paulo participa nesta ter\u00e7a-feira (16) da Opera\u00e7\u00e3o Torneira, deflagrada contra um esquema de tr\u00e1fico de drogas e lavagem de dinheiro com movimenta\u00e7\u00f5es financeiras estimadas em R$ 230 milh\u00f5es. A a\u00e7\u00e3o foi realizada em conjunto com a Pol\u00edcia Civil e o Grupo de Atua\u00e7\u00e3o Especial de Combate ao Crime Organizado (Gaeco), do Minist\u00e9rio P\u00fablico.<\/p>\n<p class=\"wp-block-paragraph\">Ao todo, s\u00e3o cumpridos 43 mandados de busca e apreens\u00e3o nas cidades de S\u00e3o Paulo, Jundia\u00ed, Campo Limpo Paulista, Valinhos, Cajamar, Agua\u00ed, Orl\u00e2ndia, S\u00e3o Jos\u00e9 do Rio Preto, Ribeir\u00e3o Preto, Birigui, Pen\u00e1polis e Ara\u00e7atuba.<\/p>\n<p class=\"wp-block-paragraph\"><strong>LEIA TAMB\u00c9M: <a href=\"https:\/\/www.agenciasp.sp.gov.br\/com-alerta-do-muralha-paulista-procurado-por-trafico-e-preso-em-valinhos\/\" rel=\"noopener\">Com alerta do Muralha Paulista, procurado por tr\u00e1fico \u00e9 preso em Valinhos<\/a><\/strong><\/p>\n<p class=\"wp-block-paragraph\">As investiga\u00e7\u00f5es apontaram a exist\u00eancia de um n\u00facleo de traficantes ligado a uma fac\u00e7\u00e3o criminosa que atuava na regi\u00e3o de Jundia\u00ed, em uma \u00e1rea conhecida como \u201cTorneira\u201d, nome que deu origem \u00e0 opera\u00e7\u00e3o.<\/p>\n<p class=\"wp-block-paragraph\">Segundo as autoridades, o grupo utilizava empresas de fachada e pessoas interpostas para ocultar valores obtidos com atividades criminosas. Al\u00e9m das buscas, foi requerido o bloqueio de R$ 20 milh\u00f5es de cada empresa relacionada aos fatos.<\/p>\n<p class=\"wp-block-paragraph\"><strong>LEIA TAMB\u00c9M: <a href=\"https:\/\/www.agenciasp.sp.gov.br\/operacao-fim-da-linha-prende-6-16-kg\/\" rel=\"noopener\">Opera\u00e7\u00e3o Fim da Linha: Pol\u00edcia de SP prende 6 e apreende 16 kg de drogas em \u00f4nibus interestaduais na capital<\/a><\/strong><\/p>\n<p class=\"wp-block-paragraph\">Pela Pol\u00edcia Militar, a a\u00e7\u00e3o contou com equipes da For\u00e7a T\u00e1tica dos 2\u00ba, 11\u00ba e 49\u00ba Batalh\u00f5es de Pol\u00edcia Militar do Interior (BPM\/I), das Rondas Ostensivas Tobias de Aguiar (Rota) e dos 1\u00ba, 9\u00ba, 10\u00ba e 11\u00ba Batalh\u00f5es de A\u00e7\u00f5es Especiais de Pol\u00edcia (Baep). J\u00e1 pela Pol\u00edcia Civil, participaram agentes do Departamento de Pol\u00edcia Judici\u00e1ria do Interior 10.<\/p>\n<\/p><\/div>\n<\/p><\/div>\n<p><br \/>\n<br \/><a href=\"https:\/\/www.agenciasp.sp.gov.br\/policia-e-mp-de-sp-fazem-operacao-contra-esquema-de-trafico-e-lavagem-de-dinheiro\/\" rel=\"noopener\">Informa\u00e7\u00f5es GOV.SP<\/a><\/p>\n","protected":false},"excerpt":{"rendered":"<p>Pela Pol\u00edcia Militar, a a\u00e7\u00e3o contou com equipes da For\u00e7a T\u00e1tica dos 2\u00ba, 11\u00ba e 49\u00ba Batalh\u00f5es de Pol\u00edcia Militar do Interior (BPM\/I), das Rondas Ostensivas Tobias de Aguiar (Rota) e dos 1\u00ba, 9\u00ba, 10\u00ba e 11\u00ba Batalh\u00f5es de A\u00e7\u00f5es Especiais de Pol\u00edcia (Baep) A Pol\u00edcia Militar de S\u00e3o Paulo participa nesta ter\u00e7a-feira (16) da [&hellip;]<\/p>\n","protected":false},"author":1,"featured_media":69201,"comment_status":"","ping_status":"open","sticky":false,"template":"","format":"standard","meta":{"_jetpack_newsletter_access":"","_jetpack_dont_email_post_to_subs":false,"_jetpack_newsletter_tier_id":0,"_jetpack_memberships_contains_paywalled_content":false,"_mbp_banners":[],"_jetpack_feature_clip_id":0,"_jetpack_memberships_contains_paid_content":false,"footnotes":"","jetpack_publicize_message":"","jetpack_publicize_feature_enabled":true,"jetpack_social_post_already_shared":true,"jetpack_social_options":{"image_generator_settings":{"template":"highway","default_image_id":0,"font":"","enabled":false},"version":2},"jetpack_post_was_ever_published":false},"categories":[21],"tags":[],"class_list":["post-69200","post","type-post","status-publish","format-standard","has-post-thumbnail","category-sp-news"],"jetpack_publicize_connections":[],"jetpack-related-posts":[],"jetpack_shortlink":"https:\/\/wp.me\/p7Eq1F-i08","jetpack_sharing_enabled":true,"jetpack_featured_media_url":"https:\/\/i0.wp.com\/guialimeira.com.br\/news\/wp-content\/uploads\/2026\/06\/Policia-e-MP-de-SP-fazem-operacao-contra-esquema-de.jpg?fit=1999%2C1324&ssl=1","_links":{"self":[{"href":"https:\/\/guialimeira.com.br\/news\/wp-json\/wp\/v2\/posts\/69200","targetHints":{"allow":["GET"]}}],"collection":[{"href":"https:\/\/guialimeira.com.br\/news\/wp-json\/wp\/v2\/posts"}],"about":[{"href":"https:\/\/guialimeira.com.br\/news\/wp-json\/wp\/v2\/types\/post"}],"author":[{"embeddable":true,"href":"https:\/\/guialimeira.com.br\/news\/wp-json\/wp\/v2\/users\/1"}],"replies":[{"embeddable":true,"href":"https:\/\/guialimeira.com.br\/news\/wp-json\/wp\/v2\/comments?post=69200"}],"version-history":[{"count":0,"href":"https:\/\/guialimeira.com.br\/news\/wp-json\/wp\/v2\/posts\/69200\/revisions"}],"wp:featuredmedia":[{"embeddable":true,"href":"https:\/\/guialimeira.com.br\/news\/wp-json\/wp\/v2\/media\/69201"}],"wp:attachment":[{"href":"https:\/\/guialimeira.com.br\/news\/wp-json\/wp\/v2\/media?parent=69200"}],"wp:term":[{"taxonomy":"category","embeddable":true,"href":"https:\/\/guialimeira.com.br\/news\/wp-json\/wp\/v2\/categories?post=69200"},{"taxonomy":"post_tag","embeddable":true,"href":"https:\/\/guialimeira.com.br\/news\/wp-json\/wp\/v2\/tags?post=69200"}],"curies":[{"name":"wp","href":"https:\/\/api.w.org\/{rel}","templated":true}]}}