{"id":69192,"date":"2026-06-16T11:38:09","date_gmt":"2026-06-16T14:38:09","guid":{"rendered":"https:\/\/guialimeira.com.br\/prova-paulista-comeca-com-versao-inedita-acessivel-para-alunos-da-educacao-especial\/"},"modified":"2026-06-16T11:38:09","modified_gmt":"2026-06-16T14:38:09","slug":"prova-paulista-comeca-com-versao-inedita-acessivel-para-alunos-da-educacao-especial","status":"publish","type":"post","link":"https:\/\/guialimeira.com.br\/news\/prova-paulista-comeca-com-versao-inedita-acessivel-para-alunos-da-educacao-especial\/","title":{"rendered":"Prova Paulista come\u00e7a com vers\u00e3o in\u00e9dita acess\u00edvel para alunos da educa\u00e7\u00e3o especial\u00a0"},"content":{"rendered":"<p> <br \/>\n<br \/><img data-recalc-dims=\"1\" decoding=\"async\" src=\"https:\/\/i0.wp.com\/www.agenciasp.sp.gov.br\/wp-content\/uploads\/2025\/11\/54477152009_26956cba54_k-e1772566565621.jpg?w=696&#038;ssl=1\" \/><\/p>\n<div>\n<p class=\"wp-block-paragraph\">O calend\u00e1rio de aplica\u00e7\u00e3o da Prova Paulista do 2\u00ba bimestre come\u00e7a nesta ter\u00e7a-feira (16) nas mais de 5 mil escolas da rede estadual. Na segunda edi\u00e7\u00e3o do ano da avalia\u00e7\u00e3o formativa, a Secretaria da Educa\u00e7\u00e3o do Estado de S\u00e3o Paulo (Seduc-SP) vai adotar, de maneira in\u00e9dita, uma vers\u00e3o acessibilizada da prova para alunos eleg\u00edveis da educa\u00e7\u00e3o especial a partir do 4\u00ba ano do\u00a0 Ensino Fundamental para os componentes de l\u00edngua portuguesa e matem\u00e1tica.<\/p>\n<p>A Prova Paulista acess\u00edvel mant\u00e9m os mesmos conte\u00fados do modelo padr\u00e3o, mas \u00e9 elaborada com uma linguagem adaptada ao estudante com defici\u00eancia. Nesse formato, os enunciados s\u00e3o mais claros e objetivos, o que facilita o acesso, a compreens\u00e3o e a participa\u00e7\u00e3o dos alunos eleg\u00edveis ao recurso. Outra estrat\u00e9gia \u00e9 a utiliza\u00e7\u00e3o de recursos visuais ampliados e apoio pictogr\u00e1fico quando necess\u00e1rio.<\/p>\n<p class=\"wp-block-paragraph\"><strong>LEIA TAMB\u00c9M: <\/strong><a href=\"https:\/\/www.agenciasp.sp.gov.br\/governo-de-sp-entrega-segunda-escola-estadual-construida-em-parceria-com-a-iniciativa-privada-no-vale-do-paraiba\/\" rel=\"noopener\">Governo de SP entrega segunda escola estadual constru\u00edda em parceria com a iniciativa privada no Vale do Para\u00edba<\/a><\/p>\n<p>Para aqueles que necessitam de acessibilidade comunicacional, a Seduc-SP oferece apoios e recursos j\u00e1 utilizados no contexto escolar, como o aux\u00edlio do professor interlocutor de Libras, ledor (profissional capacitado para realizar a leitura de textos), sala extra e tempo adicional para realiza\u00e7\u00e3o das provas.<\/p>\n<p>A adapta\u00e7\u00e3o das provas para alunos eleg\u00edveis da educa\u00e7\u00e3o especial garante uma an\u00e1lise mais precisa da aprendizagem de todos os estudantes matriculados na rede estadual paulista.<\/p>\n<p>\u201cA acessibiliza\u00e7\u00e3o da Prova Paulista representa a materializa\u00e7\u00e3o de um compromisso que vai al\u00e9m da legisla\u00e7\u00e3o: \u00e9 a tradu\u00e7\u00e3o pr\u00e1tica dos princ\u00edpios da educa\u00e7\u00e3o inclusiva em instrumentos de avalia\u00e7\u00e3o. Adapta\u00e7\u00f5es relacionadas \u00e0 linguagem simples e recursos de acessibilidade n\u00e3o comprometem o rigor da avalia\u00e7\u00e3o. Ao contr\u00e1rio, ampliam a validade e representam o reconhecimento de que cada estudante tem um modo pr\u00f3prio de aprender. Dessa forma garantimos que todos possam demonstrar o que realmente aprenderam. Esse \u00e9 o verdadeiro sentido da inclus\u00e3o\u201d, explica Ana Paula Oliveira, consultora especialista em Pol\u00edticas Educacionais Inclusivas da Seduc-SP.<\/p>\n<p class=\"wp-block-paragraph\"><strong>LEIA TAMB\u00c9M: <\/strong><a href=\"https:\/\/www.agenciasp.sp.gov.br\/olimpiadas-do-conhecimento-viram-lei-em-sp-veja-como-vai-funcionar\/\" rel=\"noopener\">Governo de SP oficializa Olimp\u00edadas do Conhecimento como lei; veja como vai funcionar<\/a><\/p>\n<h2 class=\"wp-block-heading\">Prova impressa<\/h2>\n<p class=\"wp-block-paragraph\">No 2\u00ba bimestre, a Prova Paulista segue a estrutura definida pela rede em 2026, com provas em formato impresso para 2,2 milh\u00f5es de estudantes do 4\u00ba ano do Ensino Fundamental \u00e0 3\u00aa s\u00e9rie do Ensino M\u00e9dio. As quest\u00f5es s\u00e3o constru\u00eddas a partir das matrizes e aprendizagens previstas para cada etapa de ensino e componente curricular. Todos os itens s\u00e3o de m\u00faltipla escolha, com quatro alternativas para o Ensino Fundamental e cinco para o Ensino M\u00e9dio. O cronograma de aplica\u00e7\u00e3o vai at\u00e9 19 de junho.<\/p>\n<p class=\"wp-block-paragraph\">Para a avalia\u00e7\u00e3o das disciplinas das 2\u00aa e 3\u00aa s\u00e9ries dos itiner\u00e1rios formativos (por \u00e1rea do conhecimento e do ensino t\u00e9cnico profissionalizante) e da expans\u00e3o do noturno do Ensino M\u00e9dio, a Prova Paulista mant\u00e9m o formato digital a partir do acesso \u00e0 Sala do Futuro.<\/p>\n<p class=\"wp-block-paragraph\">As unidades de ensino t\u00eam autonomia para utilizar a nota da Prova Paulista na composi\u00e7\u00e3o de at\u00e9 30% da m\u00e9dia do 2\u00ba bimestre dos estudantes.<\/p>\n<p class=\"wp-block-paragraph\">\u201cA Prova Paulista \u00e9 uma ferramenta fundamental para acompanhar a aprendizagem dos nossos estudantes e apoiar o trabalho das escolas. A partir dos resultados, conseguimos identificar avan\u00e7os, reconhecer desafios e direcionar a\u00e7\u00f5es pedag\u00f3gicas mais efetivas, garantindo que cada aluno tenha a oportunidade de desenvolver as habilidades previstas para sua etapa de ensino. Mais do que uma avalia\u00e7\u00e3o, a Prova Paulista \u00e9 um instrumento que orienta decis\u00f5es e fortalece o processo de ensino e aprendizagem em toda a rede\u201d, destaca o secret\u00e1rio da Educa\u00e7\u00e3o de S\u00e3o Paulo, Renato Feder.<\/p>\n<h2 class=\"wp-block-heading\">Olimp\u00edada Interpreta SP<\/h2>\n<p class=\"wp-block-paragraph\">Al\u00e9m do diagn\u00f3stico da aprendizagem dos estudantes da rede, a Prova Paulista do 2\u00ba bimestre tamb\u00e9m \u00e9 etapa seletiva da Olimp\u00edada Interpreta SP (Olisp). Ser\u00e3o classificados para a fase de provas, agendada para a agosto, 30% dos alunos, de acordo com o ano\/s\u00e9rie e o munic\u00edpio, que obtiverem as maiores pontua\u00e7\u00f5es nas quest\u00f5es de l\u00edngua portuguesa.<\/p>\n<h2 class=\"wp-block-heading\">Calend\u00e1rio Prova Paulista<\/h2>\n<h3 class=\"wp-block-heading\">Ensino fundamental<\/h3>\n<figure class=\"wp-block-table\">\n<table class=\"has-fixed-layout\">\n<tbody>\n<tr>\n<td><strong>Ano<\/strong><\/td>\n<td><strong>16 de junho<\/strong><\/td>\n<td><strong>17 de junho<\/strong><\/td>\n<td><strong>18 de junho<\/strong><\/td>\n<td><strong>19 de junho<\/strong><\/td>\n<\/tr>\n<tr>\n<td>4\u00ba e 5\u00baanos iniciais<br \/>EF<\/td>\n<td>linguagens e ci\u00eancias humanas (impressa)<\/td>\n<td>matem\u00e1tica<br \/>e ci\u00eancias da natureza<br \/>(impressa)<\/td>\n<td>aplica\u00e7\u00e3o extra<\/p>\n<p>(impressa)<\/p>\n<\/td>\n<td>aplica\u00e7\u00e3o extra<\/p>\n<p>(impressa)<\/p>\n<\/td>\n<\/tr>\n<tr>\n<td>6\u00ba\u00a0anos finaisEF<\/td>\n<td>linguagens e ci\u00eancias humanas (impressa)<\/td>\n<td>matem\u00e1tica<br \/>e ci\u00eancias da natureza<br \/>(impressa)<\/td>\n<td>aplica\u00e7\u00e3o extra<\/p>\n<p>(impressa)<\/p>\n<\/td>\n<td>aplica\u00e7\u00e3o extra<\/p>\n<p>(impressa)<\/p>\n<\/td>\n<\/tr>\n<tr>\n<td>7\u00ba e 8\u00ba<br \/>anos finais<br \/>EF<\/td>\n<td>linguagens e ci\u00eancias humanas (impressa)<\/td>\n<td>matem\u00e1tica<br \/>e ci\u00eancias da natureza<br \/>(impressa)<\/td>\n<td>aplica\u00e7\u00e3o extra<\/p>\n<p>(impressa)<\/p>\n<\/td>\n<td>aplica\u00e7\u00e3o extra<\/p>\n<p>(impressa)<\/p>\n<\/td>\n<\/tr>\n<tr>\n<td>9\u00ba<br \/>anos finais<br \/>EF<\/td>\n<td>linguagens e ci\u00eancias humanas (impressa)<\/td>\n<td>matem\u00e1tica<br \/>e ci\u00eancias da natureza<br \/>(impressa)<\/td>\n<td>aplica\u00e7\u00e3o extra<\/p>\n<p>(impressa)<\/p>\n<\/td>\n<td>aplica\u00e7\u00e3o extra<\/p>\n<p>(impressa)<\/p>\n<\/td>\n<\/tr>\n<\/tbody>\n<\/table>\n<\/figure>\n<h3 class=\"wp-block-heading\">Ensino M\u00e9dio<\/h3>\n<figure class=\"wp-block-table\">\n<table class=\"has-fixed-layout\">\n<tbody>\n<tr>\n<td><strong>S\u00e9rie<\/strong><\/td>\n<td><strong>16 de junho<\/strong><\/td>\n<td><strong>17 de junho<\/strong><\/td>\n<td><strong>18 de junho<\/strong><\/td>\n<td><strong>19 de junho<\/strong><\/td>\n<\/tr>\n<tr>\n<td>1\u00aa s\u00e9rie<br \/>EM<\/td>\n<td>linguagens e ci\u00eancias humanas (impressa)<\/td>\n<td>matem\u00e1tica<br \/>e ci\u00eancias da natureza<br \/>(impressa)<\/td>\n<td>aplica\u00e7\u00e3o extra<\/p>\n<p>(impressa)<\/p>\n<\/td>\n<td>aplica\u00e7\u00e3o extra<\/p>\n<p>(impressa)<\/p>\n<\/td>\n<\/tr>\n<tr>\n<td>2\u00aa s\u00e9rie<br \/>EM<\/td>\n<td>linguagens e ci\u00eancias humanas (impressa)<\/td>\n<td>matem\u00e1tica<br \/>e ci\u00eancias da natureza<br \/>(impressa)<\/td>\n<td>itiner\u00e1rios formativos (\u00e1rea do conhecimento ou t\u00e9cnico profissionalizante)<br \/>(digital)<\/td>\n<td>aplica\u00e7\u00e3o extra<\/p>\n<p>(impressa e digital)<\/p>\n<\/td>\n<\/tr>\n<tr>\n<td>3\u00aa s\u00e9rie<br \/>EM<\/td>\n<td>linguagens e ci\u00eancias humanas (impressa)<\/td>\n<td>matem\u00e1tica<br \/>e ci\u00eancias da natureza<br \/>(impressa)<\/td>\n<td>itiner\u00e1rios formativos (\u00e1rea do conhecimento ou t\u00e9cnico profissionalizante)<br \/>(digital)<\/td>\n<td>aplica\u00e7\u00e3o extra<\/p>\n<p>(impressa e digital)<\/p>\n<\/td>\n<\/tr>\n<tr>\n<td>3\u00aa s\u00e9rie noturno<br \/>EM<\/td>\n<td>linguagens e ci\u00eancias humanas (impressa)<\/td>\n<td>matem\u00e1tica<br \/>e ci\u00eancias da natureza<br \/>(impressa)<\/td>\n<td>expans\u00e3o do ensino noturno(digital)<\/td>\n<td>aplica\u00e7\u00e3o extra<\/p>\n<p>(impressa e digital)<\/p>\n<\/td>\n<\/tr>\n<\/tbody>\n<\/table>\n<\/figure><\/div>\n<p><br \/>\n<br \/><a href=\"https:\/\/www.agenciasp.sp.gov.br\/prova-paulista-2o-bimestre-comeca-terca-16\/\" rel=\"noopener\">Informa\u00e7\u00f5es GOV.SP<\/a><\/p>\n","protected":false},"excerpt":{"rendered":"<p>O calend\u00e1rio de aplica\u00e7\u00e3o da Prova Paulista do 2\u00ba bimestre come\u00e7a nesta ter\u00e7a-feira (16) nas mais de 5 mil escolas da rede estadual. Na segunda edi\u00e7\u00e3o do ano da avalia\u00e7\u00e3o formativa, a Secretaria da Educa\u00e7\u00e3o do Estado de S\u00e3o Paulo (Seduc-SP) vai adotar, de maneira in\u00e9dita, uma vers\u00e3o acessibilizada da prova para alunos eleg\u00edveis da [&hellip;]<\/p>\n","protected":false},"author":1,"featured_media":57193,"comment_status":"","ping_status":"open","sticky":false,"template":"","format":"standard","meta":{"_jetpack_newsletter_access":"","_jetpack_dont_email_post_to_subs":false,"_jetpack_newsletter_tier_id":0,"_jetpack_memberships_contains_paywalled_content":false,"_mbp_banners":[],"_jetpack_feature_clip_id":0,"_jetpack_memberships_contains_paid_content":false,"footnotes":"","jetpack_publicize_message":"","jetpack_publicize_feature_enabled":true,"jetpack_social_post_already_shared":true,"jetpack_social_options":{"image_generator_settings":{"template":"highway","default_image_id":0,"font":"","enabled":false},"version":2},"jetpack_post_was_ever_published":false},"categories":[21],"tags":[],"class_list":["post-69192","post","type-post","status-publish","format-standard","has-post-thumbnail","category-sp-news"],"jetpack_publicize_connections":[],"jetpack-related-posts":[],"jetpack_shortlink":"https:\/\/wp.me\/p7Eq1F-i00","jetpack_sharing_enabled":true,"jetpack_featured_media_url":"https:\/\/i0.wp.com\/guialimeira.com.br\/news\/wp-content\/uploads\/2026\/03\/Melhora-de-desempenho-no-Saresp-vem-acompanhada-de-taxa-recorde.jpg?fit=2048%2C1212&ssl=1","_links":{"self":[{"href":"https:\/\/guialimeira.com.br\/news\/wp-json\/wp\/v2\/posts\/69192","targetHints":{"allow":["GET"]}}],"collection":[{"href":"https:\/\/guialimeira.com.br\/news\/wp-json\/wp\/v2\/posts"}],"about":[{"href":"https:\/\/guialimeira.com.br\/news\/wp-json\/wp\/v2\/types\/post"}],"author":[{"embeddable":true,"href":"https:\/\/guialimeira.com.br\/news\/wp-json\/wp\/v2\/users\/1"}],"replies":[{"embeddable":true,"href":"https:\/\/guialimeira.com.br\/news\/wp-json\/wp\/v2\/comments?post=69192"}],"version-history":[{"count":0,"href":"https:\/\/guialimeira.com.br\/news\/wp-json\/wp\/v2\/posts\/69192\/revisions"}],"wp:featuredmedia":[{"embeddable":true,"href":"https:\/\/guialimeira.com.br\/news\/wp-json\/wp\/v2\/media\/57193"}],"wp:attachment":[{"href":"https:\/\/guialimeira.com.br\/news\/wp-json\/wp\/v2\/media?parent=69192"}],"wp:term":[{"taxonomy":"category","embeddable":true,"href":"https:\/\/guialimeira.com.br\/news\/wp-json\/wp\/v2\/categories?post=69192"},{"taxonomy":"post_tag","embeddable":true,"href":"https:\/\/guialimeira.com.br\/news\/wp-json\/wp\/v2\/tags?post=69192"}],"curies":[{"name":"wp","href":"https:\/\/api.w.org\/{rel}","templated":true}]}}