{"id":69184,"date":"2026-06-16T10:01:36","date_gmt":"2026-06-16T13:01:36","guid":{"rendered":"https:\/\/guialimeira.com.br\/prefeitura-de-limeira-abre-inscricoes-para-cursos-gratuitos-de-instalacao-eletrica-e-massas-frescas-nesta-terca-feira-16\/"},"modified":"2026-06-16T10:01:36","modified_gmt":"2026-06-16T13:01:36","slug":"prefeitura-de-limeira-abre-inscricoes-para-cursos-gratuitos-de-instalacao-eletrica-e-massas-frescas-nesta-terca-feira-16","status":"publish","type":"post","link":"https:\/\/guialimeira.com.br\/news\/prefeitura-de-limeira-abre-inscricoes-para-cursos-gratuitos-de-instalacao-eletrica-e-massas-frescas-nesta-terca-feira-16\/","title":{"rendered":"Prefeitura de Limeira abre inscri\u00e7\u00f5es para cursos gratuitos de Instala\u00e7\u00e3o El\u00e9trica e Massas Frescas nesta ter\u00e7a-feira (16)"},"content":{"rendered":"<p> <br \/>\n<\/p>\n<div>\n                <main class=\"\">&#13;<br \/>\n                    &#13;<br \/>\n&#13;<br \/>\n&#13;<br \/>\n&#13;<br \/>\n&#13;<br \/>\n&#13;<br \/>\n    <img data-recalc-dims=\"1\" decoding=\"async\" src=\"https:\/\/i0.wp.com\/ecrie.com.br\/sistema\/conteudos\/imagem\/m_137_0_1_16062026095636.jpg?w=696&#038;ssl=1\" alt=\"Prefeitura de Limeira abre inscri\u00e7\u00f5es para cursos gratuitos de Instala\u00e7\u00e3o El\u00e9trica e Massas Frescas nesta ter\u00e7a-feira (16)\"\/>&#13;<br \/>\n&#13;<br \/>\n&#13;<\/p>\n<p style=\"text-align: justify;\">A Prefeitura de Limeira abre nesta ter\u00e7a-feira (16) as inscri\u00e7\u00f5es para dois cursos gratuitos voltados \u00e0 qualifica\u00e7\u00e3o profissional: \u201cAprenda T\u00e9cnicas de Repara\u00e7\u00e3o em Instala\u00e7\u00f5es El\u00e9tricas Residenciais\u201d e \u201cAprenda a Fabricar e Vender Massas Frescas\u201d. As capacita\u00e7\u00f5es s\u00e3o destinadas a moradores com 18 anos ou mais e com ensino fundamental completo ou incompleto. Ao todo, ser\u00e3o oferecidas 16 vagas para cada curso, preenchidas por ordem de inscri\u00e7\u00e3o. A iniciativa \u00e9 resultado de uma parceria entre a Secretaria de Promo\u00e7\u00e3o Social (Seprosom), o Sebrae e o Senai.<\/p>\n<p>&#13;<\/p>\n<p style=\"text-align: justify;\">O curso \u201cAprenda T\u00e9cnicas de Repara\u00e7\u00e3o em Instala\u00e7\u00f5es El\u00e9tricas Residenciais\u201d ter\u00e1 carga hor\u00e1ria total de 88 horas e capacitar\u00e1 os participantes para realizar servi\u00e7os de manuten\u00e7\u00e3o preventiva e corretiva em instala\u00e7\u00f5es el\u00e9tricas residenciais e comerciais. As aulas ocorrer\u00e3o entre 14 de julho e 27 de agosto, das 19h \u00e0s 22h. Os interessados podem se inscrever pelo link: <a href=\"https:\/\/forms.gle\/4kKyXoX7aVfeuBor7\" rel=\"noopener\">https:\/\/forms.gle\/4kKyXoX7aVfeuBor7<\/a><br \/>J\u00e1 o curso \u201cAprenda a Fabricar e Vender Massas Frescas\u201d contar\u00e1 com 36 horas de dura\u00e7\u00e3o e ensinar\u00e1 todas as etapas do processo produtivo de massas, desde o planejamento das mat\u00e9rias-primas at\u00e9 a elabora\u00e7\u00e3o do produto final. As aulas ser\u00e3o realizadas entre 14 de julho e 4 de agosto, das 18h \u00e0s 22h. As inscri\u00e7\u00f5es podem ser feitas de forma on-line pelo formul\u00e1rio: <a href=\"https:\/\/forms.gle\/JxNqoTTwJ1owFX4z5\" rel=\"noopener\">https:\/\/forms.gle\/JxNqoTTwJ1owFX4z5<\/a>.<\/p>\n<p>&#13;<\/p>\n<p style=\"text-align: justify;\">Mais informa\u00e7\u00f5es podem pelos telefones: (19) 3404-6210 (Whasapp ou fixo) e (19) 3404-6209.<\/p>\n<p>&#13;<\/p>\n<p style=\"text-align: justify;\"><strong>Servi\u00e7o:<\/strong><\/p>\n<p>&#13;<\/p>\n<p style=\"text-align: justify;\"><strong>Aprenda T\u00e9cnicas de Repara\u00e7\u00e3o em Instala\u00e7\u00f5es El\u00e9tricas Residenciais<\/strong><br \/>Inscri\u00e7\u00f5es: a partir desta ter\u00e7a-feira (16)<br \/>Vagas: 16<br \/>M\u00f3dulo de Gest\u00e3o (Sebrae): 7 e 8 de julho, das 19h \u00e0s 22h<br \/>Curso T\u00e9cnico (Senai): de 14 de julho a 27 de agosto, das 19h \u00e0s 22h<br \/><strong>Endere\u00e7o:<\/strong> Pra\u00e7a Professor Antonio de Queiroz, 72, Jardim Mercedes &#8211; Senai<br \/><strong>Inscri\u00e7\u00f5es on-line:<\/strong><a href=\"https:\/\/forms.gle\/4kKyXoX7aVfeuBor7\" rel=\"noopener\"> https:\/\/forms.gle\/4kKyXoX7aVfeuBor7<\/a><\/p>\n<p>&#13;<\/p>\n<p style=\"text-align: justify;\"><strong>Aprenda a Fabricar e Vender Massas Frescas<\/strong><br \/>Inscri\u00e7\u00f5es: a partir desta ter\u00e7a-feora (16) <br \/>Vagas: 16<br \/>M\u00f3dulo de Gest\u00e3o (Sebrae): 7 e 8 de julho, das 18h \u00e0s 22h<br \/>Curso T\u00e9cnico (Senai): de 14 de julho a 4 de agosto, das 18h \u00e0s 22h<br \/><strong>Local:<\/strong> NAC (Av. Dr. Lauro Corr\u00eaa da Silva, 3.800)<br \/>Inscri\u00e7\u00f5es on-line: https:\/\/forms.gle\/JxNqoTTwJ1owFX4z5<\/p>\n<p>&#13;<\/p>\n<p style=\"text-align: justify;\">Inscri\u00e7\u00f5es presencialmente <br \/>Local: NAC &#8211; N\u00facleo de Atendimento ao Cidad\u00e3o<br \/>Av. Dr. Lauro Corr\u00eaa da Silva, n\u00ba 3.800.<\/p>\n<p>&#13;<br \/>\n&#13;<br \/>\n&#13;<br \/>\n&#13;<\/p>\n<article class=\"conteudo-relacionado no-print\">&#13;<br \/>\n        &#13;<br \/>\n&#13;<br \/>\n        &#13;<br \/>\n    <\/article>\n<p>&#13;<br \/>\n&#13;<br \/>\n                <\/main><\/p><\/div>\n<p><br \/>\n<br \/><a href=\"https:\/\/limeira.sp.gov.br\/prefeitura-de-limeira-abre-inscricoes-para-cursos-gratuitos-de-instalacao-eletrica-e-massas-frescas-nesta-terca-feira-16\" rel=\"noopener\">Informa\u00e7\u00f5es da PML <\/a><\/p>\n","protected":false},"excerpt":{"rendered":"<p>&#13; &#13; &#13; &#13; &#13; &#13; &#13; &#13; &#13; &#13; A Prefeitura de Limeira abre nesta ter\u00e7a-feira (16) as inscri\u00e7\u00f5es para dois cursos gratuitos voltados \u00e0 qualifica\u00e7\u00e3o profissional: \u201cAprenda T\u00e9cnicas de Repara\u00e7\u00e3o em Instala\u00e7\u00f5es El\u00e9tricas Residenciais\u201d e \u201cAprenda a Fabricar e Vender Massas Frescas\u201d. As capacita\u00e7\u00f5es s\u00e3o destinadas a moradores com 18 anos ou mais [&hellip;]<\/p>\n","protected":false},"author":1,"featured_media":69185,"comment_status":"","ping_status":"open","sticky":false,"template":"","format":"standard","meta":{"_jetpack_newsletter_access":"","_jetpack_dont_email_post_to_subs":false,"_jetpack_newsletter_tier_id":0,"_jetpack_memberships_contains_paywalled_content":false,"_mbp_banners":[],"_jetpack_feature_clip_id":0,"_jetpack_memberships_contains_paid_content":false,"footnotes":"","jetpack_publicize_message":"","jetpack_publicize_feature_enabled":true,"jetpack_social_post_already_shared":true,"jetpack_social_options":{"image_generator_settings":{"template":"highway","default_image_id":0,"font":"","enabled":false},"version":2},"jetpack_post_was_ever_published":false},"categories":[16],"tags":[],"class_list":["post-69184","post","type-post","status-publish","format-standard","has-post-thumbnail","category-local"],"jetpack_publicize_connections":[],"jetpack-related-posts":[],"jetpack_shortlink":"https:\/\/wp.me\/p7Eq1F-hZS","jetpack_sharing_enabled":true,"jetpack_featured_media_url":"https:\/\/i0.wp.com\/guialimeira.com.br\/news\/wp-content\/uploads\/2026\/06\/m_137_0_1_16062026095636.jpg?fit=1024%2C682&ssl=1","_links":{"self":[{"href":"https:\/\/guialimeira.com.br\/news\/wp-json\/wp\/v2\/posts\/69184","targetHints":{"allow":["GET"]}}],"collection":[{"href":"https:\/\/guialimeira.com.br\/news\/wp-json\/wp\/v2\/posts"}],"about":[{"href":"https:\/\/guialimeira.com.br\/news\/wp-json\/wp\/v2\/types\/post"}],"author":[{"embeddable":true,"href":"https:\/\/guialimeira.com.br\/news\/wp-json\/wp\/v2\/users\/1"}],"replies":[{"embeddable":true,"href":"https:\/\/guialimeira.com.br\/news\/wp-json\/wp\/v2\/comments?post=69184"}],"version-history":[{"count":0,"href":"https:\/\/guialimeira.com.br\/news\/wp-json\/wp\/v2\/posts\/69184\/revisions"}],"wp:featuredmedia":[{"embeddable":true,"href":"https:\/\/guialimeira.com.br\/news\/wp-json\/wp\/v2\/media\/69185"}],"wp:attachment":[{"href":"https:\/\/guialimeira.com.br\/news\/wp-json\/wp\/v2\/media?parent=69184"}],"wp:term":[{"taxonomy":"category","embeddable":true,"href":"https:\/\/guialimeira.com.br\/news\/wp-json\/wp\/v2\/categories?post=69184"},{"taxonomy":"post_tag","embeddable":true,"href":"https:\/\/guialimeira.com.br\/news\/wp-json\/wp\/v2\/tags?post=69184"}],"curies":[{"name":"wp","href":"https:\/\/api.w.org\/{rel}","templated":true}]}}