{"id":69176,"date":"2026-06-16T08:32:50","date_gmt":"2026-06-16T11:32:50","guid":{"rendered":"https:\/\/guialimeira.com.br\/policia-militar-prende-suspeito-de-furtos-a-residencias-em-presidente-prudente\/"},"modified":"2026-06-16T08:32:50","modified_gmt":"2026-06-16T11:32:50","slug":"policia-militar-prende-suspeito-de-furtos-a-residencias-em-presidente-prudente","status":"publish","type":"post","link":"https:\/\/guialimeira.com.br\/news\/policia-militar-prende-suspeito-de-furtos-a-residencias-em-presidente-prudente\/","title":{"rendered":"Pol\u00edcia Militar prende suspeito de furtos a resid\u00eancias em Presidente Prudente"},"content":{"rendered":"<p> <br \/>\n<br \/><img data-recalc-dims=\"1\" decoding=\"async\" src=\"https:\/\/i0.wp.com\/www.agenciasp.sp.gov.br\/wp-content\/uploads\/2024\/08\/Helicoptero-aguia-scaled.jpg?w=696&#038;ssl=1\" \/><\/p>\n<div>\n<p class=\"wp-block-paragraph\">A Pol\u00edcia Militar de S\u00e3o Paulo prendeu em flagrante um homem de 49 anos, suspeito de praticar furtos em duas resid\u00eancias em Presidente Prudente, no interior de S\u00e3o Paulo. A a\u00e7\u00e3o ocorreu na tarde desta segunda-feira (15) e contou com o apoio do helic\u00f3ptero \u00c1guia-5, do Comando de Avia\u00e7\u00e3o (CAvPM).<\/p>\n<p class=\"wp-block-paragraph\"><strong>LEIA TAMB\u00c9M: <\/strong><a href=\"https:\/\/www.agenciasp.sp.gov.br\/pm-de-sp-detem-4-homens-e-impede-furto-a-apartamento-na-zona-sul\/\" rel=\"noopener\">PM de SP det\u00e9m 4 homens e impede furto a apartamento na zona sul da capital<\/a><\/p>\n<p class=\"wp-block-paragraph\">Ap\u00f3s informa\u00e7\u00f5es repassadas pelo Centro de Opera\u00e7\u00f5es da Pol\u00edcia Militar (Copom), equipes do 18\u00ba Batalh\u00e3o de Pol\u00edcia Militar do Interior (BPM\/I) iniciaram buscas a um ve\u00edculo que teria sido utilizado em ambos crimes.<\/p>\n<p class=\"wp-block-paragraph\">Durante o acompanhamento, o condutor conseguiu fugir das equipes terrestres. Diante da situa\u00e7\u00e3o, <a href=\"https:\/\/www.google.com\/goto?url=CAESqgEB7keqTXbmugZfcokDCWBdTd10x2QjpnPNgDIuautSmNu6z-C1K6d42C5xgPSx5hMdazr2ToU2FKT0A3_OnZzIWMeT1Sk7pwKnnc_o0cSZI7KG7J2ID-kkE2T8BcPW7uzHofhOYzw72rKFhNYzpYUSIZ3g7NgYn52o71IRQkJ9Oi_h7RrBsaGj0v4uYdQHSf2tUSQclUlDNZc-OCmXv1zoDEDQGblwMLOUSQ==\" target=\"_blank\" rel=\"noopener\">foi acionado o \u00c1guia-5<\/a>, que auxiliou no monitoramento do autom\u00f3vel e na transmiss\u00e3o, em tempo real, das informa\u00e7\u00f5es sobre a rota de fuga \u00e0s equipes em solo.<\/p>\n<p class=\"wp-block-paragraph\">Com o apoio a\u00e9reo, os policiais realizaram o cerco e conseguiram abordar o suspeito. Os objetos furtados foram recuperados e o homem foi preso em flagrante. Ele tamb\u00e9m foi indiciado por dirigir sem habilita\u00e7\u00e3o.<\/p>\n<p class=\"wp-block-paragraph\">A ocorr\u00eancia foi encaminhada \u00e0 Delegacia Seccional de Presidente Prudente, onde o caso foi registrado como furto de resid\u00eancia, dirigir sem permiss\u00e3o ou habilita\u00e7\u00e3o e localiza\u00e7\u00e3o\/apreens\u00e3o e entrega de ve\u00edculo.<\/p>\n<\/p><\/div>\n<p><br \/>\n<br \/><a href=\"https:\/\/www.agenciasp.sp.gov.br\/policia-militar-prende-suspeito-de-furtos-a-residencias-em-presidente-prudente\/\" rel=\"noopener\">Informa\u00e7\u00f5es GOV.SP<\/a><\/p>\n","protected":false},"excerpt":{"rendered":"<p>A Pol\u00edcia Militar de S\u00e3o Paulo prendeu em flagrante um homem de 49 anos, suspeito de praticar furtos em duas resid\u00eancias em Presidente Prudente, no interior de S\u00e3o Paulo. A a\u00e7\u00e3o ocorreu na tarde desta segunda-feira (15) e contou com o apoio do helic\u00f3ptero \u00c1guia-5, do Comando de Avia\u00e7\u00e3o (CAvPM). LEIA TAMB\u00c9M: PM de SP [&hellip;]<\/p>\n","protected":false},"author":1,"featured_media":58637,"comment_status":"","ping_status":"open","sticky":false,"template":"","format":"standard","meta":{"_jetpack_newsletter_access":"","_jetpack_dont_email_post_to_subs":false,"_jetpack_newsletter_tier_id":0,"_jetpack_memberships_contains_paywalled_content":false,"_mbp_banners":[],"_jetpack_feature_clip_id":0,"_jetpack_memberships_contains_paid_content":false,"footnotes":"","jetpack_publicize_message":"","jetpack_publicize_feature_enabled":true,"jetpack_social_post_already_shared":true,"jetpack_social_options":{"image_generator_settings":{"template":"highway","default_image_id":0,"font":"","enabled":false},"version":2},"jetpack_post_was_ever_published":false},"categories":[21],"tags":[],"class_list":["post-69176","post","type-post","status-publish","format-standard","has-post-thumbnail","category-sp-news"],"jetpack_publicize_connections":[],"jetpack-related-posts":[],"jetpack_shortlink":"https:\/\/wp.me\/p7Eq1F-hZK","jetpack_sharing_enabled":true,"jetpack_featured_media_url":"https:\/\/i0.wp.com\/guialimeira.com.br\/news\/wp-content\/uploads\/2026\/03\/Com-apoio-de-helicoptero-PM-prende-suspeito-com-veiculo-furtado.jpg?fit=2560%2C1920&ssl=1","_links":{"self":[{"href":"https:\/\/guialimeira.com.br\/news\/wp-json\/wp\/v2\/posts\/69176","targetHints":{"allow":["GET"]}}],"collection":[{"href":"https:\/\/guialimeira.com.br\/news\/wp-json\/wp\/v2\/posts"}],"about":[{"href":"https:\/\/guialimeira.com.br\/news\/wp-json\/wp\/v2\/types\/post"}],"author":[{"embeddable":true,"href":"https:\/\/guialimeira.com.br\/news\/wp-json\/wp\/v2\/users\/1"}],"replies":[{"embeddable":true,"href":"https:\/\/guialimeira.com.br\/news\/wp-json\/wp\/v2\/comments?post=69176"}],"version-history":[{"count":0,"href":"https:\/\/guialimeira.com.br\/news\/wp-json\/wp\/v2\/posts\/69176\/revisions"}],"wp:featuredmedia":[{"embeddable":true,"href":"https:\/\/guialimeira.com.br\/news\/wp-json\/wp\/v2\/media\/58637"}],"wp:attachment":[{"href":"https:\/\/guialimeira.com.br\/news\/wp-json\/wp\/v2\/media?parent=69176"}],"wp:term":[{"taxonomy":"category","embeddable":true,"href":"https:\/\/guialimeira.com.br\/news\/wp-json\/wp\/v2\/categories?post=69176"},{"taxonomy":"post_tag","embeddable":true,"href":"https:\/\/guialimeira.com.br\/news\/wp-json\/wp\/v2\/tags?post=69176"}],"curies":[{"name":"wp","href":"https:\/\/api.w.org\/{rel}","templated":true}]}}