{"id":69172,"date":"2026-06-16T07:32:08","date_gmt":"2026-06-16T10:32:08","guid":{"rendered":"https:\/\/guialimeira.com.br\/governo-de-sp-vai-ouvir-municipios-em-pesquisa-de-bem-estar-animal\/"},"modified":"2026-06-16T07:32:08","modified_gmt":"2026-06-16T10:32:08","slug":"governo-de-sp-vai-ouvir-municipios-em-pesquisa-de-bem-estar-animal","status":"publish","type":"post","link":"https:\/\/guialimeira.com.br\/news\/governo-de-sp-vai-ouvir-municipios-em-pesquisa-de-bem-estar-animal\/","title":{"rendered":"Governo de SP vai ouvir munic\u00edpios em pesquisa de bem-estar animal"},"content":{"rendered":"<p> <br \/>\n<br \/><img data-recalc-dims=\"1\" decoding=\"async\" src=\"https:\/\/i0.wp.com\/www.agenciasp.sp.gov.br\/wp-content\/uploads\/2025\/10\/dog-2606759_1280-1024x729-1.jpg?w=696&#038;ssl=1\" \/><\/p>\n<div>\n<p class=\"wp-block-paragraph\">O <a href=\"https:\/\/www.sp.gov.br\/sp\" target=\"_blank\" rel=\"noopener\">Governo de S\u00e3o Paulo<\/a> lan\u00e7a no dia 1\u00ba de julho a segunda edi\u00e7\u00e3o da Pesquisa Estadual de Bem-estar Animal. A iniciativa, da <a href=\"https:\/\/semil.sp.gov.br\/\" target=\"_blank\" rel=\"noopener\">Secretaria de Meio Ambiente, Infraestrutura e Log\u00edstica (Semil)<\/a>, vai ouvir os 645 munic\u00edpios paulistas para coletar informa\u00e7\u00f5es que embasar\u00e3o pol\u00edticas p\u00fablicas de prote\u00e7\u00e3o animal, manejo populacional e sa\u00fade \u00fanica.\u00a0<\/p>\n<p class=\"wp-block-paragraph\">Nesta edi\u00e7\u00e3o, o question\u00e1rio foi reformulado para ser mais intuitivo e detalhado, abrangendo desde a estrutura de castra\u00e7\u00e3o e atendimento veterin\u00e1rio at\u00e9 a fiscaliza\u00e7\u00e3o de maus-tratos, acolhimento de animais resgatados, atua\u00e7\u00e3o de ONGs, a\u00e7\u00f5es de guarda respons\u00e1vel, or\u00e7amento municipal, legisla\u00e7\u00e3o espec\u00edfica e desafios da sa\u00fade \u00fanica \u2013 conceito que integra bem-estar animal, humano e ambiental.\u00a0<\/p>\n<p class=\"wp-block-paragraph\">As respostas da pesquisa poder\u00e3o ser enviadas at\u00e9 15 de agosto, prazo final para participa\u00e7\u00e3o no levantamento. As informa\u00e7\u00f5es coletadas ser\u00e3o utilizadas para orientar investimentos, fortalecer programas j\u00e1 existentes e apoiar a formula\u00e7\u00e3o de novas a\u00e7\u00f5es voltadas \u00e0 sa\u00fade e \u00e0 prote\u00e7\u00e3o animal.\u00a0<\/p>\n<p class=\"wp-block-paragraph\"><strong>LEIA TAMB\u00c9M: <\/strong><a href=\"https:\/\/www.agenciasp.sp.gov.br\/unesp-atendimento-fauna-silvestre-paulista\/\" rel=\"noopener\">Unesp amplia atendimento \u00e0 fauna silvestre paulista com novas estruturas nos campi de Botucatu e Ara\u00e7atuba<\/a><\/p>\n<p class=\"wp-block-paragraph\">\u201cA nova pesquisa representa um avan\u00e7o importante na constru\u00e7\u00e3o das pol\u00edticas p\u00fablicas de bem-estar animal no estado. Com informa\u00e7\u00f5es mais detalhadas e uma participa\u00e7\u00e3o crescente dos munic\u00edpios, teremos condi\u00e7\u00f5es de identificar demandas espec\u00edficas, direcionar recursos com mais efici\u00eancia e apoiar as prefeituras de forma mais estrat\u00e9gica\u201d, afirma Karen Camargo, diretora de Bem-estar Animal da <a href=\"https:\/\/semil.sp.gov.br\/\" target=\"_blank\" rel=\"noopener\">Semil.<\/a>\u00a0<\/p>\n<p class=\"wp-block-paragraph\">Segundo ela, o objetivo \u00e9 construir um panorama ainda mais preciso da realidade paulista. \u201cCada munic\u00edpio possui caracter\u00edsticas e desafios pr\u00f3prios. Quanto mais completo for esse diagn\u00f3stico, maior ser\u00e1 nossa capacidade de desenvolver a\u00e7\u00f5es efetivas para promover o bem-estar animal, fortalecer o controle populacional e apoiar a estrutura\u00e7\u00e3o dos servi\u00e7os locais\u201d, destaca.\u00a0<\/p>\n<p class=\"wp-block-paragraph\">Os dados tamb\u00e9m contribuir\u00e3o para o aprimoramento de iniciativas estaduais j\u00e1 em andamento, como os programas Meu Pet e Pro Pet SP, al\u00e9m de subsidiar futuras a\u00e7\u00f5es de apoio t\u00e9cnico aos munic\u00edpios.\u00a0<\/p>\n<h3 class=\"wp-block-heading\">Primeira edi\u00e7\u00e3o trouxe diagn\u00f3stico pioneiro<\/h3>\n<p class=\"wp-block-paragraph\">Realizada ao longo de 2024, a primeira Pesquisa Estadual de Bem-estar Animal contou com a participa\u00e7\u00e3o de 151 munic\u00edpios de diferentes regi\u00f5es do estado. O levantamento identificou que 62,3% das cidades participantes oferecem servi\u00e7os permanentes de castra\u00e7\u00e3o e que cerca de 75% contam com m\u00e9dicos-veterin\u00e1rios atuando diretamente no atendimento de c\u00e3es e gatos.\u00a0<\/p>\n<p class=\"wp-block-paragraph\">A pesquisa tamb\u00e9m revelou a presen\u00e7a de casos de acumula\u00e7\u00e3o de animais em 45% dos munic\u00edpios respondentes. Al\u00e9m disso, 42,3% informaram j\u00e1 ter realizado levantamentos sobre a popula\u00e7\u00e3o de animais domiciliados, enquanto apenas 24,5% haviam promovido estudos voltados \u00e0 popula\u00e7\u00e3o de c\u00e3es e gatos em situa\u00e7\u00e3o de rua.\u00a0<\/p>\n<p class=\"wp-block-paragraph\">Os resultados serviram de base para o planejamento de pol\u00edticas p\u00fablicas e evidenciaram a necessidade de ampliar o alcance do levantamento para que o Estado possa contar com informa\u00e7\u00f5es mais completas sobre a realidade do bem-estar animal nos munic\u00edpios paulistas.<\/p>\n<\/p><\/div>\n<p><br \/>\n<br \/><a href=\"https:\/\/www.agenciasp.sp.gov.br\/sp-municipios-pesquisa-bem-estar-animal\/\" rel=\"noopener\">Informa\u00e7\u00f5es GOV.SP<\/a><\/p>\n","protected":false},"excerpt":{"rendered":"<p>O Governo de S\u00e3o Paulo lan\u00e7a no dia 1\u00ba de julho a segunda edi\u00e7\u00e3o da Pesquisa Estadual de Bem-estar Animal. A iniciativa, da Secretaria de Meio Ambiente, Infraestrutura e Log\u00edstica (Semil), vai ouvir os 645 munic\u00edpios paulistas para coletar informa\u00e7\u00f5es que embasar\u00e3o pol\u00edticas p\u00fablicas de prote\u00e7\u00e3o animal, manejo populacional e sa\u00fade \u00fanica.\u00a0 Nesta edi\u00e7\u00e3o, o [&hellip;]<\/p>\n","protected":false},"author":1,"featured_media":69173,"comment_status":"","ping_status":"open","sticky":false,"template":"","format":"standard","meta":{"_jetpack_newsletter_access":"","_jetpack_dont_email_post_to_subs":false,"_jetpack_newsletter_tier_id":0,"_jetpack_memberships_contains_paywalled_content":false,"_mbp_banners":[],"_jetpack_feature_clip_id":0,"_jetpack_memberships_contains_paid_content":false,"footnotes":"","jetpack_publicize_message":"","jetpack_publicize_feature_enabled":true,"jetpack_social_post_already_shared":true,"jetpack_social_options":{"image_generator_settings":{"template":"highway","default_image_id":0,"font":"","enabled":false},"version":2},"jetpack_post_was_ever_published":false},"categories":[21],"tags":[],"class_list":["post-69172","post","type-post","status-publish","format-standard","has-post-thumbnail","category-sp-news"],"jetpack_publicize_connections":[],"jetpack-related-posts":[],"jetpack_shortlink":"https:\/\/wp.me\/p7Eq1F-hZG","jetpack_sharing_enabled":true,"jetpack_featured_media_url":"https:\/\/i0.wp.com\/guialimeira.com.br\/news\/wp-content\/uploads\/2026\/06\/Governo-de-SP-vai-ouvir-municipios-em-pesquisa-de-bem-estar.jpg?fit=1024%2C729&ssl=1","_links":{"self":[{"href":"https:\/\/guialimeira.com.br\/news\/wp-json\/wp\/v2\/posts\/69172","targetHints":{"allow":["GET"]}}],"collection":[{"href":"https:\/\/guialimeira.com.br\/news\/wp-json\/wp\/v2\/posts"}],"about":[{"href":"https:\/\/guialimeira.com.br\/news\/wp-json\/wp\/v2\/types\/post"}],"author":[{"embeddable":true,"href":"https:\/\/guialimeira.com.br\/news\/wp-json\/wp\/v2\/users\/1"}],"replies":[{"embeddable":true,"href":"https:\/\/guialimeira.com.br\/news\/wp-json\/wp\/v2\/comments?post=69172"}],"version-history":[{"count":0,"href":"https:\/\/guialimeira.com.br\/news\/wp-json\/wp\/v2\/posts\/69172\/revisions"}],"wp:featuredmedia":[{"embeddable":true,"href":"https:\/\/guialimeira.com.br\/news\/wp-json\/wp\/v2\/media\/69173"}],"wp:attachment":[{"href":"https:\/\/guialimeira.com.br\/news\/wp-json\/wp\/v2\/media?parent=69172"}],"wp:term":[{"taxonomy":"category","embeddable":true,"href":"https:\/\/guialimeira.com.br\/news\/wp-json\/wp\/v2\/categories?post=69172"},{"taxonomy":"post_tag","embeddable":true,"href":"https:\/\/guialimeira.com.br\/news\/wp-json\/wp\/v2\/tags?post=69172"}],"curies":[{"name":"wp","href":"https:\/\/api.w.org\/{rel}","templated":true}]}}