{"id":6916,"date":"2024-05-29T15:57:42","date_gmt":"2024-05-29T18:57:42","guid":{"rendered":"https:\/\/guialimeira.com.br\/2024\/05\/29\/contas-publicas-tem-superavit-de-r-67-bilhoes-em-abril\/"},"modified":"2024-05-29T15:57:42","modified_gmt":"2024-05-29T18:57:42","slug":"contas-publicas-tem-superavit-de-r-67-bilhoes-em-abril","status":"publish","type":"post","link":"https:\/\/guialimeira.com.br\/news\/contas-publicas-tem-superavit-de-r-67-bilhoes-em-abril\/","title":{"rendered":"Contas p\u00fablicas t\u00eam super\u00e1vit de R$ 6,7 bilh\u00f5es em abril"},"content":{"rendered":"<p> <br \/>\n<\/p>\n<div>\n<p>As contas p\u00fablicas fecharam o m\u00eas de abril com saldo positivo, resultado principalmente do super\u00e1vit do governo federal, que teve arrecada\u00e7\u00e3o <a href=\"https:\/\/agenciabrasil.ebc.com.br\/economia\/noticia\/2024-05\/arrecadacao-federal-cresce-826-e-chega-r-22887-bilhoes-em-abril\" target=\"_blank\" rel=\"noopener\">recorde no m\u00eas passado<\/a>. O setor p\u00fablico consolidado \u2013 formado pela Uni\u00e3o, pelos estados, munic\u00edpios e empresas estatais \u2013 registrou super\u00e1vit prim\u00e1rio de R$ 6,688 bilh\u00f5es no m\u00eas de abril. O valor, entretanto, \u00e9 menor que o resultado positivo de R$ 20,324 bilh\u00f5es registrado no mesmo m\u00eas de 2023.<img data-recalc-dims=\"1\" decoding=\"async\" src=\"https:\/\/i0.wp.com\/agenciabrasil.ebc.com.br\/ebc.png?w=696&#038;ssl=1\" style=\"width:1px; height:1px; display:inline;\"\/><img data-recalc-dims=\"1\" decoding=\"async\" src=\"https:\/\/i0.wp.com\/agenciabrasil.ebc.com.br\/ebc.gif?w=696&#038;ssl=1\" style=\"width:1px; height:1px; display:inline;\"\/><\/p>\n<p>As Estat\u00edsticas Fiscais foram divulgadas nesta quarta-feira (29) pelo Banco Central (BC). O d\u00e9ficit prim\u00e1rio representa o resultado negativo das contas do setor p\u00fablico (despesas menos receitas), desconsiderando o pagamento dos juros da d\u00edvida p\u00fablica.<\/p>\n<div class=\"dnd-widget-wrapper context-grande_6colunas type-image atom-align-left\">\n<div class=\"dnd-atom-rendered\"><!-- scald=355329:grande_6colunas {\"additionalClasses\":\"\"} --><\/p>\n<div class=\"shadow overflow-hidden rounded-lg d-block w-100\">\n            <img data-recalc-dims=\"1\" decoding=\"async\" src=\"https:\/\/i0.wp.com\/agenciabrasil.ebc.com.br\/sites\/default\/files\/thumbnails\/image\/loading_v2.gif?w=696&#038;ssl=1\" data-echo=\"https:\/\/imagens.ebc.com.br\/l3SbohuSZUhwFUfPmNusZN_feLI=\/463x0\/smart\/https:\/\/agenciabrasil.ebc.com.br\/sites\/default\/files\/thumbnails\/image\/20231025_150203.jpg?itok=Jtlr8swu\" alt=\"Bras\u00edlia (DF), 26\/10\/2023, Pr\u00e9dio do Banco Central em Bras\u00edlia. Foto: Rafa Neddermeyer\/Ag\u00eancia Brasil\" title=\"Rafa Neddermeyer\/Ag\u00eancia Brasil\" class=\"flex-fill img-cover\"\/><br \/>\n        <img data-recalc-dims=\"1\" decoding=\"async\" src=\"https:\/\/i0.wp.com\/imagens.ebc.com.br\/l3SbohuSZUhwFUfPmNusZN_feLI%3D\/463x0\/smart\/https%3A\/\/agenciabrasil.ebc.com.br\/sites\/default\/files\/thumbnails\/image\/20231025_150203.jpg?w=696&#038;ssl=1\" alt=\"Bras\u00edlia (DF), 26\/10\/2023, Pr\u00e9dio do Banco Central em Bras\u00edlia. Foto: Rafa Neddermeyer\/Ag\u00eancia Brasil\" title=\"Rafa Neddermeyer\/Ag\u00eancia Brasil\" class=\"flex-fill img-cover\"\/>\n    <\/div>\n<p><!-- END scald=355329 --><\/div>\n<div class=\"dnd-caption-wrapper\">\n<p>Banco Central em Bras\u00edlia. Foto:\u00a0<strong>Rafa Neddermeyer\/Ag\u00eancia Brasil<\/strong><!--END copyright=355329--><\/p>\n<\/div>\n<\/div>\n<p>Nos quatro primeiros meses do ano, o setor p\u00fablico consolidado registra super\u00e1vit prim\u00e1rio de R$ 61,320 bilh\u00f5es. Em 12 meses &#8211; encerrados em abril &#8211; as contas acumulam d\u00e9ficit prim\u00e1rio de R$ 266,506 bilh\u00f5es, o que corresponde a 2,4% do Produto Interno Bruto (PIB, a soma de todos os bens e servi\u00e7os produzidos no pa\u00eds).<\/p>\n<p>Em 2023, as contas p\u00fablicas fecharam o ano com d\u00e9ficit prim\u00e1rio de R$ 249,124 bilh\u00f5es, 2,29% do PIB.<\/p>\n<h2>Governo Central<\/h2>\n<p>Em abril \u00faltimo, a conta do Governo Central (Previd\u00eancia, Banco Central e Tesouro Nacional) teve super\u00e1vit prim\u00e1rio de R$ 8,762 bilh\u00f5es ante resultado positivo de R$ 16,886 bilh\u00f5es em abril de 2023. O montante do d\u00e9ficit difere do resultado divulgado nessa ter\u00e7a-feira (28) pelo <a href=\"https:\/\/agenciabrasil.ebc.com.br\/economia\/noticia\/2024-05\/governo-central-tem-superavit-primario-de-r-111-bilhoes-em-abril\" target=\"_blank\" rel=\"noopener\">Tesouro Nacional<\/a>, de super\u00e1vit de R$ 11,1 bilh\u00f5es em abril\u00a0porque, al\u00e9m de considerar os governos locais e as estatais, o BC usa metodologia diferente, que leva em conta a varia\u00e7\u00e3o da d\u00edvida dos entes p\u00fablicos.<\/p>\n<p>Os governos estaduais tamb\u00e9m registraram super\u00e1vit no m\u00eas de abril de R$ 591 milh\u00f5es, ante super\u00e1vit de R$ 3,935 bilh\u00f5es em abril do ano passado. J\u00e1 os governos municipais tiveram resultado negativo de R$ 1,967 bilh\u00e3o em abril deste ano. No mesmo m\u00eas de 2023, houve super\u00e1vit de R$ 106 milh\u00f5es para esses entes.<\/p>\n<p>Com isso, no total, os governos regionais &#8211; estaduais e municipais &#8211; tiveram d\u00e9ficit de R$ 1,377 bilh\u00e3o em abril de 2024 contra resultado positivo de R$ 4,041 bilh\u00f5es no mesmo m\u00eas do ano passado.<\/p>\n<p>As empresas estatais federais, estaduais e municipais &#8211; exclu\u00eddas dos grupos Petrobras e Eletrobras &#8211; tiveram d\u00e9ficit prim\u00e1rio de R$ 698 milh\u00f5es em abril, contra d\u00e9ficit de R$ 602 milh\u00f5es no mesmo m\u00eas de 2023.<\/p>\n<h2>Despesas com juros<\/h2>\n<p>Os gastos com juros ficaram em R$ 76,326 bilh\u00f5es em abril deste ano, um aumento significativo em rela\u00e7\u00e3o aos R$ 45,753 bilh\u00f5es registrados em abril de 2023. De mar\u00e7o para abril de 2024, tamb\u00e9m houve alta significativa. No terceiro m\u00eas do ano, os gastos com juros foram R$ 64,158 bilh\u00f5es.<\/p>\n<p>De acordo com o BC, n\u00e3o \u00e9 comum a conta de juros apresentar grandes varia\u00e7\u00f5es, especialmente negativas, j\u00e1 que os juros s\u00e3o apropriados por compet\u00eancias, m\u00eas a m\u00eas. Mas nesse resultado, h\u00e1 os efeitos das opera\u00e7\u00f5es do Banco Central no mercado de c\u00e2mbio (swap cambial, que \u00e9 a venda de d\u00f3lares no mercado futuro) que, nesse caso, contribu\u00edram para a piora da conta de juros em abril. Os resultados dessas opera\u00e7\u00f5es s\u00e3o transferidos para o pagamento dos juros da d\u00edvida p\u00fablica, como receita quando h\u00e1 ganhos e como despesa quando h\u00e1 perdas.<\/p>\n<p>Em abril de 2023, a conta de swaps teve ganhos de R$ 14,2 bilh\u00f5es, enquanto no mesmo m\u00eas deste ano teve perdas de R$ 11,2 bilh\u00f5es.<\/p>\n<p>O resultado nominal das contas p\u00fablicas \u2013 formado pelo resultado prim\u00e1rio e os gastos com juros \u2013 mais que dobrou na compara\u00e7\u00e3o interanual. No m\u00eas de abril, o d\u00e9ficit nominal ficou em R$ 69,638 bilh\u00f5es contra o resultado negativo de R$ 25,428 bilh\u00f5es em igual per\u00edodo de 2023.<\/p>\n<p>Em 12 meses encerrados em abril, o setor p\u00fablico acumula d\u00e9ficit R$ 1,042 trilh\u00e3o, ou 9,41% do PIB. O resultado nominal \u00e9 levado em conta pelas ag\u00eancias de classifica\u00e7\u00e3o de risco ao analisar o endividamento de um pa\u00eds, indicador observado por investidores.<\/p>\n<h2>D\u00edvida p\u00fablica<\/h2>\n<p>A d\u00edvida l\u00edquida do setor p\u00fablico &#8211; balan\u00e7o entre o total de cr\u00e9ditos e d\u00e9bitos dos governos federal, estaduais e municipais &#8211; chegou a R$ 6,787 trilh\u00f5es em abril, o que corresponde a 61,2% do PIB. Em mar\u00e7o, o percentual da d\u00edvida l\u00edquida em rela\u00e7\u00e3o ao PIB estava em 61,1% (R$ 6,741 trilh\u00f5es).<\/p>\n<p>No m\u00eas de abril deste ano, a d\u00edvida bruta do governo geral (DBGG) &#8211; que contabiliza apenas os passivos dos governos federal, estaduais e municipais &#8211; chegou a R$ 8,424 trilh\u00f5es ou 76%, com aumento em rela\u00e7\u00e3o ao m\u00eas anterior (R$ 8,347 trilh\u00f5es ou 75,7% do PIB). Assim como o resultado nominal, a d\u00edvida bruta \u00e9 usada para tra\u00e7ar compara\u00e7\u00f5es internacionais.<\/p>\n<\/p><\/div>\n<p><br \/>\n<br \/><a href=\"https:\/\/agenciabrasil.ebc.com.br\/economia\/noticia\/2024-05\/contas-publicas-tem-superavit-de-r-67-bilhoes-em-abril\" rel=\"noopener\">Ag\u00eancia Brasil<\/a><\/p>\n","protected":false},"excerpt":{"rendered":"<p>As contas p\u00fablicas fecharam o m\u00eas de abril com saldo positivo, resultado principalmente do super\u00e1vit do governo federal, que teve arrecada\u00e7\u00e3o recorde no m\u00eas passado. O setor p\u00fablico consolidado \u2013 formado pela Uni\u00e3o, pelos estados, munic\u00edpios e empresas estatais \u2013 registrou super\u00e1vit prim\u00e1rio de R$ 6,688 bilh\u00f5es no m\u00eas de abril. O valor, entretanto, \u00e9 [&hellip;]<\/p>\n","protected":false},"author":1,"featured_media":359,"comment_status":"open","ping_status":"open","sticky":false,"template":"","format":"standard","meta":{"_jetpack_newsletter_access":"","_jetpack_dont_email_post_to_subs":false,"_jetpack_newsletter_tier_id":0,"_jetpack_memberships_contains_paywalled_content":false,"_mbp_banners":[],"_jetpack_feature_clip_id":0,"_jetpack_memberships_contains_paid_content":false,"footnotes":"","jetpack_publicize_message":"","jetpack_publicize_feature_enabled":true,"jetpack_social_post_already_shared":true,"jetpack_social_options":{"image_generator_settings":{"template":"highway","default_image_id":0,"font":"","enabled":false},"version":2},"jetpack_post_was_ever_published":false},"categories":[24],"tags":[],"class_list":["post-6916","post","type-post","status-publish","format-standard","has-post-thumbnail","category-economia"],"jetpack_publicize_connections":[],"jetpack-related-posts":[],"jetpack_shortlink":"https:\/\/wp.me\/p7Eq1F-1Ny","jetpack_sharing_enabled":true,"jetpack_featured_media_url":"https:\/\/i0.wp.com\/guialimeira.com.br\/news\/wp-content\/uploads\/2024\/03\/ja_1086.jpg?fit=1600%2C800&ssl=1","_links":{"self":[{"href":"https:\/\/guialimeira.com.br\/news\/wp-json\/wp\/v2\/posts\/6916","targetHints":{"allow":["GET"]}}],"collection":[{"href":"https:\/\/guialimeira.com.br\/news\/wp-json\/wp\/v2\/posts"}],"about":[{"href":"https:\/\/guialimeira.com.br\/news\/wp-json\/wp\/v2\/types\/post"}],"author":[{"embeddable":true,"href":"https:\/\/guialimeira.com.br\/news\/wp-json\/wp\/v2\/users\/1"}],"replies":[{"embeddable":true,"href":"https:\/\/guialimeira.com.br\/news\/wp-json\/wp\/v2\/comments?post=6916"}],"version-history":[{"count":0,"href":"https:\/\/guialimeira.com.br\/news\/wp-json\/wp\/v2\/posts\/6916\/revisions"}],"wp:featuredmedia":[{"embeddable":true,"href":"https:\/\/guialimeira.com.br\/news\/wp-json\/wp\/v2\/media\/359"}],"wp:attachment":[{"href":"https:\/\/guialimeira.com.br\/news\/wp-json\/wp\/v2\/media?parent=6916"}],"wp:term":[{"taxonomy":"category","embeddable":true,"href":"https:\/\/guialimeira.com.br\/news\/wp-json\/wp\/v2\/categories?post=6916"},{"taxonomy":"post_tag","embeddable":true,"href":"https:\/\/guialimeira.com.br\/news\/wp-json\/wp\/v2\/tags?post=6916"}],"curies":[{"name":"wp","href":"https:\/\/api.w.org\/{rel}","templated":true}]}}