{"id":69146,"date":"2026-06-15T23:21:56","date_gmt":"2026-06-16T02:21:56","guid":{"rendered":"https:\/\/guialimeira.com.br\/palacio-dos-bandeirantes-recebe-iluminacao-violeta-em-apoio-a-campanha-de-conscientizacao-sobre-a-violencia-contra-idosos\/"},"modified":"2026-06-15T23:21:56","modified_gmt":"2026-06-16T02:21:56","slug":"palacio-dos-bandeirantes-recebe-iluminacao-violeta-em-apoio-a-campanha-de-conscientizacao-sobre-a-violencia-contra-idosos","status":"publish","type":"post","link":"https:\/\/guialimeira.com.br\/news\/palacio-dos-bandeirantes-recebe-iluminacao-violeta-em-apoio-a-campanha-de-conscientizacao-sobre-a-violencia-contra-idosos\/","title":{"rendered":"Pal\u00e1cio dos Bandeirantes recebe ilumina\u00e7\u00e3o violeta em apoio \u00e0 campanha de conscientiza\u00e7\u00e3o sobre a viol\u00eancia contra idosos"},"content":{"rendered":"<p> <br \/>\n<br \/><img data-recalc-dims=\"1\" decoding=\"async\" src=\"https:\/\/i0.wp.com\/www.agenciasp.sp.gov.br\/wp-content\/uploads\/2026\/06\/IMG_7871-scaled.jpg?w=696&#038;ssl=1\" \/><\/p>\n<div>\n<p class=\"wp-block-paragraph\">O Pal\u00e1cio dos Bandeirantes, sede do Governo do Estado de S\u00e3o Paulo, recebe ilumina\u00e7\u00e3o especial na cor violeta nesta segunda-feira (15), em apoio \u00e0 campanha Junho Violeta. A iniciativa marca o Dia Mundial de Conscientiza\u00e7\u00e3o da Viol\u00eancia contra a Pessoa Idosa, institu\u00eddo pela Organiza\u00e7\u00e3o das Na\u00e7\u00f5es Unidas (ONU), e busca ampliar o debate sobre respeito, prote\u00e7\u00e3o e garantia de direitos.<\/p>\n<p class=\"wp-block-paragraph\">A a\u00e7\u00e3o tem como objetivo chamar a aten\u00e7\u00e3o da sociedade para diferentes formas de viol\u00eancia, neglig\u00eancia, abandono e viola\u00e7\u00e3o de direitos que atingem as pessoas idosas, al\u00e9m de estimular a reflex\u00e3o sobre a responsabilidade coletiva na preven\u00e7\u00e3o e no enfrentamento dessas situa\u00e7\u00f5es.<\/p>\n<p class=\"wp-block-paragraph\"><strong>LEIA TAMB\u00c9M: <\/strong><a href=\"https:\/\/www.agenciasp.sp.gov.br\/governo-de-sp-lanca-protocolo-nao-se-cale-vai-a-escola-para-combater-a-violencia-contra-mulheres-e-meninas-na-rede-estadual\/\" rel=\"noopener\">Governo de SP lan\u00e7a Protocolo N\u00e3o se Cale vai \u00e0 Escola para combater a viol\u00eancia contra mulheres e meninas na rede estadual<\/a><\/p>\n<p class=\"wp-block-paragraph\">Em 2026, a campanha adota o tema \u201cSil\u00eancio. Uma escolha que n\u00e3o protege\u201d, destacando a import\u00e2ncia de identificar, denunciar e combater situa\u00e7\u00f5es de viol\u00eancia que muitas vezes permanecem invis\u00edveis. A proposta \u00e9 incentivar a aten\u00e7\u00e3o da sociedade para sinais de maus-tratos e fortalecer a atua\u00e7\u00e3o das redes de prote\u00e7\u00e3o voltadas \u00e0 popula\u00e7\u00e3o idosa.<\/p>\n<h3 class=\"wp-block-heading\">Dignidade<\/h3>\n<p class=\"wp-block-paragraph\">Promovida pelo Instituto Velho Amigo, organiza\u00e7\u00e3o social que atua h\u00e1 mais de 27 anos na promo\u00e7\u00e3o do envelhecimento digno e na prote\u00e7\u00e3o de pessoas idosas em situa\u00e7\u00e3o de vulnerabilidade, a campanha mobiliza institui\u00e7\u00f5es p\u00fablicas e privadas em todo o pa\u00eds por meio de a\u00e7\u00f5es de conscientiza\u00e7\u00e3o e da ilumina\u00e7\u00e3o de monumentos e pr\u00e9dios p\u00fablicos na cor violeta, s\u00edmbolo da causa.<\/p>\n<p class=\"wp-block-paragraph\">O Pal\u00e1cio dos Bandeirantes participa da mobiliza\u00e7\u00e3o h\u00e1 v\u00e1rios anos, somando-se a monumentos e espa\u00e7os p\u00fablicos de diferentes regi\u00f5es do pa\u00eds que recebem ilumina\u00e7\u00e3o especial para ampliar a visibilidade da campanha e estimular a conscientiza\u00e7\u00e3o da popula\u00e7\u00e3o.<\/p>\n<p class=\"wp-block-paragraph\">Segundo o Estatuto da Pessoa Idosa, \u00e9 dever da fam\u00edlia, da sociedade e do poder p\u00fablico assegurar \u00e0 popula\u00e7\u00e3o idosa a efetiva\u00e7\u00e3o de direitos fundamentais, garantindo condi\u00e7\u00f5es de liberdade, dignidade, respeito e conviv\u00eancia familiar e comunit\u00e1ria.<\/p>\n<p class=\"wp-block-paragraph\">A ilumina\u00e7\u00e3o do Pal\u00e1cio dos Bandeirantes integra as a\u00e7\u00f5es de apoio institucional do Governo de S\u00e3o Paulo a campanhas de interesse p\u00fablico, contribuindo para ampliar a conscientiza\u00e7\u00e3o da popula\u00e7\u00e3o e fortalecer a promo\u00e7\u00e3o dos direitos da pessoa idosa. Para denunciar situa\u00e7\u00f5es de viol\u00eancia contra pessoas idosas, a popula\u00e7\u00e3o pode utilizar o Disque 100, canal nacional de atendimento para viola\u00e7\u00f5es de direitos humanos, ou o 190, da Pol\u00edcia Militar.<\/p>\n<\/p><\/div>\n<p><br \/>\n<br \/><a href=\"https:\/\/www.agenciasp.sp.gov.br\/palacio-dos-bandeirantes-recebe-iluminacao-violeta-em-apoio-a-campanha-de-conscientizacao-sobre-a-violencia-contra-idosos\/\" rel=\"noopener\">Informa\u00e7\u00f5es GOV.SP<\/a><\/p>\n","protected":false},"excerpt":{"rendered":"<p>O Pal\u00e1cio dos Bandeirantes, sede do Governo do Estado de S\u00e3o Paulo, recebe ilumina\u00e7\u00e3o especial na cor violeta nesta segunda-feira (15), em apoio \u00e0 campanha Junho Violeta. A iniciativa marca o Dia Mundial de Conscientiza\u00e7\u00e3o da Viol\u00eancia contra a Pessoa Idosa, institu\u00eddo pela Organiza\u00e7\u00e3o das Na\u00e7\u00f5es Unidas (ONU), e busca ampliar o debate sobre respeito, [&hellip;]<\/p>\n","protected":false},"author":1,"featured_media":69147,"comment_status":"","ping_status":"open","sticky":false,"template":"","format":"standard","meta":{"_jetpack_newsletter_access":"","_jetpack_dont_email_post_to_subs":false,"_jetpack_newsletter_tier_id":0,"_jetpack_memberships_contains_paywalled_content":false,"_mbp_banners":[],"_jetpack_feature_clip_id":0,"_jetpack_memberships_contains_paid_content":false,"footnotes":"","jetpack_publicize_message":"","jetpack_publicize_feature_enabled":true,"jetpack_social_post_already_shared":true,"jetpack_social_options":{"image_generator_settings":{"template":"highway","default_image_id":0,"font":"","enabled":false},"version":2},"jetpack_post_was_ever_published":false},"categories":[21],"tags":[],"class_list":["post-69146","post","type-post","status-publish","format-standard","has-post-thumbnail","category-sp-news"],"jetpack_publicize_connections":[],"jetpack-related-posts":[],"jetpack_shortlink":"https:\/\/wp.me\/p7Eq1F-hZg","jetpack_sharing_enabled":true,"jetpack_featured_media_url":"https:\/\/i0.wp.com\/guialimeira.com.br\/news\/wp-content\/uploads\/2026\/06\/Palacio-dos-Bandeirantes-recebe-iluminacao-violeta-em-apoio-a-campanha.jpg?fit=2560%2C1707&ssl=1","_links":{"self":[{"href":"https:\/\/guialimeira.com.br\/news\/wp-json\/wp\/v2\/posts\/69146","targetHints":{"allow":["GET"]}}],"collection":[{"href":"https:\/\/guialimeira.com.br\/news\/wp-json\/wp\/v2\/posts"}],"about":[{"href":"https:\/\/guialimeira.com.br\/news\/wp-json\/wp\/v2\/types\/post"}],"author":[{"embeddable":true,"href":"https:\/\/guialimeira.com.br\/news\/wp-json\/wp\/v2\/users\/1"}],"replies":[{"embeddable":true,"href":"https:\/\/guialimeira.com.br\/news\/wp-json\/wp\/v2\/comments?post=69146"}],"version-history":[{"count":0,"href":"https:\/\/guialimeira.com.br\/news\/wp-json\/wp\/v2\/posts\/69146\/revisions"}],"wp:featuredmedia":[{"embeddable":true,"href":"https:\/\/guialimeira.com.br\/news\/wp-json\/wp\/v2\/media\/69147"}],"wp:attachment":[{"href":"https:\/\/guialimeira.com.br\/news\/wp-json\/wp\/v2\/media?parent=69146"}],"wp:term":[{"taxonomy":"category","embeddable":true,"href":"https:\/\/guialimeira.com.br\/news\/wp-json\/wp\/v2\/categories?post=69146"},{"taxonomy":"post_tag","embeddable":true,"href":"https:\/\/guialimeira.com.br\/news\/wp-json\/wp\/v2\/tags?post=69146"}],"curies":[{"name":"wp","href":"https:\/\/api.w.org\/{rel}","templated":true}]}}