{"id":69142,"date":"2026-06-15T22:20:36","date_gmt":"2026-06-16T01:20:36","guid":{"rendered":"https:\/\/guialimeira.com.br\/governo-de-sp-celebra-um-ano-de-caminho-da-capacitacao-com-mais-de-15-mil-alunos-formados-em-cursos-profissionalizantes\/"},"modified":"2026-06-15T22:20:36","modified_gmt":"2026-06-16T01:20:36","slug":"governo-de-sp-celebra-um-ano-de-caminho-da-capacitacao-com-mais-de-15-mil-alunos-formados-em-cursos-profissionalizantes","status":"publish","type":"post","link":"https:\/\/guialimeira.com.br\/news\/governo-de-sp-celebra-um-ano-de-caminho-da-capacitacao-com-mais-de-15-mil-alunos-formados-em-cursos-profissionalizantes\/","title":{"rendered":"Governo de SP celebra um ano de Caminho da Capacita\u00e7\u00e3o com mais de 15 mil alunos formados em cursos profissionalizantes"},"content":{"rendered":"<p> <br \/>\n<\/p>\n<div>\n<p class=\"wp-block-paragraph\">O Governo de S\u00e3o Paulo celebrou, nesta segunda-feira (15), o primeiro ano do programa Caminho da Capacita\u00e7\u00e3o durante a formatura dos alunos do 21\u00ba ciclo da iniciativa, realizada em Pindamonhangaba. A cerim\u00f4nia reuniu participantes de 15 munic\u00edpios do Vale do Para\u00edba e marcou a conclus\u00e3o de mais uma etapa do programa do Fundo Social de S\u00e3o Paulo, que j\u00e1 formou 15.204 alunos em todo o estado.<\/p>\n<p>Ao longo de seu primeiro ano, o Caminho da Capacita\u00e7\u00e3o percorreu 290 munic\u00edpios paulistas e esteve presente em 15 regi\u00f5es administrativas, consolidando-se como uma das maiores iniciativas itinerantes de qualifica\u00e7\u00e3o profissional gratuita do Governo do Estado de S\u00e3o Paulo.<\/p>\n<p>\u201cAcreditamos muito na capacita\u00e7\u00e3o porque ela gera autonomia e abre portas. Quando oferecemos uma oportunidade de qualifica\u00e7\u00e3o, estamos dizendo \u00e0s pessoas que elas podem sonhar mais alto, empreender, conquistar um emprego e construir um futuro melhor para suas fam\u00edlias. Por onde passamos, encontramos hist\u00f3rias de supera\u00e7\u00e3o e recome\u00e7o. Pessoas que venceram dificuldades, acreditaram em uma nova oportunidade e encontraram na capacita\u00e7\u00e3o um caminho para transformar suas vidas\u201d, disse Tarc\u00edsio de Freitas.\u201d, destacou o governador Tarc\u00edsio de Freitas.<\/p>\n<p>Nesta etapa, foram certificados 1.151 alunos dos munic\u00edpios de Aparecida, Ca\u00e7apava, Campos do Jord\u00e3o, Guaratinguet\u00e1, Jacare\u00ed, Jambeiro, Monteiro Lobato, Pindamonhangaba, Potim, Roseira, Santa Branca, S\u00e3o Bento do Sapuca\u00ed, S\u00e3o Jos\u00e9 dos Campos, Taubat\u00e9 e Trememb\u00e9.<\/p>\n<figure class=\"wp-block-image size-full\"><img data-recalc-dims=\"1\" fetchpriority=\"high\" decoding=\"async\" width=\"696\" height=\"463\" src=\"https:\/\/i0.wp.com\/www.agenciasp.sp.gov.br\/wp-content\/uploads\/2026\/06\/Cristiane-Freitas-e-Tarcisio-de-Freitas.jpg?resize=696%2C463&#038;ssl=1\" alt=\"\" class=\"wp-image-152098 lazy\" srcset=\"https:\/\/www.agenciasp.sp.gov.br\/wp-content\/uploads\/2026\/06\/Cristiane-Freitas-e-Tarcisio-de-Freitas.jpg 1000w, https:\/\/www.agenciasp.sp.gov.br\/wp-content\/uploads\/2026\/06\/Cristiane-Freitas-e-Tarcisio-de-Freitas-300x200.jpg 300w, https:\/\/www.agenciasp.sp.gov.br\/wp-content\/uploads\/2026\/06\/Cristiane-Freitas-e-Tarcisio-de-Freitas-768x511.jpg 768w, https:\/\/www.agenciasp.sp.gov.br\/wp-content\/uploads\/2026\/06\/Cristiane-Freitas-e-Tarcisio-de-Freitas-150x100.jpg 150w\" data-sizes=\"(max-width: 1000px) 100vw, 1000px\"\/><figcaption class=\"wp-element-caption\">A primeira-dama e presidente do Fundo Social de S\u00e3o Paulo, Cristiane Freitas, e o governador Tarc\u00edsio de Freitas,  durante celebra\u00e7\u00e3o de um ano do Caminho da Capacita\u00e7\u00e3o. Foto: Roberto Sungi\/Governo do Estado SP<br \/><\/figcaption><\/figure>\n<p class=\"wp-block-paragraph\">Para atender os munic\u00edpios deste ciclo, o programa mobilizou 22 carretas adaptadas como salas de aula m\u00f3veis, que levaram cursos gratuitos de qualifica\u00e7\u00e3o profissional em \u00e1reas com alta demanda do mercado, como gastronomia, beleza e bem-estar, mec\u00e2nica, tecnologia, moda e cuidados com pets. As unidades, equipadas para atividades te\u00f3ricas e pr\u00e1ticas, permitiram que a forma\u00e7\u00e3o chegasse diretamente \u00e0s cidades participantes.<\/p>\n<p>Durante a cerim\u00f4nia, a primeira-dama do Estado e presidente do Fundo Social de S\u00e3o Paulo, Cristiane Freitas, destacou o impacto da iniciativa na transforma\u00e7\u00e3o da vida dos participantes e os resultados alcan\u00e7ados ao longo do primeiro ano do programa.<\/p>\n<figure class=\"wp-block-embed is-type-video is-provider-youtube wp-block-embed-youtube wp-embed-aspect-16-9 wp-has-aspect-ratio\">\n<p>\n<span class=\"embed-youtube\" style=\"text-align:center; display: block;\"><iframe loading=\"lazy\" class=\"youtube-player\" width=\"696\" height=\"392\" src=\"https:\/\/www.youtube.com\/embed\/yfmd5RoyMFw?version=3&#038;rel=1&#038;showsearch=0&#038;showinfo=1&#038;iv_load_policy=1&#038;fs=1&#038;hl=pt-BR&#038;autohide=2&#038;wmode=transparent\" allowfullscreen=\"true\" style=\"border:0;\" sandbox=\"allow-scripts allow-same-origin allow-popups allow-presentation allow-popups-to-escape-sandbox\"><\/iframe><\/span>\n<\/p>\n<\/figure>\n<p>\u201cHoje celebramos um ano do Caminho da Capacita\u00e7\u00e3o. Um ano levando qualifica\u00e7\u00e3o, oportunidades e prosperidade para todo o estado de S\u00e3o Paulo. Mas esse projeto s\u00f3 existe porque as pessoas acreditaram nele. O Caminho da Capacita\u00e7\u00e3o n\u00e3o existe sem alunos e n\u00e3o existe sem professores. Por isso, meu primeiro agradecimento \u00e9 para cada um de voc\u00eas que abra\u00e7ou essa oportunidade e decidiu investir no pr\u00f3prio futuro\u201d, afirmou. \u201cEm cada cidade, encontramos hist\u00f3rias de coragem, determina\u00e7\u00e3o e supera\u00e7\u00e3o\u201d, concluiu Cristiane Freitas.<\/p>\n<h2 class=\"wp-block-heading\">Feira de Empregos amplia oportunidades<\/h2>\n<p class=\"wp-block-paragraph\">Al\u00e9m da formatura, o evento contou com uma nova edi\u00e7\u00e3o da Feira de Empregos, aberta a toda a popula\u00e7\u00e3o. A a\u00e7\u00e3o disponibilizou 1.142 vagas por meio do programa estadual Trampolim, da Secretaria de Desenvolvimento Econ\u00f4mico, aproximando trabalhadores e empregadores e fortalecendo a conex\u00e3o entre qualifica\u00e7\u00e3o profissional e empregabilidade.<\/p>\n<figure class=\"wp-block-image size-full\"><img data-recalc-dims=\"1\" loading=\"lazy\" decoding=\"async\" width=\"696\" height=\"463\" src=\"https:\/\/i0.wp.com\/www.agenciasp.sp.gov.br\/wp-content\/uploads\/2026\/06\/Empreendedor-Artesao-Feira-de-Emprego.jpg?resize=696%2C463&#038;ssl=1\" alt=\"\" class=\"wp-image-152036 lazy\" srcset=\"https:\/\/www.agenciasp.sp.gov.br\/wp-content\/uploads\/2026\/06\/Empreendedor-Artesao-Feira-de-Emprego.jpg 1000w, https:\/\/www.agenciasp.sp.gov.br\/wp-content\/uploads\/2026\/06\/Empreendedor-Artesao-Feira-de-Emprego-300x200.jpg 300w, https:\/\/www.agenciasp.sp.gov.br\/wp-content\/uploads\/2026\/06\/Empreendedor-Artesao-Feira-de-Emprego-768x511.jpg 768w, https:\/\/www.agenciasp.sp.gov.br\/wp-content\/uploads\/2026\/06\/Empreendedor-Artesao-Feira-de-Emprego-150x100.jpg 150w\" data-sizes=\"(max-width: 1000px) 100vw, 1000px\"\/><figcaption class=\"wp-element-caption\">Programa Empreendedor Artes\u00e3o, voltado \u00e0 formaliza\u00e7\u00e3o e ao fortalecimento de pequenos neg\u00f3cios, prestou servi\u00e7os na feira de empregos. Foto: Roberto Sungi\/Governo do Estado SP<\/figcaption><\/figure>\n<p class=\"wp-block-paragraph\">A programa\u00e7\u00e3o tamb\u00e9m reuniu servi\u00e7os do Banco do Povo Paulista, com oferta de microcr\u00e9dito; do programa Empreendedor Artes\u00e3o, voltado \u00e0 formaliza\u00e7\u00e3o e ao fortalecimento de pequenos neg\u00f3cios; e do Sebrae, com orienta\u00e7\u00f5es para abertura, gest\u00e3o e expans\u00e3o de empresas.<\/p>\n<p>As unidades m\u00f3veis do Procon-SP e do Poupatempo completaram o atendimento ao p\u00fablico, oferecendo servi\u00e7os e orienta\u00e7\u00f5es sobre direitos do consumidor, emiss\u00e3o de documentos e acesso a pol\u00edticas p\u00fablicas estaduais.<\/p>\n<figure class=\"wp-block-image size-full\"><img data-recalc-dims=\"1\" loading=\"lazy\" decoding=\"async\" width=\"696\" height=\"463\" src=\"https:\/\/i0.wp.com\/www.agenciasp.sp.gov.br\/wp-content\/uploads\/2026\/06\/Servico-Poupatempo-Feira-de-Emprego.jpg?resize=696%2C463&#038;ssl=1\" alt=\"\" class=\"wp-image-152037 lazy\" srcset=\"https:\/\/www.agenciasp.sp.gov.br\/wp-content\/uploads\/2026\/06\/Servico-Poupatempo-Feira-de-Emprego.jpg 1000w, https:\/\/www.agenciasp.sp.gov.br\/wp-content\/uploads\/2026\/06\/Servico-Poupatempo-Feira-de-Emprego-300x200.jpg 300w, https:\/\/www.agenciasp.sp.gov.br\/wp-content\/uploads\/2026\/06\/Servico-Poupatempo-Feira-de-Emprego-768x511.jpg 768w, https:\/\/www.agenciasp.sp.gov.br\/wp-content\/uploads\/2026\/06\/Servico-Poupatempo-Feira-de-Emprego-150x100.jpg 150w\" data-sizes=\"(max-width: 1000px) 100vw, 1000px\"\/><figcaption class=\"wp-element-caption\">Popula\u00e7\u00e3o da regi\u00e3o tamb\u00e9m contou com servi\u00e7os do Poupatempo. Foto: Roberto Sungi\/Governo do Estado SP<\/figcaption><\/figure>\n<h2 class=\"wp-block-heading\">Sobre o programa<\/h2>\n<p class=\"wp-block-paragraph\">O Caminho da Capacita\u00e7\u00e3o \u00e9 uma iniciativa do Fundo Social de S\u00e3o Paulo integrada ao programa SuperA\u00e7\u00e3o SP, estrat\u00e9gia do Governo do Estado voltada \u00e0 supera\u00e7\u00e3o da pobreza e \u00e0 promo\u00e7\u00e3o da autonomia das fam\u00edlias paulistas. A a\u00e7\u00e3o contribui para a meta de retirar mais de 100 mil fam\u00edlias da linha da pobreza por meio da qualifica\u00e7\u00e3o profissional, da gera\u00e7\u00e3o de renda e da inclus\u00e3o produtiva.<\/p>\n<p>Com estrutura itinerante, o programa leva cursos gratuitos de qualifica\u00e7\u00e3o profissional a diferentes regi\u00f5es do estado, ampliando oportunidades e aproximando a popula\u00e7\u00e3o de ferramentas concretas para o desenvolvimento social e econ\u00f4mico.<\/p>\n<p>Mais informa\u00e7\u00f5es sobre inscri\u00e7\u00f5es, cidades atendidas e pr\u00f3ximas etapas est\u00e3o dispon\u00edveis em <a href=\"https:\/\/www.caminhodacapacitacao.sp.gov.br\/\" target=\"_blank\" rel=\"noopener\">caminhodacapacitacao.sp.gov.br<\/a>.<\/p>\n<p class=\"wp-block-paragraph\">Ou\u00e7a os \u00e1udios:<\/p>\n<p><iframe loading=\"lazy\" width=\"100%\" height=\"166\" scrolling=\"no\" frameborder=\"no\" allow=\"autoplay; encrypted-media\" src=\"https:\/\/w.soundcloud.com\/player\/?url=https%3A\/\/api.soundcloud.com\/tracks\/soundcloud%253Atracks%253A2340081398&amp;color=%23ff5500&amp;auto_play=false&amp;hide_related=false&amp;show_comments=true&amp;show_user=true&amp;show_reposts=false&amp;show_teaser=true\"><\/iframe><\/p>\n<p><iframe loading=\"lazy\" width=\"100%\" height=\"166\" scrolling=\"no\" frameborder=\"no\" allow=\"autoplay; encrypted-media\" src=\"https:\/\/w.soundcloud.com\/player\/?url=https%3A\/\/api.soundcloud.com\/tracks\/soundcloud%253Atracks%253A2340098855&amp;color=%23ff5500&amp;auto_play=false&amp;hide_related=false&amp;show_comments=true&amp;show_user=true&amp;show_reposts=false&amp;show_teaser=true\"><\/iframe>\n\t\t\t\t<\/div>\n<p><br \/>\n<br \/><a href=\"https:\/\/www.agenciasp.sp.gov.br\/governo-de-sp-celebra-um-ano-de-caminho-da-capacitacao-com-mais-de-15-mil-alunos-formados-em-cursos-profissionalizantes\/\" rel=\"noopener\">Informa\u00e7\u00f5es GOV.SP<\/a><\/p>\n","protected":false},"excerpt":{"rendered":"<p>O Governo de S\u00e3o Paulo celebrou, nesta segunda-feira (15), o primeiro ano do programa Caminho da Capacita\u00e7\u00e3o durante a formatura dos alunos do 21\u00ba ciclo da iniciativa, realizada em Pindamonhangaba. A cerim\u00f4nia reuniu participantes de 15 munic\u00edpios do Vale do Para\u00edba e marcou a conclus\u00e3o de mais uma etapa do programa do Fundo Social de [&hellip;]<\/p>\n","protected":false},"author":1,"featured_media":69143,"comment_status":"","ping_status":"open","sticky":false,"template":"","format":"standard","meta":{"_jetpack_newsletter_access":"","_jetpack_dont_email_post_to_subs":false,"_jetpack_newsletter_tier_id":0,"_jetpack_memberships_contains_paywalled_content":false,"_mbp_banners":[],"_jetpack_feature_clip_id":0,"_jetpack_memberships_contains_paid_content":false,"footnotes":"","jetpack_publicize_message":"","jetpack_publicize_feature_enabled":true,"jetpack_social_post_already_shared":true,"jetpack_social_options":{"image_generator_settings":{"template":"highway","default_image_id":0,"font":"","enabled":false},"version":2},"jetpack_post_was_ever_published":false},"categories":[21],"tags":[],"class_list":["post-69142","post","type-post","status-publish","format-standard","has-post-thumbnail","category-sp-news"],"jetpack_publicize_connections":[],"jetpack-related-posts":[],"jetpack_shortlink":"https:\/\/wp.me\/p7Eq1F-hZc","jetpack_sharing_enabled":true,"jetpack_featured_media_url":"https:\/\/i0.wp.com\/guialimeira.com.br\/news\/wp-content\/uploads\/2026\/06\/Governo-de-SP-celebra-um-ano-de-Caminho-da-Capacitacao.jpg?fit=1000%2C665&ssl=1","_links":{"self":[{"href":"https:\/\/guialimeira.com.br\/news\/wp-json\/wp\/v2\/posts\/69142","targetHints":{"allow":["GET"]}}],"collection":[{"href":"https:\/\/guialimeira.com.br\/news\/wp-json\/wp\/v2\/posts"}],"about":[{"href":"https:\/\/guialimeira.com.br\/news\/wp-json\/wp\/v2\/types\/post"}],"author":[{"embeddable":true,"href":"https:\/\/guialimeira.com.br\/news\/wp-json\/wp\/v2\/users\/1"}],"replies":[{"embeddable":true,"href":"https:\/\/guialimeira.com.br\/news\/wp-json\/wp\/v2\/comments?post=69142"}],"version-history":[{"count":0,"href":"https:\/\/guialimeira.com.br\/news\/wp-json\/wp\/v2\/posts\/69142\/revisions"}],"wp:featuredmedia":[{"embeddable":true,"href":"https:\/\/guialimeira.com.br\/news\/wp-json\/wp\/v2\/media\/69143"}],"wp:attachment":[{"href":"https:\/\/guialimeira.com.br\/news\/wp-json\/wp\/v2\/media?parent=69142"}],"wp:term":[{"taxonomy":"category","embeddable":true,"href":"https:\/\/guialimeira.com.br\/news\/wp-json\/wp\/v2\/categories?post=69142"},{"taxonomy":"post_tag","embeddable":true,"href":"https:\/\/guialimeira.com.br\/news\/wp-json\/wp\/v2\/tags?post=69142"}],"curies":[{"name":"wp","href":"https:\/\/api.w.org\/{rel}","templated":true}]}}