{"id":69137,"date":"2026-06-15T21:19:42","date_gmt":"2026-06-16T00:19:42","guid":{"rendered":"https:\/\/guialimeira.com.br\/operacao-integrada-da-pm-reduz-em-15-chamados-por-perturbacao-do-sossego-na-capital\/"},"modified":"2026-06-15T21:19:42","modified_gmt":"2026-06-16T00:19:42","slug":"operacao-integrada-da-pm-reduz-em-15-chamados-por-perturbacao-do-sossego-na-capital","status":"publish","type":"post","link":"https:\/\/guialimeira.com.br\/news\/operacao-integrada-da-pm-reduz-em-15-chamados-por-perturbacao-do-sossego-na-capital\/","title":{"rendered":"Opera\u00e7\u00e3o integrada da PM reduz em 15% chamados por perturba\u00e7\u00e3o do sossego na capital"},"content":{"rendered":"<p> <br \/>\n<br \/><img data-recalc-dims=\"1\" decoding=\"async\" src=\"https:\/\/i0.wp.com\/www.agenciasp.sp.gov.br\/wp-content\/uploads\/2026\/06\/00061453.jpeg?w=696&#038;ssl=1\" \/><\/p>\n<div data-id=\"5a922b4\" data-element_type=\"widget\" data-e-type=\"widget\" data-widget_type=\"theme-post-content.default\">\n<div class=\"elementor-widget-container\">\n<p class=\"wp-block-paragraph\">A Pol\u00edcia Militar de S\u00e3o Paulo reduziu em 15% as chamadas ao telefone de emerg\u00eancia 190 relacionadas \u00e0 perturba\u00e7\u00e3o do sossego, entre a noite da sexta-feira (12) e domingo (14), nas zonas Norte, Leste e Sul da capital paulista. A a\u00e7\u00e3o tamb\u00e9m resultou na pris\u00e3o de quatro pessoas, apreens\u00e3o de 4,6 quilos de entorpecentes, abordagem de 351 pessoas e fiscaliza\u00e7\u00e3o de mais de 200 ve\u00edculos e motocicletas.<\/p>\n<p class=\"wp-block-paragraph\">\u201cOs resultados da Opera\u00e7\u00e3o Paz e Prote\u00e7\u00e3o comprovam a efic\u00e1cia do trabalho integrado das for\u00e7as de seguran\u00e7a na redu\u00e7\u00e3o da criminalidade e das ocorr\u00eancias de perturba\u00e7\u00e3o do sossego. Mais do que n\u00fameros, esses resultados representam mais seguran\u00e7a, tranquilidade e qualidade de vida para a popula\u00e7\u00e3o, que seguir\u00e1 contando com uma atua\u00e7\u00e3o firme e permanente das for\u00e7as policiais\u201d, afirmou o comandante do Comando de Policiamento da Capital (CPC), coronel Luiz Fernando Alves.<\/p>\n<p class=\"wp-block-paragraph\"><strong>LEIA TAMB\u00c9M: <\/strong><a href=\"https:\/\/www.agenciasp.sp.gov.br\/operacao-pm-sao-paulo-trafico-interestadual\/\" rel=\"noopener\">Opera\u00e7\u00e3o da PM combate tr\u00e1fico de drogas em \u00f4nibus interestaduais<\/a><\/p>\n<p class=\"wp-block-paragraph\">Durante os tr\u00eas dias de atua\u00e7\u00e3o, 44 estabelecimentos foram vistoriados. As opera\u00e7\u00f5es ocorreram nas \u00e1reas do 3\u00ba, 43\u00ba e 48\u00ba Batalh\u00f5es de Pol\u00edcia Militar Metropolitana (BPM\/M), respons\u00e1veis pelos bairros de Jabaquara, Ja\u00e7an\u00e3 e Itaquera, respectivamente.<\/p>\n<p class=\"wp-block-paragraph\">No tr\u00e2nsito, foram abordados 148 condutores, resultando na emiss\u00e3o de 117 multas. As equipes tamb\u00e9m vistoriaram 57 carros e 91 motocicletas, resultando na remo\u00e7\u00e3o de 17 ve\u00edculos. Desenvolvida em conjunto com a Guarda Civil Metropolitana, a opera\u00e7\u00e3o teve como foco a desarticula\u00e7\u00e3o de eventos irregulares, a preven\u00e7\u00e3o de crimes e a garantia do descanso noturno da popula\u00e7\u00e3o.<\/p>\n<p class=\"wp-block-paragraph\">Al\u00e9m de combater a perturba\u00e7\u00e3o do sossego, a iniciativa buscou coibir pr\u00e1ticas il\u00edcitas frequentemente associadas a esse tipo de evento, como tr\u00e1fico de drogas, porte ilegal de armas e outras atividades criminosas que impactam diretamente a seguran\u00e7a das comunidades.<\/p>\n<\/p><\/div>\n<\/p><\/div>\n<p><br \/>\n<br \/><a href=\"https:\/\/www.agenciasp.sp.gov.br\/operacao-integrada-da-pm-reduz-em-15-chamados-por-perturbacao-do-sossego-na-capital\/\" rel=\"noopener\">Informa\u00e7\u00f5es GOV.SP<\/a><\/p>\n","protected":false},"excerpt":{"rendered":"<p>A Pol\u00edcia Militar de S\u00e3o Paulo reduziu em 15% as chamadas ao telefone de emerg\u00eancia 190 relacionadas \u00e0 perturba\u00e7\u00e3o do sossego, entre a noite da sexta-feira (12) e domingo (14), nas zonas Norte, Leste e Sul da capital paulista. A a\u00e7\u00e3o tamb\u00e9m resultou na pris\u00e3o de quatro pessoas, apreens\u00e3o de 4,6 quilos de entorpecentes, abordagem [&hellip;]<\/p>\n","protected":false},"author":1,"featured_media":69138,"comment_status":"","ping_status":"open","sticky":false,"template":"","format":"standard","meta":{"_jetpack_newsletter_access":"","_jetpack_dont_email_post_to_subs":false,"_jetpack_newsletter_tier_id":0,"_jetpack_memberships_contains_paywalled_content":false,"_mbp_banners":[],"_jetpack_feature_clip_id":0,"_jetpack_memberships_contains_paid_content":false,"footnotes":"","jetpack_publicize_message":"","jetpack_publicize_feature_enabled":true,"jetpack_social_post_already_shared":true,"jetpack_social_options":{"image_generator_settings":{"template":"highway","default_image_id":0,"font":"","enabled":false},"version":2},"jetpack_post_was_ever_published":false},"categories":[21],"tags":[],"class_list":["post-69137","post","type-post","status-publish","format-standard","has-post-thumbnail","category-sp-news"],"jetpack_publicize_connections":[],"jetpack-related-posts":[],"jetpack_shortlink":"https:\/\/wp.me\/p7Eq1F-hZ7","jetpack_sharing_enabled":true,"jetpack_featured_media_url":"https:\/\/i0.wp.com\/guialimeira.com.br\/news\/wp-content\/uploads\/2026\/06\/Operacao-integrada-da-PM-reduz-em-15-chamados-por-perturbacao.jpeg?fit=1600%2C1066&ssl=1","_links":{"self":[{"href":"https:\/\/guialimeira.com.br\/news\/wp-json\/wp\/v2\/posts\/69137","targetHints":{"allow":["GET"]}}],"collection":[{"href":"https:\/\/guialimeira.com.br\/news\/wp-json\/wp\/v2\/posts"}],"about":[{"href":"https:\/\/guialimeira.com.br\/news\/wp-json\/wp\/v2\/types\/post"}],"author":[{"embeddable":true,"href":"https:\/\/guialimeira.com.br\/news\/wp-json\/wp\/v2\/users\/1"}],"replies":[{"embeddable":true,"href":"https:\/\/guialimeira.com.br\/news\/wp-json\/wp\/v2\/comments?post=69137"}],"version-history":[{"count":0,"href":"https:\/\/guialimeira.com.br\/news\/wp-json\/wp\/v2\/posts\/69137\/revisions"}],"wp:featuredmedia":[{"embeddable":true,"href":"https:\/\/guialimeira.com.br\/news\/wp-json\/wp\/v2\/media\/69138"}],"wp:attachment":[{"href":"https:\/\/guialimeira.com.br\/news\/wp-json\/wp\/v2\/media?parent=69137"}],"wp:term":[{"taxonomy":"category","embeddable":true,"href":"https:\/\/guialimeira.com.br\/news\/wp-json\/wp\/v2\/categories?post=69137"},{"taxonomy":"post_tag","embeddable":true,"href":"https:\/\/guialimeira.com.br\/news\/wp-json\/wp\/v2\/tags?post=69137"}],"curies":[{"name":"wp","href":"https:\/\/api.w.org\/{rel}","templated":true}]}}