{"id":69135,"date":"2026-06-15T20:48:27","date_gmt":"2026-06-15T23:48:27","guid":{"rendered":"https:\/\/guialimeira.com.br\/prefeitura-de-limeira-pede-demolicao-da-ponte-do-esqueleto-e-investigacao-da-policia-federal\/"},"modified":"2026-06-15T20:48:27","modified_gmt":"2026-06-15T23:48:27","slug":"prefeitura-de-limeira-pede-demolicao-da-ponte-do-esqueleto-e-investigacao-da-policia-federal","status":"publish","type":"post","link":"https:\/\/guialimeira.com.br\/news\/prefeitura-de-limeira-pede-demolicao-da-ponte-do-esqueleto-e-investigacao-da-policia-federal\/","title":{"rendered":"Prefeitura de Limeira pede demoli\u00e7\u00e3o da Ponte do Esqueleto e investiga\u00e7\u00e3o da Pol\u00edcia Federal"},"content":{"rendered":"<p> <br \/>\n<\/p>\n<div>\n                <main class=\"\">&#13;<br \/>\n                    &#13;<br \/>\n&#13;<br \/>\n&#13;<br \/>\n&#13;<br \/>\n&#13;<br \/>\n&#13;<br \/>\n    <img data-recalc-dims=\"1\" decoding=\"async\" src=\"https:\/\/i0.wp.com\/ecrie.com.br\/sistema\/conteudos\/imagem\/m_137_0_1_15062026204556.jpeg?w=696&#038;ssl=1\" alt=\"Prefeitura de Limeira pede demoli\u00e7\u00e3o da Ponte do Esqueleto e investiga\u00e7\u00e3o da Pol\u00edcia Federal\"\/>&#13;<br \/>\n&#13;<br \/>\n&#13;<\/p>\n<p style=\"text-align: justify;\">O prefeito Murilo F\u00e9lix se reuniu nesta segunda-feira (15) com representantes do Governo Federal, da C\u00e2mara Municipal de Limeira Everton Ferreira, e com o deputado federal Miguel Lombardi para discutir medidas voltadas \u00e0 restri\u00e7\u00e3o de acesso \u00e0 Ponte do Esqueleto, localizada exatamente na divisa entre Limeira e Cordeir\u00f3polis.<\/p>\n<p>&#13;<\/p>\n<p style=\"text-align: justify;\">Durante o encontro, o prefeito ressaltou que a atividade no local sempre foi proibida e solicitou que a Uni\u00e3o fa\u00e7a a demoli\u00e7\u00e3o da estrutura como medida definitiva para eliminar os riscos existentes no local, al\u00e9m de investiga\u00e7\u00e3o pela Pol\u00edcia Federal de futuras atividades divulgadas pelas redes sociais.<\/p>\n<p>&#13;<\/p>\n<p style=\"text-align: justify;\">\u201cEstamos tratando de uma \u00e1rea que apresenta riscos conhecidos h\u00e1 muitos anos e que continua atraindo pessoas mesmo interditada. A implos\u00e3o da estrutura ser\u00e1 uma solu\u00e7\u00e3o definitiva para evitar novos incidentes e garantir a seguran\u00e7a da popula\u00e7\u00e3o\u201d, afirmou Murilo F\u00e9lix.<\/p>\n<p>&#13;<\/p>\n<p style=\"text-align: justify;\">Durante o encontro, a Prefeitura apresentou as medidas j\u00e1 antes adotadas desde 2024 para impedir o acesso \u00e0 ponte, entre elas a instala\u00e7\u00e3o de placas de advert\u00eancia, o bloqueio de acessos e a abertura de valetas, que ainda assim foram ultrapassadas irregularmente por pessoas para praticar atividade criminosa.<\/p>\n<p>&#13;<\/p>\n<p style=\"text-align: justify;\">O munic\u00edpio ressaltou, por\u00e9m, que a estrutura pertence \u00e0 Uni\u00e3o e que parte das entradas ocorre por propriedades particulares.<\/p>\n<p>&#13;<\/p>\n<p style=\"text-align: justify;\">A pedido do Prefeito, a SPU informou que vai refor\u00e7ar a sinaliza\u00e7\u00e3o da \u00e1rea, deixando expl\u00edcito que o acesso ao local \u00e9 proibido e pass\u00edvel de responsabiliza\u00e7\u00e3o. O \u00f3rg\u00e3o federal tamb\u00e9m avaliar\u00e1 a implanta\u00e7\u00e3o de novas barreiras f\u00edsicas para dificultar a entrada de pessoas na ponte.<\/p>\n<p>&#13;<\/p>\n<p style=\"text-align: justify;\">De acordo com o Secret\u00e1rio Interino de Assuntos Jur\u00eddicos da Prefeitura de Limeira, Jonathan D. Fernandes, o compromisso assumido por todos foi de agir contra o exerc\u00edcio ilegal de atividade, e que o acesso ao local configura crime pois n\u00e3o se trata de \u00e1rea de acesso p\u00fablico permitido.<\/p>\n<p>&#13;<br \/>\n&#13;<br \/>\n&#13;<br \/>\n&#13;<\/p>\n<article class=\"conteudo-relacionado no-print\">&#13;<br \/>\n        &#13;<br \/>\n&#13;<br \/>\n        &#13;<br \/>\n    <\/article>\n<p>&#13;<br \/>\n&#13;<br \/>\n                <\/main><\/p><\/div>\n<p><br \/>\n<br \/><a href=\"https:\/\/limeira.sp.gov.br\/prefeitura-de-limeira-pede-demolicao-da-ponte-do-esqueleto-e-investigacao-da-policia-federal\" rel=\"noopener\">Informa\u00e7\u00f5es da PML <\/a><\/p>\n","protected":false},"excerpt":{"rendered":"<p>&#13; &#13; &#13; &#13; &#13; &#13; &#13; &#13; &#13; &#13; O prefeito Murilo F\u00e9lix se reuniu nesta segunda-feira (15) com representantes do Governo Federal, da C\u00e2mara Municipal de Limeira Everton Ferreira, e com o deputado federal Miguel Lombardi para discutir medidas voltadas \u00e0 restri\u00e7\u00e3o de acesso \u00e0 Ponte do Esqueleto, localizada exatamente na divisa entre [&hellip;]<\/p>\n","protected":false},"author":1,"featured_media":69136,"comment_status":"","ping_status":"open","sticky":false,"template":"","format":"standard","meta":{"_jetpack_newsletter_access":"","_jetpack_dont_email_post_to_subs":false,"_jetpack_newsletter_tier_id":0,"_jetpack_memberships_contains_paywalled_content":false,"_mbp_banners":[],"_jetpack_feature_clip_id":0,"_jetpack_memberships_contains_paid_content":false,"footnotes":"","jetpack_publicize_message":"","jetpack_publicize_feature_enabled":true,"jetpack_social_post_already_shared":true,"jetpack_social_options":{"image_generator_settings":{"template":"highway","default_image_id":0,"font":"","enabled":false},"version":2},"jetpack_post_was_ever_published":false},"categories":[16],"tags":[],"class_list":["post-69135","post","type-post","status-publish","format-standard","has-post-thumbnail","category-local"],"jetpack_publicize_connections":[],"jetpack-related-posts":[],"jetpack_shortlink":"https:\/\/wp.me\/p7Eq1F-hZ5","jetpack_sharing_enabled":true,"jetpack_featured_media_url":"https:\/\/i0.wp.com\/guialimeira.com.br\/news\/wp-content\/uploads\/2026\/06\/m_137_0_1_15062026204556.jpeg?fit=1024%2C576&ssl=1","_links":{"self":[{"href":"https:\/\/guialimeira.com.br\/news\/wp-json\/wp\/v2\/posts\/69135","targetHints":{"allow":["GET"]}}],"collection":[{"href":"https:\/\/guialimeira.com.br\/news\/wp-json\/wp\/v2\/posts"}],"about":[{"href":"https:\/\/guialimeira.com.br\/news\/wp-json\/wp\/v2\/types\/post"}],"author":[{"embeddable":true,"href":"https:\/\/guialimeira.com.br\/news\/wp-json\/wp\/v2\/users\/1"}],"replies":[{"embeddable":true,"href":"https:\/\/guialimeira.com.br\/news\/wp-json\/wp\/v2\/comments?post=69135"}],"version-history":[{"count":0,"href":"https:\/\/guialimeira.com.br\/news\/wp-json\/wp\/v2\/posts\/69135\/revisions"}],"wp:featuredmedia":[{"embeddable":true,"href":"https:\/\/guialimeira.com.br\/news\/wp-json\/wp\/v2\/media\/69136"}],"wp:attachment":[{"href":"https:\/\/guialimeira.com.br\/news\/wp-json\/wp\/v2\/media?parent=69135"}],"wp:term":[{"taxonomy":"category","embeddable":true,"href":"https:\/\/guialimeira.com.br\/news\/wp-json\/wp\/v2\/categories?post=69135"},{"taxonomy":"post_tag","embeddable":true,"href":"https:\/\/guialimeira.com.br\/news\/wp-json\/wp\/v2\/tags?post=69135"}],"curies":[{"name":"wp","href":"https:\/\/api.w.org\/{rel}","templated":true}]}}