{"id":69130,"date":"2026-06-15T20:16:18","date_gmt":"2026-06-15T23:16:18","guid":{"rendered":"https:\/\/guialimeira.com.br\/governo-de-sp-aprova-sinalizacao-da-extensao-da-linha-4-amarela-entre-vila-sonia-e-taboao-da-serra\/"},"modified":"2026-06-15T20:16:18","modified_gmt":"2026-06-15T23:16:18","slug":"governo-de-sp-aprova-sinalizacao-da-extensao-da-linha-4-amarela-entre-vila-sonia-e-taboao-da-serra","status":"publish","type":"post","link":"https:\/\/guialimeira.com.br\/news\/governo-de-sp-aprova-sinalizacao-da-extensao-da-linha-4-amarela-entre-vila-sonia-e-taboao-da-serra\/","title":{"rendered":"Governo de SP aprova sinaliza\u00e7\u00e3o da extens\u00e3o da Linha 4-Amarela entre Vila S\u00f4nia e Tabo\u00e3o da Serra"},"content":{"rendered":"<p> <br \/>\n<br \/><img data-recalc-dims=\"1\" decoding=\"async\" src=\"https:\/\/i0.wp.com\/www.agenciasp.sp.gov.br\/wp-content\/uploads\/2024\/12\/51800069940_2fac9c94fb_k.jpg?w=696&#038;ssl=1\" \/><\/p>\n<div>\n<p class=\"wp-block-paragraph\">O Governo de S\u00e3o Paulo vai viabilizar a moderniza\u00e7\u00e3o e amplia\u00e7\u00e3o dos sistemas de sinaliza\u00e7\u00e3o e comunica\u00e7\u00e3o da Linha 4-Amarela, etapa necess\u00e1ria para a futura opera\u00e7\u00e3o do prolongamento entre Vila S\u00f4nia e Tabo\u00e3o da Serra. A moderniza\u00e7\u00e3o da sinaliza\u00e7\u00e3o \u00e9 uma etapa essencial para garantir a seguran\u00e7a e a efici\u00eancia da opera\u00e7\u00e3o metrovi\u00e1ria.<\/p>\n<p class=\"wp-block-paragraph\">A aprova\u00e7\u00e3o, por meio do Termo Aditivo Contrato de Concess\u00e3o Patrocinada, foi publicada nesta segunda-feira (15) no Di\u00e1rio Oficial do Estado, ap\u00f3s reuni\u00e3o do Programa de Parcerias em Investimentos do Estado de S\u00e3o Paulo (PPI-SP), realizada na \u00faltima quarta-feira (10).<\/p>\n<p class=\"wp-block-paragraph\"><strong>LEIA TAMB\u00c9M: <\/strong><a href=\"https:\/\/www.agenciasp.sp.gov.br\/cptm-realiza-segundo-leilao-de-inserviveis-do-ano-com-previsao-de-arrecadacao-de-r-3-milhoes\/\" rel=\"noopener\">CPTM realiza segundo leil\u00e3o de inserv\u00edveis do ano com previs\u00e3o de arrecada\u00e7\u00e3o de R$ 3 milh\u00f5es<\/a><\/p>\n<p class=\"wp-block-paragraph\">Em uma linha de metr\u00f4, o sistema de sinaliza\u00e7\u00e3o funciona como o \u201cc\u00e9rebro\u201d da opera\u00e7\u00e3o, que controla a circula\u00e7\u00e3o dos trens, monitora velocidades, permite reduzir intervalos entre viagens e amplia a precis\u00e3o do servi\u00e7o, tornando poss\u00edvel que mais composi\u00e7\u00f5es operem simultaneamente com seguran\u00e7a.<\/p>\n<p class=\"wp-block-paragraph\">A Linha 4-Amarela j\u00e1 utiliza a tecnologia CBTC (Controle de Trens Baseado em Comunica\u00e7\u00e3o), que \u00e9 um sistema de sinaliza\u00e7\u00e3o ferrovi\u00e1ria de alta tecnologia, e a extens\u00e3o exigir\u00e1 a amplia\u00e7\u00e3o desse sistema para cobrir o novo trecho, al\u00e9m da adequa\u00e7\u00e3o da comunica\u00e7\u00e3o operacional e dos procedimentos de certifica\u00e7\u00e3o.<\/p>\n<p class=\"wp-block-paragraph\"><strong>LEIA TAMB\u00c9M: <\/strong><a href=\"https:\/\/www.agenciasp.sp.gov.br\/copa-do-mundo-2026-placar-da-selecao-brasileira-sera-divulgado-a-passageiros-do-metro-de-sp\/\" rel=\"noopener\">Copa do Mundo 2026: placar da Sele\u00e7\u00e3o Brasileira ser\u00e1 divulgado a passageiros do Metr\u00f4 de SP<\/a><\/p>\n<p class=\"wp-block-paragraph\">De acordo com a delibera\u00e7\u00e3o, o aditivo envolve recomposi\u00e7\u00e3o econ\u00f4mico-financeira estimada em R$ 675.408.904,81 em valores atualizados para mar\u00e7o de 2026, a ser realizada por meio de aporte de recursos \u00e0 concession\u00e1ria. Os investimentos s\u00e3o necess\u00e1rios para viabilizar a opera\u00e7\u00e3o do novo segmento de 3,3 quil\u00f4metros entre Vila S\u00f4nia e Tabo\u00e3o da Serra, com duas novas esta\u00e7\u00f5es: Ch\u00e1cara do Jockey e Tabo\u00e3o da Serra. As obras civis da extens\u00e3o j\u00e1 foram incorporadas ao contrato e est\u00e3o em execu\u00e7\u00e3o.<\/p>\n<p class=\"wp-block-paragraph\">Com mais esse avan\u00e7o, o Governo de S\u00e3o Paulo cumpre mais uma etapa para expandir a rede metrovi\u00e1ria e preparar a Linha 4-Amarela para atender uma nova demanda de passageiros fora dos limites da capital. A amplia\u00e7\u00e3o at\u00e9 Tabo\u00e3o da Serra vai refor\u00e7ar a integra\u00e7\u00e3o metropolitana, melhorar a mobilidade na regi\u00e3o oeste e oferecer mais capacidade, seguran\u00e7a e confiabilidade ao sistema sobre trilhos.<\/p>\n<\/p><\/div>\n<p><br \/>\n<br \/><a href=\"https:\/\/www.agenciasp.sp.gov.br\/governo-de-sp-aprova-sinalizacao-da-extensao-da-linha-4-amarela-entre-vila-sonia-e-taboao-da-serra\/\" rel=\"noopener\">Informa\u00e7\u00f5es GOV.SP<\/a><\/p>\n","protected":false},"excerpt":{"rendered":"<p>O Governo de S\u00e3o Paulo vai viabilizar a moderniza\u00e7\u00e3o e amplia\u00e7\u00e3o dos sistemas de sinaliza\u00e7\u00e3o e comunica\u00e7\u00e3o da Linha 4-Amarela, etapa necess\u00e1ria para a futura opera\u00e7\u00e3o do prolongamento entre Vila S\u00f4nia e Tabo\u00e3o da Serra. A moderniza\u00e7\u00e3o da sinaliza\u00e7\u00e3o \u00e9 uma etapa essencial para garantir a seguran\u00e7a e a efici\u00eancia da opera\u00e7\u00e3o metrovi\u00e1ria. A aprova\u00e7\u00e3o, [&hellip;]<\/p>\n","protected":false},"author":1,"featured_media":69131,"comment_status":"","ping_status":"open","sticky":false,"template":"","format":"standard","meta":{"_jetpack_newsletter_access":"","_jetpack_dont_email_post_to_subs":false,"_jetpack_newsletter_tier_id":0,"_jetpack_memberships_contains_paywalled_content":false,"_mbp_banners":[],"_jetpack_feature_clip_id":0,"_jetpack_memberships_contains_paid_content":false,"footnotes":"","jetpack_publicize_message":"","jetpack_publicize_feature_enabled":true,"jetpack_social_post_already_shared":true,"jetpack_social_options":{"image_generator_settings":{"template":"highway","default_image_id":0,"font":"","enabled":false},"version":2},"jetpack_post_was_ever_published":false},"categories":[21],"tags":[],"class_list":["post-69130","post","type-post","status-publish","format-standard","has-post-thumbnail","category-sp-news"],"jetpack_publicize_connections":[],"jetpack-related-posts":[],"jetpack_shortlink":"https:\/\/wp.me\/p7Eq1F-hZ0","jetpack_sharing_enabled":true,"jetpack_featured_media_url":"https:\/\/i0.wp.com\/guialimeira.com.br\/news\/wp-content\/uploads\/2026\/06\/Governo-de-SP-aprova-sinalizacao-da-extensao-da-Linha-4-Amarela.jpg?fit=1920%2C1320&ssl=1","_links":{"self":[{"href":"https:\/\/guialimeira.com.br\/news\/wp-json\/wp\/v2\/posts\/69130","targetHints":{"allow":["GET"]}}],"collection":[{"href":"https:\/\/guialimeira.com.br\/news\/wp-json\/wp\/v2\/posts"}],"about":[{"href":"https:\/\/guialimeira.com.br\/news\/wp-json\/wp\/v2\/types\/post"}],"author":[{"embeddable":true,"href":"https:\/\/guialimeira.com.br\/news\/wp-json\/wp\/v2\/users\/1"}],"replies":[{"embeddable":true,"href":"https:\/\/guialimeira.com.br\/news\/wp-json\/wp\/v2\/comments?post=69130"}],"version-history":[{"count":0,"href":"https:\/\/guialimeira.com.br\/news\/wp-json\/wp\/v2\/posts\/69130\/revisions"}],"wp:featuredmedia":[{"embeddable":true,"href":"https:\/\/guialimeira.com.br\/news\/wp-json\/wp\/v2\/media\/69131"}],"wp:attachment":[{"href":"https:\/\/guialimeira.com.br\/news\/wp-json\/wp\/v2\/media?parent=69130"}],"wp:term":[{"taxonomy":"category","embeddable":true,"href":"https:\/\/guialimeira.com.br\/news\/wp-json\/wp\/v2\/categories?post=69130"},{"taxonomy":"post_tag","embeddable":true,"href":"https:\/\/guialimeira.com.br\/news\/wp-json\/wp\/v2\/tags?post=69130"}],"curies":[{"name":"wp","href":"https:\/\/api.w.org\/{rel}","templated":true}]}}