{"id":6912,"date":"2024-05-29T15:02:55","date_gmt":"2024-05-29T18:02:55","guid":{"rendered":"https:\/\/guialimeira.com.br\/2024\/05\/29\/festa-junina-municipal-e-verso-e-voz-sao-destaques-da-programacao-cultural-do-mes\/"},"modified":"2024-05-29T15:02:55","modified_gmt":"2024-05-29T18:02:55","slug":"festa-junina-municipal-e-verso-e-voz-sao-destaques-da-programacao-cultural-do-mes","status":"publish","type":"post","link":"https:\/\/guialimeira.com.br\/news\/festa-junina-municipal-e-verso-e-voz-sao-destaques-da-programacao-cultural-do-mes\/","title":{"rendered":"Festa Junina Municipal e Verso e Voz s\u00e3o destaques da programa\u00e7\u00e3o cultural do m\u00eas"},"content":{"rendered":"<p> <br \/>\n<\/p>\n<div id=\"\">&#13;<br \/>\n                &#13;<br \/>\n&#13;<br \/>\n&#13;<br \/>\n&#13;<br \/>\n    <img data-recalc-dims=\"1\" decoding=\"async\" src=\"https:\/\/i0.wp.com\/ecrie.com.br\/sistema\/conteudos\/imagem\/m_137_0_1_30042024141915.jpeg?w=696&#038;ssl=1\" alt=\"Festa Junina Municipal e Verso e Voz s\u00e3o destaques da programa\u00e7\u00e3o cultural do m\u00eas\"\/>&#13;<br \/>\n&#13;<\/p>\n<p style=\"text-align: justify;\"><span style=\"font-weight: 400;\">A programa\u00e7\u00e3o de junho tem como destaque a Festa Junina Municipal, que acontece nos dias 14 e 15, no Parque Cidade, \u00e0s 18h; e tamb\u00e9m o projeto de literatura Verso e Voz, com declama\u00e7\u00e3o de poesias de alunos, no dia 6, \u00e0s 13h30, no Teatro Vit\u00f3ria. A realiza\u00e7\u00e3o \u00e9 da Prefeitura de Limeira, por meio da Secretaria de Cultura.<\/span><\/p>\n<p>&#13;<\/p>\n<p style=\"text-align: justify;\"><span style=\"font-weight: 400;\">A agenda cultural do m\u00eas tamb\u00e9m traz dan\u00e7a, teatro, oficinas, m\u00fasica e outros eventos. Confira abaixo:<\/span><\/p>\n<p>&#13;<\/p>\n<p>\u00a0<\/p>\n<p>&#13;<\/p>\n<p style=\"text-align: justify;\"><strong>Dan\u00e7a: 16\u00aa Edi\u00e7\u00e3o do Festival Ecodan\u00e7a<\/strong><\/p>\n<p>&#13;<\/p>\n<p style=\"text-align: justify;\"><span style=\"font-weight: 400;\">S\u00e1bado (1\u00ba), \u00e0s 12h &#8211; Teatro Vit\u00f3ria Emiliano Bernardo da Silva<\/span><\/p>\n<p>&#13;<\/p>\n<p style=\"text-align: justify;\"><span style=\"font-weight: 400;\">Em sua 16\u00aa edi\u00e7\u00e3o o festival traz uma mostra competitiva que integra dan\u00e7a e ecologia, visando promover a conscientiza\u00e7\u00e3o ambiental por meio da express\u00e3o art\u00edstica. Ao unir esses dois elementos, se busca sensibilizar o p\u00fablico para as quest\u00f5es e desafios ambientais, incentivando a reflex\u00e3o e a a\u00e7\u00e3o sustent\u00e1vel. A dan\u00e7a, como forma de comunica\u00e7\u00e3o universal, permite transmitir mensagens poderosas sobre a import\u00e2ncia da preserva\u00e7\u00e3o do meio ambiente, enquanto a competi\u00e7\u00e3o estimula a excel\u00eancia e o comprometimento dos participantes. Dessa forma, contribui para a constru\u00e7\u00e3o de um futuro mais consciente e respons\u00e1vel com o nosso planeta.<\/span><\/p>\n<p>&#13;<\/p>\n<p style=\"text-align: justify;\"><span style=\"font-weight: 400;\">Entrada: Gratuita.<\/span><\/p>\n<p>&#13;<\/p>\n<p style=\"text-align: justify;\"><span style=\"font-weight: 400;\">Classifica\u00e7\u00e3o: Livre.<\/span><\/p>\n<p>&#13;<\/p>\n<p style=\"text-align: justify;\"><span style=\"font-weight: 400;\">Realiza\u00e7\u00e3o: Lei Paulo Gustavo do Minist\u00e9rio da Cultura do Governo Federal e Prefeitura de Limeira, atrav\u00e9s da Secretaria de Cultura.<\/span><\/p>\n<p>&#13;<\/p>\n<p>\u00a0<\/p>\n<p>&#13;<\/p>\n<p style=\"text-align: justify;\"><strong>Evento: Festa Popular da Comunidade Santa Paulina<\/strong><\/p>\n<p>&#13;<\/p>\n<p style=\"text-align: justify;\"><span style=\"font-weight: 400;\">S\u00e1bado (1\u00ba), das 19h \u00e0s<\/span><a href=\"https:\/\/www.google.com\/maps\/search\/22h+-+Rua+Su%C3%A9cia?entry=gmail&amp;source=g\" rel=\"noopener\"> <span style=\"font-weight: 400;\">22h &#8211; Rua Su\u00e9cia<\/span><\/a><span style=\"font-weight: 400;\">, 157, Jardim Jos\u00e9 Cortez<\/span><\/p>\n<p>&#13;<\/p>\n<p style=\"text-align: justify;\"><span style=\"font-weight: 400;\">Festa popular da Comunidade Santa Paulina.<\/span><\/p>\n<p>&#13;<\/p>\n<p style=\"text-align: justify;\"><span style=\"font-weight: 400;\">Entrada: Gratuita.<\/span><\/p>\n<p>&#13;<\/p>\n<p style=\"text-align: justify;\"><span style=\"font-weight: 400;\">Classifica\u00e7\u00e3o: Livre.<\/span><\/p>\n<p>&#13;<\/p>\n<p style=\"text-align: justify;\"><span style=\"font-weight: 400;\">Realiza\u00e7\u00e3o: Comunidade Santa Paulina, com apoio da Prefeitura, por meio da Secretaria de Cultura.<\/span><\/p>\n<p>&#13;<\/p>\n<p>\u00a0<\/p>\n<p>&#13;<\/p>\n<p style=\"text-align: justify;\"><strong>Evento: Festa Popular da Capela S\u00e3o Jo\u00e3o Batista<\/strong><\/p>\n<p>&#13;<\/p>\n<p style=\"text-align: justify;\"><span style=\"font-weight: 400;\">Dias 1\u00ba, 2, 8, 9, 15, 16, 22, 23, 29 e 30, \u00e0s<\/span><a href=\"https:\/\/www.google.com\/maps\/search\/19h+-+Av.+Nove+de+Julho?entry=gmail&amp;source=g\" rel=\"noopener\"> <span style=\"font-weight: 400;\">19h &#8211; Av. Nove de Julho<\/span><\/a><span style=\"font-weight: 400;\"> x Avenida Farmac\u00eautico Jacob Fanelli<\/span><\/p>\n<p>&#13;<\/p>\n<p style=\"text-align: justify;\"><span style=\"font-weight: 400;\">Festa popular da Capela S\u00e3o Jo\u00e3o Batista.<\/span><\/p>\n<p>&#13;<\/p>\n<p style=\"text-align: justify;\"><span style=\"font-weight: 400;\">Entrada: Gratuita.<\/span><\/p>\n<p>&#13;<\/p>\n<p style=\"text-align: justify;\"><span style=\"font-weight: 400;\">Classifica\u00e7\u00e3o: Livre.<\/span><\/p>\n<p>&#13;<\/p>\n<p style=\"text-align: justify;\"><span style=\"font-weight: 400;\">Realiza\u00e7\u00e3o: Capela S\u00e3o Jo\u00e3o Batista, com apoio da Prefeitura, por meio da Secretaria de Cultura.<\/span><\/p>\n<p>&#13;<\/p>\n<p>\u00a0<\/p>\n<p>&#13;<\/p>\n<p style=\"text-align: justify;\"><strong>M\u00fasica: Retreta com Banda Henrique Marques<\/strong><\/p>\n<p>&#13;<\/p>\n<p style=\"text-align: justify;\"><span style=\"font-weight: 400;\">Domingo (2), \u00e0s 10h30 &#8211; Pra\u00e7a Toledo Barros<\/span><\/p>\n<p>&#13;<\/p>\n<p style=\"text-align: justify;\"><span style=\"font-weight: 400;\">A Banda Henrique Marques apresenta obras da m\u00fasica instrumental e popular brasileira, como parte do fomento cultural local.<\/span><\/p>\n<p>&#13;<\/p>\n<p style=\"text-align: justify;\"><span style=\"font-weight: 400;\">Entrada: Gratuita.\u00a0<\/span><\/p>\n<p>&#13;<\/p>\n<p style=\"text-align: justify;\"><span style=\"font-weight: 400;\">Classifica\u00e7\u00e3o: Livre.<\/span><\/p>\n<p>&#13;<\/p>\n<p style=\"text-align: justify;\"><span style=\"font-weight: 400;\">Realiza\u00e7\u00e3o: Prefeitura, por meio da Secretaria de Cultura, e banda<\/span><\/p>\n<p>&#13;<\/p>\n<p style=\"text-align: justify;\"><span style=\"font-weight: 400;\">Dura\u00e7\u00e3o: 60 min.<\/span><\/p>\n<p>&#13;<\/p>\n<p>\u00a0<\/p>\n<p>&#13;<\/p>\n<p style=\"text-align: justify;\"><strong>Teatro Infantil: Patrulha Canina com Tracker<\/strong><\/p>\n<p>&#13;<\/p>\n<p style=\"text-align: justify;\"><span style=\"font-weight: 400;\">Domingo (2), \u00e0s 16h &#8211; Teatro Vit\u00f3ria Emiliano Bernardo da Silva<\/span><\/p>\n<p>&#13;<\/p>\n<p style=\"text-align: justify;\"><span style=\"font-weight: 400;\">Os her\u00f3is caninos ajudam com bravura todos aqueles que precisam ir para o show de Talentos da Baia da Aventura. Desta vez, n\u00e3o ser\u00e3o sete, e sim, oito personagens no espet\u00e1culo, contando com a chegada do incr\u00edvel Tracker e suas habilidades.<\/span><\/p>\n<p>&#13;<\/p>\n<p style=\"text-align: justify;\"><span style=\"font-weight: 400;\">Entrada: R$ 60 (inteira) e R$ 30 (meia-entrada).<\/span><\/p>\n<p>&#13;<\/p>\n<p style=\"text-align: justify;\"><a href=\"https:\/\/www.ticketfacil.com.br\/eventos\/tv-patrulha-canina.aspx\" rel=\"noopener\"><span style=\"font-weight: 400;\">https:\/\/www.ticketfacil.com.br\/eventos\/tv-patrulha-canina.aspx<\/span><\/a><\/p>\n<p>&#13;<\/p>\n<p style=\"text-align: justify;\"><span style=\"font-weight: 400;\">Classifica\u00e7\u00e3o: Livre.<\/span><span style=\"font-weight: 400;\"><br \/><\/span><span style=\"font-weight: 400;\">Realiza\u00e7\u00e3o: Brincarte Produ\u00e7\u00f5es, com o apoio da Prefeitura, por meio da Secretaria de Cultura.<\/span><span style=\"font-weight: 400;\"><br \/><\/span><span style=\"font-weight: 400;\">Dura\u00e7\u00e3o: 50min.<\/span><\/p>\n<p>&#13;<\/p>\n<p>\u00a0<\/p>\n<p>&#13;<\/p>\n<p style=\"text-align: justify;\"><strong>Exposi\u00e7\u00e3o: Margens<\/strong><\/p>\n<p>&#13;<\/p>\n<p style=\"text-align: justify;\"><span style=\"font-weight: 400;\">At\u00e9 3 de junho, das 12h \u00e0s 17h &#8211; Museu Major Jos\u00e9 Levy Sobrinho<\/span><\/p>\n<p>&#13;<\/p>\n<p style=\"text-align: justify;\"><span style=\"font-weight: 400;\">Doze artistas apresentam suas obras, criadas a partir de seu repert\u00f3rio de interven\u00e7\u00f5es urbanas, refletindo sobre identidade, origens e a ocupa\u00e7\u00e3o da cidade. A partir dessa diversidade de estilos, t\u00e9cnicas e linguagens, a exibi\u00e7\u00e3o promove o di\u00e1logo sobre a contribui\u00e7\u00e3o desses artistas para uma cidade mais democr\u00e1tica e aberta \u00e0 criatividade de seus cidad\u00e3os A exposi\u00e7\u00e3o \u00e9 um projeto do artista e arte-educador Paulo Ricardo da Silva (Medo), com curadoria de Allan Louren\u00e7o. Participam da exposi\u00e7\u00e3o os artistas: CBL, Eiki, Giovana Angelo, Harry, Iguais, Isabella Bernini, Kpia, Luz, Marcinho Lira, Medo, Sarah Fernandes e Wesler Machado Alma.<\/span><\/p>\n<p>&#13;<\/p>\n<p style=\"text-align: justify;\"><span style=\"font-weight: 400;\">Entrada: Gratuita.<\/span><\/p>\n<p>&#13;<\/p>\n<p style=\"text-align: justify;\"><span style=\"font-weight: 400;\">Classifica\u00e7\u00e3o: Livre.<\/span><\/p>\n<p>&#13;<\/p>\n<p style=\"text-align: justify;\"><span style=\"font-weight: 400;\">Realiza\u00e7\u00e3o: Lei Paulo Gustavo pelo Minist\u00e9rio da Cultura, com apoio da Prefeitura, por meio da Secretaria de Cultura.<\/span><\/p>\n<p>&#13;<\/p>\n<p>\u00a0<\/p>\n<p>&#13;<\/p>\n<p style=\"text-align: justify;\"><strong>Pontos MIS &#8211; Exibi\u00e7\u00e3o do filme: Colegas<\/strong><\/p>\n<p>&#13;<\/p>\n<p style=\"text-align: justify;\"><span style=\"font-weight: 400;\">Quarta-feira (5), 9h e 14h &#8211; Museu Major Jos\u00e9 Levy Sobrinho<\/span><\/p>\n<p>&#13;<\/p>\n<p style=\"text-align: justify;\"><span style=\"font-weight: 400;\">Stallone, Aninha e M\u00e1rcio s\u00e3o bons amigos. Eles moram juntos em um instituto para portadores da s\u00edndrome de Down, e ap\u00f3s assistirem um filme na videoteca, saem em uma jornada com um carro roubado do jardineiro. O que pode dar errado para grandes sonhadores?<\/span><\/p>\n<p>&#13;<\/p>\n<p style=\"text-align: justify;\"><span style=\"font-weight: 400;\">Entrada: Gratuita, inscri\u00e7\u00e3o pelo telefone 3442-1707 ou email <\/span><span style=\"font-weight: 400;\"><a href=\"https:\/\/limeira.sp.gov.br\/cdn-cgi\/l\/email-protection\" class=\"__cf_email__\" data-cfemail=\"026365676c66636f676c766d2c6f77716777426e6b6f676b70632c71722c656d742c6070\" rel=\"noopener\">[email\u00a0protected]<\/a><\/span><span style=\"font-weight: 400;\">.<\/span><\/p>\n<p>&#13;<\/p>\n<p style=\"text-align: justify;\"><span style=\"font-weight: 400;\">Classifica\u00e7\u00e3o: Livre.<\/span><\/p>\n<p>&#13;<\/p>\n<p style=\"text-align: justify;\"><span style=\"font-weight: 400;\">Realiza\u00e7\u00e3o: Governo do Estado de S\u00e3o Paulo e Museu da Imagem e do Som (MIS), em parceria com a Prefeitura, por meio da Secretaria de Cultura.<\/span><\/p>\n<p>&#13;<\/p>\n<p>\u00a0<\/p>\n<p>&#13;<\/p>\n<p style=\"text-align: justify;\"><strong>M\u00fasica: A Trindade Vienense &#8211; II Concerto da S\u00e9rie Relic\u00e1rio<\/strong><\/p>\n<p>&#13;<\/p>\n<p style=\"text-align: justify;\"><span style=\"font-weight: 400;\">Quarta-feira (5), \u00e0s 20h30 &#8211; Par\u00f3quia Santa Rita<\/span><\/p>\n<p>&#13;<\/p>\n<p style=\"text-align: justify;\"><span style=\"font-weight: 400;\">O concerto tem como convidado o solista Mateus Avancini, acompanhado do seu fagote, para interpretar m\u00fasicas de Joseph Haydn, que foi amigo de Mozart e professor de Beethoven. Considerado como o \u201cPai da Sinfonia\u201d e o \u201cPai do Quarteto de Cordas\u201d, Haydn foi decisivo para o desenvolvimento dessas formas. Seu amigo, Wolfgang Amadeus Mozart era um prol\u00edfico e influente compositor austr\u00edaco do per\u00edodo cl\u00e1ssico, mostrando uma habilidade musical prodigiosa desde sua inf\u00e2ncia. J\u00e1 Ludwig Van Beethoven foi um compositor, regente e pianista alem\u00e3o; a Nona Sinfonia, conhecida tamb\u00e9m como Sinfonia Coral, foi a obra que o consagrou em todo o mundo. Os tr\u00eas, formaram assim, uma Trindade Cl\u00e1ssica Vienense.<\/span><\/p>\n<p>&#13;<\/p>\n<p style=\"text-align: justify;\"><span style=\"font-weight: 400;\">Entrada: Gratuita.<\/span><\/p>\n<p>&#13;<\/p>\n<p style=\"text-align: justify;\"><span style=\"font-weight: 400;\">Classifica\u00e7\u00e3o: Livre.<\/span><\/p>\n<p>&#13;<\/p>\n<p style=\"text-align: justify;\"><span style=\"font-weight: 400;\">Realiza\u00e7\u00e3o: Sociedade Pr\u00f3-Sinf\u00f4nica de Limeira e Prefeitura, por meio da Secretaria de Cultura.<\/span><\/p>\n<p>&#13;<\/p>\n<p style=\"text-align: justify;\"><span style=\"font-weight: 400;\">Dura\u00e7\u00e3o: 90 min.<\/span><\/p>\n<p>&#13;<\/p>\n<p style=\"text-align: justify;\">\u00a0<\/p>\n<p>&#13;<\/p>\n<p style=\"text-align: justify;\"><strong>Literatura: Verso e Voz<\/strong><\/p>\n<p>&#13;<\/p>\n<p style=\"text-align: justify;\"><span style=\"font-weight: 400;\">Quinta-feira (6), \u00e0s 13h30 &#8211; Teatro Vit\u00f3ria Emiliano Bernardo da Silva<\/span><\/p>\n<p>&#13;<\/p>\n<p style=\"text-align: justify;\"><span style=\"font-weight: 400;\">Concurso de declama\u00e7\u00e3o de poesias para os alunos das escolas de Limeira.<\/span><\/p>\n<p>&#13;<\/p>\n<p style=\"text-align: justify;\"><span style=\"font-weight: 400;\">Entrada: Gratuita.<\/span><\/p>\n<p>&#13;<\/p>\n<p style=\"text-align: justify;\"><span style=\"font-weight: 400;\">Classifica\u00e7\u00e3o: Livre.<\/span><\/p>\n<p>&#13;<\/p>\n<p style=\"text-align: justify;\"><span style=\"font-weight: 400;\">Realiza\u00e7\u00e3o: Prefeitura de Limeira, por meio da Secretaria de Cultura, Diretoria Regional de Ensino e Centro do Professorado Paulista (CPP).<\/span><\/p>\n<p>&#13;<\/p>\n<p>\u00a0<\/p>\n<p>&#13;<\/p>\n<p style=\"text-align: justify;\"><strong>M\u00fasica:\u00a0 A\u00e7\u00e3o Cultural da Banda Henrique Marques<\/strong><\/p>\n<p>&#13;<\/p>\n<p style=\"text-align: justify;\"><span style=\"font-weight: 400;\">Quinta-feira (6), \u00e0s 20h30 &#8211; Igreja S\u00e3o Crist\u00f3v\u00e3o<\/span><\/p>\n<p>&#13;<\/p>\n<p style=\"text-align: justify;\"><span style=\"font-weight: 400;\">A Banda Henrique Marques se apresenta na Igreja S\u00e3o Crist\u00f3v\u00e3o.<\/span><\/p>\n<p>&#13;<\/p>\n<p style=\"text-align: justify;\"><span style=\"font-weight: 400;\">Entrada: Gratuita.<\/span><\/p>\n<p>&#13;<\/p>\n<p style=\"text-align: justify;\"><span style=\"font-weight: 400;\">Classifica\u00e7\u00e3o: Livre.<\/span><\/p>\n<p>&#13;<\/p>\n<p style=\"text-align: justify;\"><span style=\"font-weight: 400;\">Realiza\u00e7\u00e3o: Prefeitura, por meio da Secretaria de Cultura, e banda.<\/span><\/p>\n<p>&#13;<\/p>\n<p style=\"text-align: justify;\"><span style=\"font-weight: 400;\">Dura\u00e7\u00e3o:\u00a0 60 min.<\/span><\/p>\n<p>&#13;<\/p>\n<p>\u00a0<\/p>\n<p>&#13;<\/p>\n<p style=\"text-align: justify;\"><strong>Evento: Feira Noturna no Parque Cidade<\/strong><\/p>\n<p>&#13;<\/p>\n<p style=\"text-align: justify;\"><span style=\"font-weight: 400;\">Ter\u00e7a-feira (4), das 17h \u00e0s 22h &#8211; Parque Cidade<\/span><\/p>\n<p>&#13;<\/p>\n<p style=\"text-align: justify;\"><span style=\"font-weight: 400;\">Feira noturna.<\/span><\/p>\n<p>&#13;<\/p>\n<p style=\"text-align: justify;\"><span style=\"font-weight: 400;\">Entrada: Gratuita.<\/span><\/p>\n<p>&#13;<\/p>\n<p style=\"text-align: justify;\"><span style=\"font-weight: 400;\">Classifica\u00e7\u00e3o: Livre.<\/span><\/p>\n<p>&#13;<\/p>\n<p style=\"text-align: justify;\"><span style=\"font-weight: 400;\">Realiza\u00e7\u00e3o: Prefeitura, por meio da Secretaria de Cultura e da Secretaria do Meio Ambiente e Agricultura, com apoio da Associa\u00e7\u00e3o dos Feirantes de Limeira (Asfel).<\/span><\/p>\n<p>&#13;<\/p>\n<p>\u00a0<\/p>\n<p>&#13;<\/p>\n<p style=\"text-align: justify;\"><strong>Evento: Feira Noturna no Limeir\u00e3o<\/strong><\/p>\n<p>&#13;<\/p>\n<p style=\"text-align: justify;\"><span style=\"font-weight: 400;\">Quinta-feira (6), das 17h \u00e0s 22h &#8211; Limeir\u00e3o<\/span><\/p>\n<p>&#13;<\/p>\n<p style=\"text-align: justify;\"><span style=\"font-weight: 400;\">Feira noturna.<\/span><\/p>\n<p>&#13;<\/p>\n<p style=\"text-align: justify;\"><span style=\"font-weight: 400;\">Entrada: Gratuita.<\/span><\/p>\n<p>&#13;<\/p>\n<p style=\"text-align: justify;\"><span style=\"font-weight: 400;\">Classifica\u00e7\u00e3o: Livre.<\/span><\/p>\n<p>&#13;<\/p>\n<p style=\"text-align: justify;\"><span style=\"font-weight: 400;\">Realiza\u00e7\u00e3o: Prefeitura, por meio da Secretaria de Cultura e da Secretaria do Meio Ambiente e Agricultura, com apoio da Associa\u00e7\u00e3o dos Feirantes de Limeira (Asfel).<\/span><\/p>\n<p>&#13;<\/p>\n<p>\u00a0<\/p>\n<p>&#13;<\/p>\n<p style=\"text-align: justify;\"><strong>Evento: Festa Junina Par\u00f3quia Santa Eul\u00e1lia<\/strong><\/p>\n<p>&#13;<\/p>\n<p style=\"text-align: justify;\"><span style=\"font-weight: 400;\">Dias 7, 8 e 9, \u00e0s<\/span><a href=\"https:\/\/www.google.com\/maps\/search\/18h+-+Rua+Gilson+Queiroz+Penteado?entry=gmail&amp;source=g\" rel=\"noopener\"> <span style=\"font-weight: 400;\">18h &#8211; Rua Gilson Queiroz Penteado<\/span><\/a><span style=\"font-weight: 400;\">, 116, Santa Eul\u00e1lia<\/span><\/p>\n<p>&#13;<\/p>\n<p style=\"text-align: justify;\"><span style=\"font-weight: 400;\">Festa junina da Par\u00f3quia Santa Eul\u00e1lia.<\/span><\/p>\n<p>&#13;<\/p>\n<p style=\"text-align: justify;\"><span style=\"font-weight: 400;\">Entrada: Gratuita.<\/span><\/p>\n<p>&#13;<\/p>\n<p style=\"text-align: justify;\"><span style=\"font-weight: 400;\">Classifica\u00e7\u00e3o: Livre.<\/span><\/p>\n<p>&#13;<\/p>\n<p style=\"text-align: justify;\"><span style=\"font-weight: 400;\">Realiza\u00e7\u00e3o: Par\u00f3quia Santa Eul\u00e1lia, com apoio da Prefeitura, por meio da Secretaria de Cultura.<\/span><\/p>\n<p>&#13;<\/p>\n<p>\u00a0<\/p>\n<p>&#13;<\/p>\n<p style=\"text-align: justify;\"><strong>Evento: Festa Popular da Catedral<\/strong><\/p>\n<p>&#13;<\/p>\n<p style=\"text-align: justify;\"><span style=\"font-weight: 400;\">Dias 7, 8, 9, 14, 15 e 16, \u00e0s 18h &#8211; Pra\u00e7a Luciano Esteves, S\/N<\/span><\/p>\n<p>&#13;<\/p>\n<p style=\"text-align: justify;\"><span style=\"font-weight: 400;\">Festa popular da Catedral.<\/span><\/p>\n<p>&#13;<\/p>\n<p style=\"text-align: justify;\"><span style=\"font-weight: 400;\">Entrada: Gratuita.<\/span><\/p>\n<p>&#13;<\/p>\n<p style=\"text-align: justify;\"><span style=\"font-weight: 400;\">Classifica\u00e7\u00e3o: Livre.<\/span><\/p>\n<p>&#13;<\/p>\n<p style=\"text-align: justify;\"><span style=\"font-weight: 400;\">Realiza\u00e7\u00e3o: Catedral, com apoio da Prefeitura, por meio da Secretaria de Cultura.<\/span><\/p>\n<p>&#13;<\/p>\n<p>\u00a0<\/p>\n<p>&#13;<\/p>\n<p style=\"text-align: justify;\"><strong>Evento: 10\u00ba Festa da Mandioca<\/strong><\/p>\n<p>&#13;<\/p>\n<p style=\"text-align: justify;\"><span style=\"font-weight: 400;\">Sexta-feira (7), das 19h \u00e0s 22h\u00a0 &#8211; Parque Cidade<\/span><\/p>\n<p>&#13;<\/p>\n<p style=\"text-align: justify;\"><span style=\"font-weight: 400;\">S\u00e1bado (8), 15h \u00e0s 22h &#8211; Parque Cidade<\/span><\/p>\n<p>&#13;<\/p>\n<p style=\"text-align: justify;\"><span style=\"font-weight: 400;\">Domingo (9), das 10h \u00e0s 21h &#8211; Parque Cidade<\/span><\/p>\n<p>&#13;<\/p>\n<p style=\"text-align: justify;\"><span style=\"font-weight: 400;\">O evento traz receitas com mandioca e diversas atra\u00e7\u00f5es musicais. No domingo ser\u00e1 servido \u00e0 parte, das 12h \u00e0s 15h, um almo\u00e7o de Costela no Bafo, vendido antecipadamente (19 99630-7981).<\/span><\/p>\n<p>&#13;<\/p>\n<p style=\"text-align: justify;\"><span style=\"font-weight: 400;\">Entrada: Gratuita.<\/span><\/p>\n<p>&#13;<\/p>\n<p style=\"text-align: justify;\"><span style=\"font-weight: 400;\">Classifica\u00e7\u00e3o: Livre.<\/span><\/p>\n<p>&#13;<\/p>\n<p style=\"text-align: justify;\"><span style=\"font-weight: 400;\">Realiza\u00e7\u00e3o: Casa de Apoio Romeiros de Aparecida (Cara), com apoio da Prefeitura, por meio da Secretaria de Cultura.<\/span><\/p>\n<p>&#13;<\/p>\n<p>\u00a0<\/p>\n<p>&#13;<\/p>\n<p style=\"text-align: justify;\"><strong>Evento: Festa Popular da Comunidade S\u00e3o Jos\u00e9 de Anchieta<\/strong><\/p>\n<p>&#13;<\/p>\n<p style=\"text-align: justify;\"><span style=\"font-weight: 400;\">Dias 7, 8 e 9, das 19h \u00e0s 22h &#8211; Comunidade S\u00e3o Jos\u00e9 de Anchieta, Jardim S\u00e3o Jo\u00e3o<\/span><\/p>\n<p>&#13;<\/p>\n<p style=\"text-align: justify;\"><span style=\"font-weight: 400;\">Festa popular da Comunidade S\u00e3o Jos\u00e9 de Anchieta.<\/span><\/p>\n<p>&#13;<\/p>\n<p style=\"text-align: justify;\"><span style=\"font-weight: 400;\">Entrada: Gratuita.<\/span><\/p>\n<p>&#13;<\/p>\n<p style=\"text-align: justify;\"><span style=\"font-weight: 400;\">Classifica\u00e7\u00e3o: Livre.<\/span><\/p>\n<p>&#13;<\/p>\n<p style=\"text-align: justify;\"><span style=\"font-weight: 400;\">Realiza\u00e7\u00e3o: Comunidade S\u00e3o Jos\u00e9 de Anchieta, com apoio da Prefeitura, por meio da Secretaria de Cultura.<\/span><\/p>\n<p>&#13;<\/p>\n<p>\u00a0<\/p>\n<p>&#13;<\/p>\n<p style=\"text-align: justify;\"><strong>Conhecimento: Encontro Numism\u00e1tico<\/strong><\/p>\n<p>&#13;<\/p>\n<p style=\"text-align: justify;\"><span style=\"font-weight: 400;\">S\u00e1bado (8), \u00e0s 10h &#8211; Anfiteatro Dr. Olindo de Luca da Biblioteca Municipal\u00a0<\/span><\/p>\n<p>&#13;<\/p>\n<p style=\"text-align: justify;\"><span style=\"font-weight: 400;\">O encontro faz estudos a fim de preservar a hist\u00f3ria, arte e cultura atrav\u00e9s dos sistemas monet\u00e1rios que tiveram in\u00edcio cerca de 2700 anos atr\u00e1s.<\/span><\/p>\n<p>&#13;<\/p>\n<p style=\"text-align: justify;\"><span style=\"font-weight: 400;\">Classifica\u00e7\u00e3o: Livre.<\/span><\/p>\n<p>&#13;<\/p>\n<p style=\"text-align: justify;\"><span style=\"font-weight: 400;\">Realiza\u00e7\u00e3o: Grupo Numism\u00e1tica Limeira, com apoio da Prefeitura, por meio da Secretaria de Cultura.<\/span><\/p>\n<p>&#13;<\/p>\n<p>\u00a0<\/p>\n<p>&#13;<\/p>\n<p style=\"text-align: justify;\"><strong>Evento: Festa Popular da Comunidade Santo Agostinho<\/strong><\/p>\n<p>&#13;<\/p>\n<p style=\"text-align: justify;\"><span style=\"font-weight: 400;\">S\u00e1bado (8), das 19h \u00e0s<\/span><a href=\"https:\/\/www.google.com\/maps\/search\/22h+-+Rua+P%C3%A9rcio+Machado+Gomes?entry=gmail&amp;source=g\" rel=\"noopener\"> <span style=\"font-weight: 400;\">22h &#8211; Rua P\u00e9rcio Machado Gomes<\/span><\/a><span style=\"font-weight: 400;\">, 248, Jardim Anhanguera<\/span><\/p>\n<p>&#13;<\/p>\n<p style=\"text-align: justify;\"><span style=\"font-weight: 400;\">Festa popular da Comunidade Santo Agostinho.<\/span><\/p>\n<p>&#13;<\/p>\n<p style=\"text-align: justify;\"><span style=\"font-weight: 400;\">Entrada: Gratuita.<\/span><\/p>\n<p>&#13;<\/p>\n<p style=\"text-align: justify;\"><span style=\"font-weight: 400;\">Classifica\u00e7\u00e3o: Livre.<\/span><\/p>\n<p>&#13;<\/p>\n<p style=\"text-align: justify;\"><span style=\"font-weight: 400;\">Realiza\u00e7\u00e3o: Comunidade Santo Agostinho, com apoio da Prefeitura, por meio da Secretaria de Cultura.<\/span><\/p>\n<p>&#13;<\/p>\n<p>\u00a0<\/p>\n<p>&#13;<\/p>\n<p style=\"text-align: justify;\"><strong>M\u00fasica: Giambelli Rock Concert<\/strong><\/p>\n<p>&#13;<\/p>\n<p style=\"text-align: justify;\"><span style=\"font-weight: 400;\">S\u00e1bado (8), \u00e0s 20h &#8211; Teatro Vit\u00f3ria Emiliano Bernardo da Silva<\/span><\/p>\n<p>&#13;<\/p>\n<p style=\"text-align: justify;\"><span style=\"font-weight: 400;\">O evento celebra os 92 anos da Corpora\u00e7\u00e3o Musical Arthur Giambelli. O concerto promete um repert\u00f3rio diversificado e empolgante, com interpreta\u00e7\u00f5es de cl\u00e1ssicos do rock que marcaram gera\u00e7\u00f5es. S\u00e3o tocados sucessos de bandas lend\u00e1rias como Guns N&#8217; Roses, Beatles, Queen, Metallica, The Police, Scorpions e outros. A reg\u00eancia \u00e9 do maestro Leandro Rodrigo Pereira.<\/span><\/p>\n<p>&#13;<\/p>\n<p style=\"text-align: justify;\"><span style=\"font-weight: 400;\">Entrada: Gratuita.<\/span><\/p>\n<p>&#13;<\/p>\n<p style=\"text-align: justify;\"><span style=\"font-weight: 400;\">Classifica\u00e7\u00e3o: Livre.<\/span><\/p>\n<p>&#13;<\/p>\n<p style=\"text-align: justify;\"><span style=\"font-weight: 400;\">Realiza\u00e7\u00e3o: Banda Arthur Giambelli, com o apoio da Prefeitura, por meio da Secretaria de Cultura.<\/span><\/p>\n<p>&#13;<\/p>\n<p style=\"text-align: justify;\"><span style=\"font-weight: 400;\">Dura\u00e7\u00e3o:\u00a0 90 min.\u00a0<\/span><\/p>\n<p>&#13;<\/p>\n<p>\u00a0<\/p>\n<p>&#13;<\/p>\n<p style=\"text-align: justify;\"><strong>Evento: Cinema no Parque &#8211; Festival de Curtas-metragens<\/strong><\/p>\n<p>&#13;<\/p>\n<p style=\"text-align: justify;\"><span style=\"font-weight: 400;\">S\u00e1bado (8), \u00e0s 17h &#8211; Parque Cidade<\/span><\/p>\n<p>&#13;<\/p>\n<p style=\"text-align: justify;\"><span style=\"font-weight: 400;\">O evento visa promover e valorizar a produ\u00e7\u00e3o audiovisual brasileira, proporcionando um espa\u00e7o para realizadores e estudantes de audiovisual mostrarem seus trabalhos para um novo p\u00fablico.\u00a0<\/span><\/p>\n<p>&#13;<\/p>\n<p style=\"text-align: justify;\"><span style=\"font-weight: 400;\">As inscri\u00e7\u00f5es para o primeiro Cinema no Parque acontecem de 4 de maio a 8 de junho. Realizadores de audiovisual podem inscrever seus curtas de 5 a 15 minutos, realizados a partir de 2022. O Festival \u00e9 dividido em 3 mostras:\u00a0<\/span><\/p>\n<p>&#13;<\/p>\n<ol style=\"text-align: justify;\">&#13;<\/p>\n<li><span style=\"font-weight: 400;\"> Mostra Brasil: Aberta a curtas realizados em qualquer lugar do pa\u00eds.\u00a0<\/span><\/li>\n<p>&#13;<\/p>\n<li><span style=\"font-weight: 400;\"> Mostra Interior SP: Destinada a curtas realizados no interior de S\u00e3o Paulo.\u00a0<\/span><\/li>\n<p>&#13;<\/p>\n<li><span style=\"font-weight: 400;\"> Mostra Universit\u00e1rio: Exclusiva para curtas produzidos em cursos de audiovisual. Inscri\u00e7\u00e3o e edital\u00a0 pelo link: <\/span><a href=\"https:\/\/linkme.bio\/cinemanoparquelimeira\" rel=\"noopener\"><span style=\"font-weight: 400;\">https:\/\/linkme.bio\/cinemanoparquelimeira<\/span><\/a><span style=\"font-weight: 400;\">.<\/span><\/li>\n<p>&#13;\n<\/ol>\n<p>&#13;<\/p>\n<p style=\"text-align: justify;\"><span style=\"font-weight: 400;\">Classifica\u00e7\u00e3o: Livre.<\/span><\/p>\n<p>&#13;<\/p>\n<p style=\"text-align: justify;\"><span style=\"font-weight: 400;\">Realiza\u00e7\u00e3o: Lei Paulo Gustavo do Minist\u00e9rio da Cultura do Governo Federal e Prefeitura de Limeira, atrav\u00e9s da Secretaria de Cultura de Limeira.<\/span><\/p>\n<p>&#13;<\/p>\n<p>\u00a0<\/p>\n<p>&#13;<\/p>\n<p style=\"text-align: justify;\"><strong>Evento: Festa Junina da Comunidade Evang\u00e9lica de Confiss\u00e3o Luterana<\/strong><\/p>\n<p>&#13;<\/p>\n<p style=\"text-align: justify;\"><span style=\"font-weight: 400;\">S\u00e1bado (8), \u00e0s<\/span><a href=\"https:\/\/www.google.com\/maps\/search\/19h+-+Via+Martim+Lutero?entry=gmail&amp;source=g\" rel=\"noopener\"> <span style=\"font-weight: 400;\">19h &#8211; Via Martim Lutero<\/span><\/a><span style=\"font-weight: 400;\">, km 3, Bairro dos Pires<\/span><\/p>\n<p>&#13;<\/p>\n<p style=\"text-align: justify;\"><span style=\"font-weight: 400;\">Festa Junina da Comunidade Evang\u00e9lica de Confiss\u00e3o Luterana.<\/span><\/p>\n<p>&#13;<\/p>\n<p style=\"text-align: justify;\"><span style=\"font-weight: 400;\">Entrada: Gratuita.<\/span><\/p>\n<p>&#13;<\/p>\n<p style=\"text-align: justify;\"><span style=\"font-weight: 400;\">Classifica\u00e7\u00e3o: Livre.<\/span><\/p>\n<p>&#13;<\/p>\n<p style=\"text-align: justify;\"><span style=\"font-weight: 400;\">Realiza\u00e7\u00e3o:Comunidade Evang\u00e9lica de Confiss\u00e3o Luterana, com apoio da Prefeitura, por meio da Secretaria de Cultura.<\/span><\/p>\n<p>&#13;<\/p>\n<p>\u00a0<\/p>\n<p>&#13;<\/p>\n<p style=\"text-align: justify;\"><strong>Evento: Festa Junina Escolar<\/strong><\/p>\n<p>&#13;<\/p>\n<p style=\"text-align: justify;\"><span style=\"font-weight: 400;\">S\u00e1bado (8), das 10h \u00e0s 14 &#8211; Escola Dr. Jos\u00e9 Carvalho Ferreira, Jd. Ipiranga<\/span><\/p>\n<p>&#13;<\/p>\n<p style=\"text-align: justify;\"><span style=\"font-weight: 400;\">Festa junina escolar.<\/span><\/p>\n<p>&#13;<\/p>\n<p style=\"text-align: justify;\"><span style=\"font-weight: 400;\">Entrada: Gratuita.<\/span><\/p>\n<p>&#13;<\/p>\n<p style=\"text-align: justify;\"><span style=\"font-weight: 400;\">Classifica\u00e7\u00e3o: Livre.<\/span><\/p>\n<p>&#13;<\/p>\n<p style=\"text-align: justify;\"><span style=\"font-weight: 400;\">Realiza\u00e7\u00e3o: Escola Dr. Jos\u00e9 Carvalho Ferreira, com apoio da Prefeitura, por meio da Secretaria de Cultura.<\/span><\/p>\n<p>&#13;<\/p>\n<p>\u00a0<\/p>\n<p>&#13;<\/p>\n<p style=\"text-align: justify;\"><strong>Evento: Cultura na Pra\u00e7a<\/strong><\/p>\n<p>&#13;<\/p>\n<p style=\"text-align: justify;\"><span style=\"font-weight: 400;\">S\u00e1bado (8), das 17h \u00e0s 22h &#8211; Pra\u00e7a Marcos Aur\u00e9lio Giardello<\/span><\/p>\n<p>&#13;<\/p>\n<p style=\"text-align: justify;\"><span style=\"font-weight: 400;\">Apresenta\u00e7\u00f5es musicais.\u00a0\u00a0<\/span><\/p>\n<p>&#13;<\/p>\n<p style=\"text-align: justify;\"><span style=\"font-weight: 400;\">Entrada: Gratuita.<\/span><\/p>\n<p>&#13;<\/p>\n<p style=\"text-align: justify;\"><span style=\"font-weight: 400;\">Classifica\u00e7\u00e3o: Livre.<\/span><\/p>\n<p>&#13;<\/p>\n<p style=\"text-align: justify;\"><span style=\"font-weight: 400;\">Realiza\u00e7\u00e3o: Empreendedores locais, com apoio da Prefeitura, por meio da Secretaria de Cultura.<\/span><\/p>\n<p>&#13;<\/p>\n<p>\u00a0<\/p>\n<p>&#13;<\/p>\n<p style=\"text-align: justify;\"><strong>Evento: Festa Popular da Comunidade Santos Arcanjos<\/strong><\/p>\n<p>&#13;<\/p>\n<p style=\"text-align: justify;\"><span style=\"font-weight: 400;\">S\u00e1bado (8), \u00e0s 18h &#8211; Comunidade Santos Arcanjos<\/span><\/p>\n<p>&#13;<\/p>\n<p style=\"text-align: justify;\"><span style=\"font-weight: 400;\">Festa Popular da Comunidade Santos Arcanjos.<\/span><\/p>\n<p>&#13;<\/p>\n<p style=\"text-align: justify;\"><span style=\"font-weight: 400;\">Entrada: Gratuita.<\/span><\/p>\n<p>&#13;<\/p>\n<p style=\"text-align: justify;\"><span style=\"font-weight: 400;\">Classifica\u00e7\u00e3o: Livre.<\/span><\/p>\n<p>&#13;<\/p>\n<p style=\"text-align: justify;\"><span style=\"font-weight: 400;\">Realiza\u00e7\u00e3o: Comunidade Santos Arcanjos, com apoio da Prefeitura, por meio da Secretaria de Cultura.<\/span><\/p>\n<p>&#13;<\/p>\n<p>\u00a0<\/p>\n<p>&#13;<\/p>\n<p style=\"text-align: justify;\"><strong>Evento: Arrai\u00e1 da Par\u00f3quia Menino Jesus<\/strong><\/p>\n<p>&#13;<\/p>\n<p style=\"text-align: justify;\"><span style=\"font-weight: 400;\">Dias 8, 9, 15 e 16, \u00e0s 18h &#8211; Av. Jo\u00e3o Jorge de Oliveira, 211, Parque Novo Mundo<\/span><\/p>\n<p>&#13;<\/p>\n<p style=\"text-align: justify;\"><span style=\"font-weight: 400;\">Festa popular da Par\u00f3quia Menino Jesus.<\/span><\/p>\n<p>&#13;<\/p>\n<p style=\"text-align: justify;\"><span style=\"font-weight: 400;\">Entrada: Gratuita.<\/span><\/p>\n<p>&#13;<\/p>\n<p style=\"text-align: justify;\"><span style=\"font-weight: 400;\">Classifica\u00e7\u00e3o: Livre.<\/span><\/p>\n<p>&#13;<\/p>\n<p style=\"text-align: justify;\"><span style=\"font-weight: 400;\">Realiza\u00e7\u00e3o: Par\u00f3quia Menino Jesus, com apoio da Prefeitura, por meio da Secretaria de Cultura.<\/span><\/p>\n<p>&#13;<\/p>\n<p>\u00a0<\/p>\n<p>&#13;<\/p>\n<p style=\"text-align: justify;\"><strong>Evento: Festa Popular da Par\u00f3quia Sagrado Cora\u00e7\u00e3o de Jesus<\/strong><\/p>\n<p>&#13;<\/p>\n<p style=\"text-align: justify;\"><span style=\"font-weight: 400;\">S\u00e1bado (8), \u00e0s 19h &#8211; Rua General Rondon, 2261, Vila Labak<\/span><\/p>\n<p>&#13;<\/p>\n<p style=\"text-align: justify;\"><span style=\"font-weight: 400;\">S\u00e1bado (15) \u00e0s 19h &#8211; Rua General Rondon, 2261, Vila Labak<\/span><\/p>\n<p>&#13;<\/p>\n<p style=\"text-align: justify;\"><span style=\"font-weight: 400;\">Festa Popular da Par\u00f3quia Sagrado Cora\u00e7\u00e3o de Jesus.<\/span><\/p>\n<p>&#13;<\/p>\n<p style=\"text-align: justify;\"><span style=\"font-weight: 400;\">Entrada: Gratuita.<\/span><\/p>\n<p>&#13;<\/p>\n<p style=\"text-align: justify;\"><span style=\"font-weight: 400;\">Classifica\u00e7\u00e3o: Livre.<\/span><\/p>\n<p>&#13;<\/p>\n<p style=\"text-align: justify;\"><span style=\"font-weight: 400;\">Realiza\u00e7\u00e3o: Festa Popular da Par\u00f3quia Sagrado Cora\u00e7\u00e3o de Jesus, com apoio da Prefeitura, por meio da Secretaria de Cultura.<\/span><\/p>\n<p>&#13;<\/p>\n<p>\u00a0<\/p>\n<p>&#13;<\/p>\n<p style=\"text-align: justify;\"><strong>Evento: Festa Popular da Par\u00f3quia Imaculado Cora\u00e7\u00e3o de Maria<\/strong><\/p>\n<p>&#13;<\/p>\n<p style=\"text-align: justify;\"><span style=\"font-weight: 400;\">Dias 8, 9, 15 e 16, das 19h \u00e0s 22h &#8211; Rua Professor Zeferino Vaz, 430, Vila Piza<\/span><\/p>\n<p>&#13;<\/p>\n<p style=\"text-align: justify;\"><span style=\"font-weight: 400;\">Festa popular da Par\u00f3quia Imaculado Cora\u00e7\u00e3o de Maria.<\/span><\/p>\n<p>&#13;<\/p>\n<p style=\"text-align: justify;\"><span style=\"font-weight: 400;\">Entrada: Gratuita.<\/span><\/p>\n<p>&#13;<\/p>\n<p style=\"text-align: justify;\"><span style=\"font-weight: 400;\">Classifica\u00e7\u00e3o: Livre.<\/span><\/p>\n<p>&#13;<\/p>\n<p style=\"text-align: justify;\"><span style=\"font-weight: 400;\">Realiza\u00e7\u00e3o: Par\u00f3quia Imaculado Cora\u00e7\u00e3o de Maria, com apoio da Prefeitura, por meio da Secretaria de Cultura.<\/span><\/p>\n<p>&#13;<\/p>\n<p>\u00a0<\/p>\n<p>&#13;<\/p>\n<p style=\"text-align: justify;\"><strong>Evento: 16\u00b0 Corrida Sem Barreiras<\/strong><\/p>\n<p>&#13;<\/p>\n<p style=\"text-align: justify;\"><span style=\"font-weight: 400;\">Domingo (9), \u00e0s 8h &#8211; Horto Florestal<\/span><\/p>\n<p>&#13;<\/p>\n<p style=\"text-align: justify;\"><span style=\"font-weight: 400;\">Corrida solid\u00e1ria.<\/span><\/p>\n<p>&#13;<\/p>\n<p style=\"text-align: justify;\"><span style=\"font-weight: 400;\">Entrada: Mediante inscri\u00e7\u00e3o.<\/span><\/p>\n<p>&#13;<\/p>\n<p style=\"text-align: justify;\"><span style=\"font-weight: 400;\">Classifica\u00e7\u00e3o: Livre.<\/span><\/p>\n<p>&#13;<\/p>\n<p style=\"text-align: justify;\"><span style=\"font-weight: 400;\">Realiza\u00e7\u00e3o: Associa\u00e7\u00e3o Integrada de Deficientes e Amigos (Ainda), com apoio da Prefeitura, por meio da Secretaria de Cultura.<\/span><\/p>\n<p>&#13;<\/p>\n<p>\u00a0<\/p>\n<p>&#13;<\/p>\n<p style=\"text-align: justify;\"><strong>M\u00fasica: Retreta com Corpora\u00e7\u00e3o Musical Arthur Giambelli<\/strong><\/p>\n<p>&#13;<\/p>\n<p style=\"text-align: justify;\"><span style=\"font-weight: 400;\">Domingo (9), \u00e0s 10h30 &#8211; Pra\u00e7a Toledo Barros<\/span><\/p>\n<p>&#13;<\/p>\n<p style=\"text-align: justify;\"><span style=\"font-weight: 400;\">A Embaixatriz Sonora de Limeira apresenta um repert\u00f3rio rom\u00e2ntico voltado especificamente ao dia dos namorados. A reg\u00eancia \u00e9 do maestro Leandro Pereira.<\/span><\/p>\n<p>&#13;<\/p>\n<p style=\"text-align: justify;\"><span style=\"font-weight: 400;\">Entrada: Gratuita.<\/span><\/p>\n<p>&#13;<\/p>\n<p style=\"text-align: justify;\"><span style=\"font-weight: 400;\">Classifica\u00e7\u00e3o: Livre.<\/span><\/p>\n<p>&#13;<\/p>\n<p style=\"text-align: justify;\"><span style=\"font-weight: 400;\">Realiza\u00e7\u00e3o: Prefeitura, por meio da Secretaria de Cultura, e banda.<\/span><\/p>\n<p>&#13;<\/p>\n<p style=\"text-align: justify;\"><span style=\"font-weight: 400;\">Dura\u00e7\u00e3o:\u00a0 90 min.\u00a0<\/span><\/p>\n<p>&#13;<\/p>\n<p>\u00a0<\/p>\n<p>&#13;<\/p>\n<p style=\"text-align: justify;\"><strong>Dan\u00e7a: Vida &#8211; Viver \u00e9 Uma Arte<\/strong><\/p>\n<p>&#13;<\/p>\n<p style=\"text-align: justify;\"><span style=\"font-weight: 400;\">Domingo (9), \u00e0s 18h &#8211; Teatro Vit\u00f3ria Emiliano Bernardo da Silva<\/span><\/p>\n<p>&#13;<\/p>\n<p style=\"text-align: justify;\"><span style=\"font-weight: 400;\">H\u00e1 quem diga que viver hoje em dia \u00e9 uma grande arte em todos os sentidos e se dan\u00e7a conforme a m\u00fasica. Neste espet\u00e1culo \u00e9 retratado de forma sucinta como tem sido o dia a dia de muitas pessoas, trazendo coreografias de tirar o f\u00f4lego.<\/span><\/p>\n<p>&#13;<\/p>\n<p style=\"text-align: justify;\"><span style=\"font-weight: 400;\">Entrada: R$ 40 (inteira) e R$ 20 (meia-entrada ou b\u00f4nus em compra antecipada at\u00e9 08\/06).<\/span><\/p>\n<p>&#13;<\/p>\n<p style=\"text-align: justify;\"><a href=\"https:\/\/www.ticketfacil.com.br\/eventos\/tv-vida-viver-e-uma-arte.aspx\" rel=\"noopener\"><span style=\"font-weight: 400;\">https:\/\/www.ticketfacil.com.br\/eventos\/tv-vida-viver-e-uma-arte.aspx<\/span><\/a><\/p>\n<p>&#13;<\/p>\n<p style=\"text-align: justify;\"><span style=\"font-weight: 400;\">Classifica\u00e7\u00e3o: Livre.<\/span><\/p>\n<p>&#13;<\/p>\n<p style=\"text-align: justify;\"><span style=\"font-weight: 400;\">Realiza\u00e7\u00e3o: Renata Cavinato Studio de Dan\u00e7a, com o apoio da Prefeitura, por meio da Secretaria de Cultura.<\/span><\/p>\n<p>&#13;<\/p>\n<p style=\"text-align: justify;\"><span style=\"font-weight: 400;\">Dura\u00e7\u00e3o: 60min.<\/span><\/p>\n<p>&#13;<\/p>\n<p>\u00a0<\/p>\n<p>&#13;<\/p>\n<p style=\"text-align: justify;\"><strong>Evento: Tradicional Romaria da Comunidade Nossa Senhora das Dores Rural<\/strong><\/p>\n<p>&#13;<\/p>\n<p style=\"text-align: justify;\"><span style=\"font-weight: 400;\">Domingo (9), das 9h \u00e0s 18h &#8211; Comunidade Nossa Senhora das Dores Rural<\/span><\/p>\n<p>&#13;<\/p>\n<p style=\"text-align: justify;\"><span style=\"font-weight: 400;\">Tradicional Romaria da Comunidade Nossa Senhora das Dores Rural.<\/span><\/p>\n<p>&#13;<\/p>\n<p style=\"text-align: justify;\"><span style=\"font-weight: 400;\">Entrada: Gratuita.<\/span><\/p>\n<p>&#13;<\/p>\n<p style=\"text-align: justify;\"><span style=\"font-weight: 400;\">Classifica\u00e7\u00e3o: Livre.<\/span><\/p>\n<p>&#13;<\/p>\n<p style=\"text-align: justify;\"><span style=\"font-weight: 400;\">Realiza\u00e7\u00e3o: Comunidade Nossa Senhora das Dores Rural, com apoio da Prefeitura, por meio da Secretaria de Cultura.<\/span><\/p>\n<p>&#13;<\/p>\n<p>\u00a0<\/p>\n<p>&#13;<\/p>\n<p style=\"text-align: justify;\"><strong>Literatura: Comboio da Conta\u00e7\u00e3o &#8211; 18\u00ba Encontra Conto<\/strong><\/p>\n<p>&#13;<\/p>\n<p style=\"text-align: justify;\"><span style=\"font-weight: 400;\">Quarta-feira (12), \u00e0s 9h e 14h &#8211; Biblioteca Municipal Professor Jo\u00e3o de Sousa Ferraz<\/span><\/p>\n<p>&#13;<\/p>\n<p style=\"text-align: justify;\"><span style=\"font-weight: 400;\">Conta\u00e7\u00e3o de hist\u00f3rias.<\/span><\/p>\n<p>&#13;<\/p>\n<p style=\"text-align: justify;\"><span style=\"font-weight: 400;\">Entrada: Gratuita.<\/span><\/p>\n<p>&#13;<\/p>\n<p style=\"text-align: justify;\"><span style=\"font-weight: 400;\">Classifica\u00e7\u00e3o: Livre.<\/span><\/p>\n<p>&#13;<\/p>\n<p style=\"text-align: justify;\"><span style=\"font-weight: 400;\">Realiza\u00e7\u00e3o: Cia Xekmat, atrav\u00e9s da Lei Paulo Gustavo do Governo Federal, com apoio da Prefeitura, por meio da Secretaria de Cultura.<\/span><\/p>\n<p>&#13;<\/p>\n<p>\u00a0<\/p>\n<p>&#13;<\/p>\n<p style=\"text-align: justify;\"><strong>Literatura: Banca de Trocas de Livros e Gibis<\/strong><\/p>\n<p>&#13;<\/p>\n<p style=\"text-align: justify;\"><span style=\"font-weight: 400;\">Quarta-feira (12), das 17h \u00e0s 19h &#8211; Biblioteca Municipal Professor Jo\u00e3o de Sousa Ferraz<\/span><\/p>\n<p>&#13;<\/p>\n<p style=\"text-align: justify;\"><span style=\"font-weight: 400;\">Na segunda quarta-feira do m\u00eas, al\u00e9m do empr\u00e9stimo e devolu\u00e7\u00e3o de livros, a biblioteca realiza a Banca de Troca de Livros e Gibis. Apostilas, materiais did\u00e1ticos, enciclop\u00e9dias, c\u00f3pias reprogr\u00e1ficas ou livros em mau estado de conserva\u00e7\u00e3o n\u00e3o s\u00e3o aceitos.<\/span><\/p>\n<p>&#13;<\/p>\n<p style=\"text-align: justify;\"><span style=\"font-weight: 400;\">Entrada: Gratuita.<\/span><\/p>\n<p>&#13;<\/p>\n<p style=\"text-align: justify;\"><span style=\"font-weight: 400;\">Classifica\u00e7\u00e3o: Livre.\u00a0<\/span><\/p>\n<p>&#13;<\/p>\n<p style=\"text-align: justify;\"><span style=\"font-weight: 400;\">Realiza\u00e7\u00e3o: Prefeitura, por meio da Secretaria de Cultura.<\/span><\/p>\n<p>&#13;<\/p>\n<p>\u00a0<\/p>\n<p>&#13;<\/p>\n<p style=\"text-align: justify;\"><strong>Curso: Acessibilidade e Inclus\u00e3o Social em Museus<\/strong><\/p>\n<p>&#13;<\/p>\n<p style=\"text-align: justify;\"><span style=\"font-weight: 400;\">Quinta-feira (13), das 14h \u00e0s 17h &#8211; Museu Major Jos\u00e9 Levy Sobrinho<\/span><\/p>\n<p>&#13;<\/p>\n<p style=\"text-align: justify;\"><span style=\"font-weight: 400;\">O curso pretende refletir sobre a participa\u00e7\u00e3o e as pr\u00e1ticas para a acessibilidade universal, propondo um debate sobre inclus\u00e3o e acessibilidade social no campo museol\u00f3gico, no geral, e como isso est\u00e1 posto no Museu da L\u00edngua Portuguesa. Ser\u00e1 discutido o processo de renova\u00e7\u00e3o do papel dos museus no s\u00e9culo XXI a partir das demandas sociais que v\u00eam tensionando as institui\u00e7\u00f5es a olhar para a quest\u00e3o das identidades e da diversidade social, no mesmo contexto pol\u00edtico que fomenta o fortalecimento de discursos conservadores e suscitam persegui\u00e7\u00e3o ideol\u00f3gica contra institui\u00e7\u00f5es culturais. Por fim, ser\u00e1 avaliado como o MLP conseguiu visibilizar, valorizar e positivar as mem\u00f3rias das pessoas trans em sua nova fase de opera\u00e7\u00e3o. O curso \u00e9 ministrado por Evelyn Ariane Lauro.<\/span><\/p>\n<p>&#13;<\/p>\n<p style=\"text-align: justify;\"><span style=\"font-weight: 400;\">Entrada: mediante inscri\u00e7\u00e3o pelo telefone 3442-1707 ou email <\/span><span style=\"font-weight: 400;\"><a href=\"https:\/\/limeira.sp.gov.br\/cdn-cgi\/l\/email-protection\" class=\"__cf_email__\" data-cfemail=\"224345474c46434f474c564d0c4f57514757624e4b4f474b50430c51520c454d540c4050\" rel=\"noopener\">[email\u00a0protected]<\/a><\/span><span style=\"font-weight: 400;\">.<\/span><\/p>\n<p>&#13;<\/p>\n<p style=\"text-align: justify;\"><span style=\"font-weight: 400;\">Classifica\u00e7\u00e3o: A partir de 18 anos.<\/span><\/p>\n<p>&#13;<\/p>\n<p style=\"text-align: justify;\"><span style=\"font-weight: 400;\">Realiza\u00e7\u00e3o: Sistema Estadual de Museus (SISEM-SP), Casa das Rosas e Prefeitura, por meio da Secretaria de Cultura.<\/span><\/p>\n<p>&#13;<\/p>\n<p>\u00a0<\/p>\n<p>&#13;<\/p>\n<p style=\"text-align: justify;\"><strong>Interven\u00e7\u00e3o Urbana: Ocupa Limeira<\/strong><\/p>\n<p>&#13;<\/p>\n<p style=\"text-align: justify;\"><span style=\"font-weight: 400;\">Quinta-feira (13), \u00e0s 14h &#8211; Faculdade de Adm e Artes de Limeira (FAAL)<\/span><\/p>\n<p>&#13;<\/p>\n<p style=\"text-align: justify;\"><span style=\"font-weight: 400;\">Exposi\u00e7\u00e3o coletiva sob a curadoria de Fernando Pimentel\/Tosko, que \u00e9 artista, produtor cultural e professor de artes. A mostra \u00e9 parte de um projeto, que leva a 5 bairros interven\u00e7\u00f5es contempor\u00e2neas de obras de arte de 5 artistas da cidade da cidade. As ocupa\u00e7\u00f5es se desdobram entre, pintura, instala\u00e7\u00f5es de objetos, poesias, bordado livre em grande suporte, lambe-lambe dentre outras t\u00e9cnicas, possibilitando que os habitantes dos bairros onde acontecer\u00e3o as interven\u00e7\u00f5es, conhe\u00e7am e tenham acesso a vertentes art\u00edsticas da arte contempor\u00e2nea. A exposi\u00e7\u00e3o \u00e9 composta por obras in\u00e9ditas desenvolvidas dentro da pesquisa de cada artista participante.<\/span><\/p>\n<p>&#13;<\/p>\n<p style=\"text-align: justify;\"><span style=\"font-weight: 400;\">Classifica\u00e7\u00e3o: Livre<\/span><\/p>\n<p>&#13;<\/p>\n<p style=\"text-align: justify;\"><span style=\"font-weight: 400;\">Realiza\u00e7\u00e3o: Lei Paulo Gustavo do Minist\u00e9rio da Cultura do Governo Federal e Prefeitura de Limeira, atrav\u00e9s da Secretaria de Cultura.<\/span><\/p>\n<p>&#13;<\/p>\n<p>\u00a0<\/p>\n<p>&#13;<\/p>\n<p style=\"text-align: justify;\"><strong>Oficina: Relevos Bot\u00e2nicos &#8211; Projeto Pseudof\u00f3sseis Afetivos<\/strong><\/p>\n<p>&#13;<\/p>\n<p style=\"text-align: justify;\"><span style=\"font-weight: 400;\">Quinta-feira (13), \u00e0s 18h &#8211; Secretaria Municipal da Educa\u00e7\u00e3o<\/span><\/p>\n<p>&#13;<\/p>\n<p style=\"text-align: justify;\"><span style=\"font-weight: 400;\">A oficina \u00e9 uma das a\u00e7\u00f5es do Projeto Pseudof\u00f3sseis Afetivos, tendo por objetivo explorar as plantas como matrizes para impress\u00f5es em diversos materiais, principalmente, argilas e gesso, com propostas de atividades pr\u00e1ticas que possam ser desenvolvidas em espa\u00e7os variados, utilizando equipamentos e materiais acess\u00edveis. Os participantes utilizar\u00e3o plantas que ser\u00e3o coletadas em seus espa\u00e7os de viv\u00eancia para a elabora\u00e7\u00e3o dos relevos.<\/span><\/p>\n<p>&#13;<\/p>\n<p style=\"text-align: justify;\"><span style=\"font-weight: 400;\">S\u00e3o 2 turmas, sendo 3 encontros de 3 horas para cada.<\/span><\/p>\n<p>&#13;<\/p>\n<p style=\"text-align: justify;\"><span style=\"font-weight: 400;\">Primeira turma: dias 13 e 14.\u00a0 Segunda turma: dias 20 e 21. Encontro final: dia 29, \u00e0s 9 horas.<\/span><\/p>\n<p>&#13;<\/p>\n<p style=\"text-align: justify;\"><span style=\"font-weight: 400;\">Classifica\u00e7\u00e3o: Livre.<\/span><\/p>\n<p>&#13;<\/p>\n<p style=\"text-align: justify;\"><span style=\"font-weight: 400;\">Realiza\u00e7\u00e3o: Lei Paulo Gustavo do Minist\u00e9rio da Cultura do Governo Federal e Prefeitura de Limeira, atrav\u00e9s da Secretaria de Cultura.<\/span><\/p>\n<p>&#13;<\/p>\n<p>\u00a0<\/p>\n<p>&#13;<\/p>\n<p style=\"text-align: justify;\"><strong>Evento: Festa Junina na Pra\u00e7a D. Cec\u00edlia Maria de Alencar<\/strong><\/p>\n<p>&#13;<\/p>\n<p style=\"text-align: justify;\"><span style=\"font-weight: 400;\">Quinta-feira (13), das 18h \u00e0s 22h &#8211; Rua M\u00e1rio Ferraz, 239, Jardim Novo Horizonte<\/span><\/p>\n<p>&#13;<\/p>\n<p style=\"text-align: justify;\"><span style=\"font-weight: 400;\">Festa Junina na Pra\u00e7a D. Cec\u00edlia Maria de Alencar.<\/span><\/p>\n<p>&#13;<\/p>\n<p style=\"text-align: justify;\"><span style=\"font-weight: 400;\">Entrada: Gratuita.<\/span><\/p>\n<p>&#13;<\/p>\n<p style=\"text-align: justify;\"><span style=\"font-weight: 400;\">Classifica\u00e7\u00e3o: Livre.<\/span><\/p>\n<p>&#13;<\/p>\n<p style=\"text-align: justify;\"><span style=\"font-weight: 400;\">Realiza\u00e7\u00e3o: Pra\u00e7a D. Cec\u00edlia Maria de Alencar, com apoio da Prefeitura, por meio da Secretaria de Cultura.<\/span><\/p>\n<p>&#13;<\/p>\n<p>\u00a0<\/p>\n<p>&#13;<\/p>\n<p style=\"text-align: justify;\"><strong>Dan\u00e7a: Mostra Municipal de Dan\u00e7a<\/strong><\/p>\n<p>&#13;<\/p>\n<p style=\"text-align: justify;\"><span style=\"font-weight: 400;\">Sexta-feira (14) e s\u00e1bado (15), \u00e0s 20h &#8211; Teatro Vit\u00f3ria Emiliano Bernardo da Silva<\/span><\/p>\n<p>&#13;<\/p>\n<p style=\"text-align: justify;\"><span style=\"font-weight: 400;\">Domingo (16), \u00e0s 19h &#8211; Teatro Vit\u00f3ria Emiliano Bernardo da Silva<\/span><\/p>\n<p>&#13;<\/p>\n<p style=\"text-align: justify;\"><span style=\"font-weight: 400;\">A Mostra Municipal de Dan\u00e7a \u00e9 uma a\u00e7\u00e3o cultural que busca dar oportunidade aos artistas de demonstrarem as suas habilidades, criatividade, desenvoltura e t\u00e9cnicas nas modalidades de dan\u00e7a. O objetivo do evento \u00e9 integrar, aproximar e promover a troca de experi\u00eancias entre os grupos art\u00edsticos e o p\u00fablico.<\/span><\/p>\n<p>&#13;<\/p>\n<p style=\"text-align: justify;\"><span style=\"font-weight: 400;\">Entrada: Gratuita.<\/span><\/p>\n<p>&#13;<\/p>\n<p style=\"text-align: justify;\"><span style=\"font-weight: 400;\">Classifica\u00e7\u00e3o: Livre.<\/span><\/p>\n<p>&#13;<\/p>\n<p style=\"text-align: justify;\"><span style=\"font-weight: 400;\">Realiza\u00e7\u00e3o: Prefeitura, por meio da Secretaria de Cultura.<\/span><\/p>\n<p>&#13;<\/p>\n<p style=\"text-align: justify;\"><span style=\"font-weight: 400;\">Dura\u00e7\u00e3o:\u00a0 90 min<\/span><\/p>\n<p>&#13;<\/p>\n<p>\u00a0<\/p>\n<p>&#13;<\/p>\n<p style=\"text-align: justify;\"><strong>Evento: Festa Junina Municipal<\/strong><\/p>\n<p>&#13;<\/p>\n<p style=\"text-align: justify;\"><span style=\"font-weight: 400;\">Sexta-feira (14) e s\u00e1bado (15), \u00e0s 18h &#8211; Parque Cidade<\/span><\/p>\n<p>&#13;<\/p>\n<p style=\"text-align: justify;\"><span style=\"font-weight: 400;\">O evento oferece um ambiente animado, com apresenta\u00e7\u00f5es musicais e pra\u00e7a de alimenta\u00e7\u00e3o comercializando comidas t\u00edpicas.<\/span><\/p>\n<p>&#13;<\/p>\n<p style=\"text-align: justify;\"><span style=\"font-weight: 400;\">Entrada: Gratuita.<\/span><\/p>\n<p>&#13;<\/p>\n<p style=\"text-align: justify;\"><span style=\"font-weight: 400;\">Classifica\u00e7\u00e3o: Livre.<\/span><\/p>\n<p>&#13;<\/p>\n<p style=\"text-align: justify;\"><span style=\"font-weight: 400;\">Realiza\u00e7\u00e3o: Prefeitura, por meio da Secretaria de Cultura.<\/span><\/p>\n<p>&#13;<\/p>\n<p>\u00a0<\/p>\n<p>&#13;<\/p>\n<p style=\"text-align: justify;\"><strong>Evento: Festa Popular da Comunidade Santo Ant\u00f4nio<\/strong><\/p>\n<p>&#13;<\/p>\n<p style=\"text-align: justify;\"><span style=\"font-weight: 400;\">Dias 14, 15 e 16, \u00e0s 19h &#8211; Rua Ant\u00f4nio Furlan, 146, Bairro Teixeira Marques<\/span><\/p>\n<p>&#13;<\/p>\n<p style=\"text-align: justify;\"><span style=\"font-weight: 400;\">Festa Popular da Comunidade Santo Ant\u00f4nio.<\/span><\/p>\n<p>&#13;<\/p>\n<p style=\"text-align: justify;\"><span style=\"font-weight: 400;\">Entrada: Gratuita.<\/span><\/p>\n<p>&#13;<\/p>\n<p style=\"text-align: justify;\"><span style=\"font-weight: 400;\">Classifica\u00e7\u00e3o: Livre.<\/span><\/p>\n<p>&#13;<\/p>\n<p style=\"text-align: justify;\"><span style=\"font-weight: 400;\">Realiza\u00e7\u00e3o: Festa Popular da Comunidade Santo Ant\u00f4nio, com apoio da Prefeitura, por meio da Secretaria de Cultura.<\/span><\/p>\n<p>&#13;<\/p>\n<p>\u00a0<\/p>\n<p>&#13;<\/p>\n<p style=\"text-align: justify;\"><strong>Evento: Cultura na Pra\u00e7a<\/strong><\/p>\n<p>&#13;<\/p>\n<p style=\"text-align: justify;\"><span style=\"font-weight: 400;\">S\u00e1bado (15), das 17h \u00e0s 22h &#8211; Pra\u00e7a Marcos Aur\u00e9lio Giardello<\/span><\/p>\n<p>&#13;<\/p>\n<p style=\"text-align: justify;\"><span style=\"font-weight: 400;\">Apresenta\u00e7\u00f5es musicais.\u00a0\u00a0<\/span><\/p>\n<p>&#13;<\/p>\n<p style=\"text-align: justify;\"><span style=\"font-weight: 400;\">Entrada: Gratuita.<\/span><\/p>\n<p>&#13;<\/p>\n<p style=\"text-align: justify;\"><span style=\"font-weight: 400;\">Classifica\u00e7\u00e3o: Livre.<\/span><\/p>\n<p>&#13;<\/p>\n<p style=\"text-align: justify;\"><span style=\"font-weight: 400;\">Realiza\u00e7\u00e3o: Empreendedores locais, com apoio da Prefeitura, por meio da Secretaria de Cultura.<\/span><\/p>\n<p>&#13;<\/p>\n<p>\u00a0<\/p>\n<p>&#13;<\/p>\n<p style=\"text-align: justify;\"><strong>M\u00fasica: Retreta com Banda Henrique Marques<\/strong><\/p>\n<p>&#13;<\/p>\n<p style=\"text-align: justify;\"><span style=\"font-weight: 400;\">Domingo (16), \u00e0s 10h30 &#8211; Pra\u00e7a Toledo Barros<\/span><\/p>\n<p>&#13;<\/p>\n<p style=\"text-align: justify;\"><span style=\"font-weight: 400;\">A Banda Henrique Marques apresenta obras da m\u00fasica instrumental e popular brasileira, como parte do fomento cultural local.<\/span><\/p>\n<p>&#13;<\/p>\n<p style=\"text-align: justify;\"><span style=\"font-weight: 400;\">Entrada: Gratuita.<\/span><\/p>\n<p>&#13;<\/p>\n<p style=\"text-align: justify;\"><span style=\"font-weight: 400;\">Classifica\u00e7\u00e3o: Livre.<\/span><\/p>\n<p>&#13;<\/p>\n<p style=\"text-align: justify;\"><span style=\"font-weight: 400;\">Realiza\u00e7\u00e3o: Banda Henrique Marques, com o apoio da Prefeitura, por meio da Secretaria de Cultura.<\/span><\/p>\n<p>&#13;<\/p>\n<p style=\"text-align: justify;\"><span style=\"font-weight: 400;\">Dura\u00e7\u00e3o:\u00a0 60 min<\/span><\/p>\n<p>&#13;<\/p>\n<p>\u00a0<\/p>\n<p>&#13;<\/p>\n<p style=\"text-align: justify;\"><strong>Evento: Festa popular da Comunidade Santo Ant\u00f3nio dos Pires<\/strong><\/p>\n<p>&#13;<\/p>\n<p style=\"text-align: justify;\"><span style=\"font-weight: 400;\">Domingo (16), \u00e0s 12h\u00a0 &#8211; Via Santo Ant\u00f4nio, Km 04+400mt, Bairro Pires de Baixo<\/span><\/p>\n<p>&#13;<\/p>\n<p style=\"text-align: justify;\"><span style=\"font-weight: 400;\">Festa popular da Comunidade Santo Ant\u00f3nio dos Pires<\/span><\/p>\n<p>&#13;<\/p>\n<p style=\"text-align: justify;\"><span style=\"font-weight: 400;\">Entrada: Gratuita.<\/span><\/p>\n<p>&#13;<\/p>\n<p style=\"text-align: justify;\"><span style=\"font-weight: 400;\">Classifica\u00e7\u00e3o: Livre.<\/span><\/p>\n<p>&#13;<\/p>\n<p style=\"text-align: justify;\"><span style=\"font-weight: 400;\">Realiza\u00e7\u00e3o: Festa Popular da Comunidade Santo Ant\u00f4nio dos Pires, com apoio da Prefeitura, por meio da Secretaria de Cultura.<\/span><\/p>\n<p>&#13;<\/p>\n<p>\u00a0<\/p>\n<p>&#13;<\/p>\n<p style=\"text-align: justify;\"><strong>Literatura: Clube do Livro &#8211; <\/strong><span style=\"font-weight: 400;\">\u201c<\/span><strong>Se deus me chamar n\u00e3o vou\u201d<\/strong><\/p>\n<p>&#13;<\/p>\n<p style=\"text-align: justify;\"><span style=\"font-weight: 400;\">Quarta-feira (19), \u00e0s 18h15 &#8211; <\/span><span style=\"font-weight: 400;\">Biblioteca Municipal Professor Jo\u00e3o de Sousa Ferraz<\/span><\/p>\n<p>&#13;<\/p>\n<p style=\"text-align: justify;\"><span style=\"font-weight: 400;\">O clube tem como objetivo unir as pessoas que gostam de ler e de ouvir o que o outro tem para compartilhar, ou ainda para quem quer saber mais sobre o livro antes de l\u00ea-lo. O bate-papo da vez \u00e9 sobre o livro \u201cSe deus me chamar n\u00e3o vou\u201d de Mariana Salom\u00e3o Carrara. A media\u00e7\u00e3o \u00e9 por Daniele Pedroso.<\/span><\/p>\n<p>&#13;<\/p>\n<p style=\"text-align: justify;\"><span style=\"font-weight: 400;\">Entrada: Gratuita.<\/span><\/p>\n<p>&#13;<\/p>\n<p style=\"text-align: justify;\"><span style=\"font-weight: 400;\">Classifica\u00e7\u00e3o: A partir de 14 anos.<\/span><\/p>\n<p>&#13;<\/p>\n<p style=\"text-align: justify;\"><span style=\"font-weight: 400;\">Realiza\u00e7\u00e3o: Prefeitura, por meio da Secretaria de Cultura.<\/span><\/p>\n<p>&#13;<\/p>\n<p>\u00a0<\/p>\n<p>&#13;<\/p>\n<p style=\"text-align: justify;\"><strong>Evento Fechado: Festival Jovens \u00c1guias<\/strong><\/p>\n<p>&#13;<\/p>\n<p style=\"text-align: justify;\"><span style=\"font-weight: 400;\">Quarta- feira (19), \u00e0s 19h30 &#8211; Teatro Vit\u00f3ria Emiliano Bernardo da Silva<\/span><\/p>\n<p>&#13;<\/p>\n<p style=\"text-align: justify;\"><span style=\"font-weight: 400;\">O evento visa reconhecer a atua\u00e7\u00e3o de jovens na faixa et\u00e1ria de 14 a 25 anos que se destacam em suas comunidades, homenageando com a entrega de um certificado de participa\u00e7\u00e3o.<\/span><\/p>\n<p>&#13;<\/p>\n<p style=\"text-align: justify;\"><span style=\"font-weight: 400;\">Entrada: Gratuita.<\/span><\/p>\n<p>&#13;<\/p>\n<p style=\"text-align: justify;\"><span style=\"font-weight: 400;\">Classifica\u00e7\u00e3o: Livre.<\/span><\/p>\n<p>&#13;<\/p>\n<p style=\"text-align: justify;\"><span style=\"font-weight: 400;\">Realiza\u00e7\u00e3o: Luciano Ferreira Le\u00e3o, com o apoio da Prefeitura, por meio da Secretaria de Cultura.<\/span><\/p>\n<p>&#13;<\/p>\n<p style=\"text-align: justify;\"><span style=\"font-weight: 400;\">Dura\u00e7\u00e3o: 180min.\u00a0<\/span><\/p>\n<p>&#13;<\/p>\n<p>\u00a0<\/p>\n<p>&#13;<\/p>\n<p style=\"text-align: justify;\"><strong>Evento: Feira Noturna no Limeir\u00e3o<\/strong><\/p>\n<p>&#13;<\/p>\n<p style=\"text-align: justify;\"><span style=\"font-weight: 400;\">Quinta-feira (20), das 17h \u00e0s 22h &#8211; Limeir\u00e3o<\/span><\/p>\n<p>&#13;<\/p>\n<p style=\"text-align: justify;\"><span style=\"font-weight: 400;\">Feira noturna.<\/span><\/p>\n<p>&#13;<\/p>\n<p style=\"text-align: justify;\"><span style=\"font-weight: 400;\">Entrada: Gratuita.<\/span><\/p>\n<p>&#13;<\/p>\n<p style=\"text-align: justify;\"><span style=\"font-weight: 400;\">Classifica\u00e7\u00e3o: Livre.<\/span><\/p>\n<p>&#13;<\/p>\n<p style=\"text-align: justify;\"><span style=\"font-weight: 400;\">Realiza\u00e7\u00e3o: Prefeitura, por meio da Secretaria de Cultura e da Secretaria do Meio Ambiente e Agricultura, com apoio da Associa\u00e7\u00e3o dos Feirantes de Limeira (Asfel).<\/span><\/p>\n<p>&#13;<\/p>\n<p>\u00a0<\/p>\n<p>&#13;<\/p>\n<p style=\"text-align: justify;\"><strong>Literatura: Clube do Livro Juvenil &#8211; \u201cA 8\u00aa s\u00e9rie C\u201d<\/strong><\/p>\n<p>&#13;<\/p>\n<p style=\"text-align: justify;\"><span style=\"font-weight: 400;\">Quinta-feira (20), \u00e0s 16h30 &#8211; Biblioteca Pracinhas da Cultura<\/span><\/p>\n<p>&#13;<\/p>\n<p style=\"text-align: justify;\"><span style=\"font-weight: 400;\">O clube tem como objetivo unir os jovens que gostam de ler e de compartilhar sobre suas leituras. A proposta \u00e9 de encontros mensais para a discuss\u00e3o e debate de livros, contos ou cr\u00f4nicas. A leitura do encontro \u00e9 \u201cA 8\u00aa s\u00e9rie C\u201d de Odette de Barros Mott. A media\u00e7\u00e3o \u00e9 por Carina Crislai.<\/span><\/p>\n<p>&#13;<\/p>\n<p style=\"text-align: justify;\"><span style=\"font-weight: 400;\">Entrada: Gratuita.<\/span><\/p>\n<p>&#13;<\/p>\n<p style=\"text-align: justify;\"><span style=\"font-weight: 400;\">Classifica\u00e7\u00e3o: A partir de 12 anos.<\/span><\/p>\n<p>&#13;<\/p>\n<p style=\"text-align: justify;\"><span style=\"font-weight: 400;\">Realiza\u00e7\u00e3o: Prefeitura de Limeira, por meio da Secretaria de Cultura.<\/span><\/p>\n<p>&#13;<\/p>\n<p>\u00a0<\/p>\n<p>&#13;<\/p>\n<p style=\"text-align: justify;\"><strong>Audiovisual: Hist\u00f3ria da Laranja Lima<\/strong><\/p>\n<p>&#13;<\/p>\n<p style=\"text-align: justify;\"><span style=\"font-weight: 400;\">Quinta-feira (20), \u00e0s 17h &#8211; Cervejaria Salve<\/span><\/p>\n<p>&#13;<\/p>\n<p style=\"text-align: justify;\"><span style=\"font-weight: 400;\">Baseado no livro &#8220;Hist\u00f3rias e Receitas&#8221; de Nadir Alves Galante Cavazin, o document\u00e1rio de m\u00e9dia metragem, relata hist\u00f3rias hist\u00f3ricas e receitas tradicionais de Limeira. Quem nunca ouviu falar sobre a origem da coxinha de galinha? E a tradicional e tr\u00e1gica hist\u00f3ria do frade que resultou no nome da cidade? Acompanhadas de deliciosas receitas, grandes hist\u00f3rias como essas s\u00e3o marcadas no livro de Nadir de 1998, e agora o document\u00e1rio \u201cUma hist\u00f3ria de Laranja Lima&#8221; prop\u00f5e dar uma nova roupagem em um gostoso document\u00e1rio narrado e contado por grandes cozinheiros da cidade que v\u00e3o alternando entre receitas, hist\u00f3rias, viv\u00eancias e afetividades.\u00a0<\/span><\/p>\n<p>&#13;<\/p>\n<p style=\"text-align: justify;\"><span style=\"font-weight: 400;\">Classifica\u00e7\u00e3o: Livre<\/span><\/p>\n<p>&#13;<\/p>\n<p style=\"text-align: justify;\"><span style=\"font-weight: 400;\">Realiza\u00e7\u00e3o:Lei Paulo Gustavo do Minist\u00e9rio da Cultura do Governo Federal e Prefeitura de Limeira, atrav\u00e9s da Secretaria de Cultura.<\/span><\/p>\n<p>&#13;<\/p>\n<p>\u00a0<\/p>\n<p>&#13;<\/p>\n<p style=\"text-align: justify;\"><strong>M\u00fasica: V Concerto da S\u00e9rie Alian\u00e7a<\/strong><\/p>\n<p>&#13;<\/p>\n<p style=\"text-align: justify;\"><span style=\"font-weight: 400;\">Quinta-feira (20), \u00e0s 20h30 &#8211;<\/span> <span style=\"font-weight: 400;\">Teatro Vit\u00f3ria Emiliano Bernardo da Silva<\/span><\/p>\n<p>&#13;<\/p>\n<p style=\"text-align: justify;\"><span style=\"font-weight: 400;\">O concerto tem como convidado o solista Alessandro Borgomanero no violino. No programa: \u201cRomeu e Julieta\u201d de P. I. Tchaikovski; \u201cOverture Fantasia\u201d de F. Mendelssohn; concerto para violino e orquestra, em Mi menor, Op. 64<\/span><a href=\"http:\/\/n.paganini\/\"> <span style=\"font-weight: 400;\">N.Paganini<\/span><\/a><span style=\"font-weight: 400;\"> La Campanella. A reg\u00eancia \u00e9 do maestro Rodrigo Muller.<\/span><\/p>\n<p>&#13;<\/p>\n<p style=\"text-align: justify;\"><span style=\"font-weight: 400;\">Entrada: R$ 30 (inteira) e R$ 15 (meia-entrada).<\/span><span style=\"font-weight: 400;\"><br \/><\/span><span style=\"font-weight: 400;\">Classifica\u00e7\u00e3o: Livre.<\/span><span style=\"font-weight: 400;\"><br \/><\/span><span style=\"font-weight: 400;\">Realiza\u00e7\u00e3o: Sociedade Pr\u00f3-Sinf\u00f4nica de Limeira, com o apoio da Prefeitura, por meio da Secretaria de Cultura.<\/span><\/p>\n<p>&#13;<\/p>\n<p>\u00a0<\/p>\n<p>&#13;<\/p>\n<p style=\"text-align: justify;\"><strong>Literatura: Hora do Conto com Recanto das Hist\u00f3rias<\/strong><\/p>\n<p>&#13;<\/p>\n<p style=\"text-align: justify;\"><span style=\"font-weight: 400;\">Sexta-feira (21), \u00e0s 14h &#8211; Biblioteca Municipal\u00a0<\/span><\/p>\n<p>&#13;<\/p>\n<p style=\"text-align: justify;\"><span style=\"font-weight: 400;\">As crian\u00e7as poder\u00e3o mergulhar no universo das hist\u00f3rias infantis com as contadoras: Mara Belo, Amanda Hergert e Priscilla Celestino.\u00a0<\/span><\/p>\n<p>&#13;<\/p>\n<p style=\"text-align: justify;\"><span style=\"font-weight: 400;\">Entrada: Gratuita.<\/span><\/p>\n<p>&#13;<\/p>\n<p style=\"text-align: justify;\"><span style=\"font-weight: 400;\">Classifica\u00e7\u00e3o: Livre.<\/span><\/p>\n<p>&#13;<\/p>\n<p style=\"text-align: justify;\"><span style=\"font-weight: 400;\">Realiza\u00e7\u00e3o: Prefeitura, por meio da Secretaria de Cultura em parceria com a Secretaria de Educa\u00e7\u00e3o.<\/span><\/p>\n<p>&#13;<\/p>\n<p>\u00a0<\/p>\n<p>&#13;<\/p>\n<p style=\"text-align: justify;\"><strong>Audiovisual: Mais de Meio Caminho Andado<\/strong><\/p>\n<p>&#13;<\/p>\n<p style=\"text-align: justify;\"><span style=\"font-weight: 400;\">Sexta-feira (21), \u00e0s 19h30 &#8211; Faculdade de Adm e Artes de Limeira (FAAL)<\/span><\/p>\n<p>&#13;<\/p>\n<p style=\"text-align: justify;\"><span style=\"font-weight: 400;\">Uma proposta po\u00e9tica que atrelada ao ato da experi\u00eancia concreta, documenta o caminhar entre mulheres que foram se encontrando pelos caminhos da vida, trazendo suas pr\u00f3prias leituras de mundos e desbravando estradas que a h\u00e1 pouco tempo n\u00e3o eram lugar de mulher. O document\u00e1rio apresenta estas mulheres do nosso interior. Ap\u00f3s a apresenta\u00e7\u00e3o, haver\u00e1 uma palestra com a psic\u00f3loga Tamara Soares, com relatos do surgimento da ideia a partir da reflex\u00e3o sobre a necessidade de, fisicamente e metaforicamente, nos colocarmos em movimento e continuarmos caminhando em meio \u00e0 dor.<\/span><\/p>\n<p>&#13;<\/p>\n<p style=\"text-align: justify;\"><span style=\"font-weight: 400;\">Classifica\u00e7\u00e3o: Livre.<\/span><\/p>\n<p>&#13;<\/p>\n<p style=\"text-align: justify;\"><span style=\"font-weight: 400;\">Realiza\u00e7\u00e3o: Lei Paulo Gustavo do Minist\u00e9rio da Cultura do Governo Federal e Prefeitura de Limeira, atrav\u00e9s da Secretaria de Cultura.<\/span><\/p>\n<p>&#13;<\/p>\n<p>\u00a0<\/p>\n<p>&#13;<\/p>\n<p style=\"text-align: justify;\"><strong>Stand-up:\u00a0 Emerson Cear\u00e1 em Se Acalme<\/strong><\/p>\n<p>&#13;<\/p>\n<p style=\"text-align: justify;\"><span style=\"font-weight: 400;\">Sexta-feira (21), \u00e0s 20h &#8211; Teatro Vit\u00f3ria Emiliano Bernardo da Silva<\/span><\/p>\n<p>&#13;<\/p>\n<p style=\"text-align: justify;\"><span style=\"font-weight: 400;\">Em seu novo show, o humorista Emerson Cear\u00e1 explora tudo aquilo que nos irrita, como falta de dinheiro, rol\u00eas ruins, gente esquisita e muito mais. O comediante apresenta um espet\u00e1culo absurdo e divertido, com piadas apenas para maiores. Entrada: Plateia &#8211; R$ 90 (inteira), R$ 45 (meia-entrada e Clube GT) e R$ 70 (mediante entrega de 1kg de alimento n\u00e3o perec\u00edvel no dia do evento).<\/span><\/p>\n<p>&#13;<\/p>\n<p style=\"text-align: justify;\"><span style=\"font-weight: 400;\">Mezanino &#8211; R$ 70 (inteira), R$ 35 (meia-entrada e Clube GT) e R$50,00 (mediante entrega de 1kg de alimento n\u00e3o perec\u00edvel no dia do evento).<\/span><\/p>\n<p>&#13;<\/p>\n<p style=\"text-align: justify;\"><a href=\"https:\/\/www.ticketfacil.com.br\/eventos\/tv-se-acalme-com-emerson-ceara.aspx\" rel=\"noopener\"><span style=\"font-weight: 400;\">https:\/\/www.ticketfacil.com.br\/eventos\/tv-se-acalme-com-emerson-ceara.aspx<\/span><\/a><\/p>\n<p>&#13;<\/p>\n<p style=\"text-align: justify;\"><span style=\"font-weight: 400;\">Classifica\u00e7\u00e3o: A partir 18 anos.<\/span><\/p>\n<p>&#13;<\/p>\n<p style=\"text-align: justify;\"><span style=\"font-weight: 400;\">Realiza\u00e7\u00e3o: Teatro GT, com o apoio da Prefeitura, por meio da Secretaria de Cultura.<\/span><\/p>\n<p>&#13;<\/p>\n<p style=\"text-align: justify;\"><span style=\"font-weight: 400;\">Dura\u00e7\u00e3o: 70min.\u00a0<\/span><\/p>\n<p>&#13;<\/p>\n<p>\u00a0<\/p>\n<p>&#13;<\/p>\n<p style=\"text-align: justify;\"><strong>Evento: Festa Popular do Bairro \u00c1guas Espraiada<\/strong><\/p>\n<p>&#13;<\/p>\n<p style=\"text-align: justify;\"><span style=\"font-weight: 400;\">Dias 21, 22 e 23, \u00e0s 19h &#8211; Estrada Municipal Carlos Joaquim Paes, Km 316<\/span><\/p>\n<p>&#13;<\/p>\n<p style=\"text-align: justify;\"><span style=\"font-weight: 400;\">Festa Popular do Bairro \u00c1guas Espraiada.<\/span><\/p>\n<p>&#13;<\/p>\n<p style=\"text-align: justify;\"><span style=\"font-weight: 400;\">Entrada: Gratuita.<\/span><\/p>\n<p>&#13;<\/p>\n<p style=\"text-align: justify;\"><span style=\"font-weight: 400;\">Classifica\u00e7\u00e3o: Livre.<\/span><\/p>\n<p>&#13;<\/p>\n<p style=\"text-align: justify;\"><span style=\"font-weight: 400;\">Realiza\u00e7\u00e3o: Bairro \u00c1guas Espraiada, com apoio da Prefeitura, por meio da Secretaria de Cultura.<\/span><\/p>\n<p>&#13;<\/p>\n<p>\u00a0<\/p>\n<p>&#13;<\/p>\n<p style=\"text-align: justify;\"><strong>Evento: Festa popular da Comunidade S\u00e3o Luiz Gonzaga<\/strong><\/p>\n<p>&#13;<\/p>\n<p style=\"text-align: justify;\"><span style=\"font-weight: 400;\">Dias 21, 22, 28 e 29, \u00e0s 19h &#8211; Rua Jos\u00e9 Barbosa Filho, 450, Vila S\u00e3o Jos\u00e9<\/span><\/p>\n<p>&#13;<\/p>\n<p style=\"text-align: justify;\"><span style=\"font-weight: 400;\">Festa popular da Comunidade S\u00e3o Luiz Gonzaga.<\/span><\/p>\n<p>&#13;<\/p>\n<p style=\"text-align: justify;\"><span style=\"font-weight: 400;\">Entrada: Gratuita.<\/span><\/p>\n<p>&#13;<\/p>\n<p style=\"text-align: justify;\"><span style=\"font-weight: 400;\">Classifica\u00e7\u00e3o: Livre.<\/span><\/p>\n<p>&#13;<\/p>\n<p style=\"text-align: justify;\"><span style=\"font-weight: 400;\">Realiza\u00e7\u00e3o:\u00a0 Comunidade S\u00e3o Luiz Gonzaga, com apoio da Prefeitura, por meio da Secretaria de Cultura.<\/span><\/p>\n<p>&#13;<\/p>\n<p>\u00a0<\/p>\n<p>&#13;<\/p>\n<p style=\"text-align: justify;\"><strong>Dan\u00e7a\/Teatro: A Outra Margem da Vida<\/strong><\/p>\n<p>&#13;<\/p>\n<p style=\"text-align: justify;\"><span style=\"font-weight: 400;\">S\u00e1bado (22), \u00e0s 16h e \u00e0s 19h30 &#8211; Teatro Vit\u00f3ria Emiliano Bernardo da Silva<\/span><\/p>\n<p>&#13;<\/p>\n<p style=\"text-align: justify;\"><span style=\"font-weight: 400;\">A narrativa se passa em uma cidade no interior do sert\u00e3o nordestino, onde um rei teve um tr\u00e1gico fim, a rainha \u00e9 movida por sede de poder e tr\u00eas crian\u00e7as sonham em mudan\u00e7a. Existe uma sa\u00edda al\u00e9m das cercas que os cercam? Existe cores al\u00e9m do cinza que os veste?<\/span><\/p>\n<p>&#13;<\/p>\n<p style=\"text-align: justify;\"><span style=\"font-weight: 400;\">Entrada: R$ 20 (Inteira), R$ 10 (meia-entrada ou b\u00f4nus em compra antecipada).<\/span><\/p>\n<p>&#13;<\/p>\n<p style=\"text-align: justify;\"><a href=\"https:\/\/www.ticketfacil.com.br\/eventos\/tv-a-outra-margem-da-vida.aspx\" rel=\"noopener\"><span style=\"font-weight: 400;\">https:\/\/www.ticketfacil.com.br\/eventos\/tv-a-outra-margem-da-vida.aspx<\/span><\/a><\/p>\n<p>&#13;<\/p>\n<p style=\"text-align: justify;\"><span style=\"font-weight: 400;\">Classifica\u00e7\u00e3o: Livre.<\/span><span style=\"font-weight: 400;\"><br \/><\/span><span style=\"font-weight: 400;\">Realiza\u00e7\u00e3o: Instituto SOU, com o apoio da Prefeitura, por meio da Secretaria de Cultura.<\/span><\/p>\n<p>&#13;<\/p>\n<p style=\"text-align: justify;\"><span style=\"font-weight: 400;\">Dura\u00e7\u00e3o: 90min.<\/span><\/p>\n<p>&#13;<\/p>\n<p>\u00a0<\/p>\n<p>&#13;<\/p>\n<p style=\"text-align: justify;\"><strong>Evento: Festa Popular da Comunidade Santa Ad\u00e9lia<\/strong><\/p>\n<p>&#13;<\/p>\n<p style=\"text-align: justify;\"><span style=\"font-weight: 400;\">Dias 22, 23, 29 e 30 de junho, das 19h \u00e0s 22h &#8211; Comunidade Santa Ad\u00e9lia, Bairro \u00c1guas da Serra\u00a0<\/span><\/p>\n<p>&#13;<\/p>\n<p style=\"text-align: justify;\"><span style=\"font-weight: 400;\">Dias 6 e 07 de julho, das 19h \u00e0s 22h &#8211; Comunidade Santa Ad\u00e9lia, Bairro \u00c1guas da Serra\u00a0<\/span><\/p>\n<p>&#13;<\/p>\n<p style=\"text-align: justify;\"><span style=\"font-weight: 400;\">Festa Popular da Comunidade Santa Ad\u00e9lia.<\/span><\/p>\n<p>&#13;<\/p>\n<p style=\"text-align: justify;\"><span style=\"font-weight: 400;\">Entrada: Gratuita.<\/span><\/p>\n<p>&#13;<\/p>\n<p style=\"text-align: justify;\"><span style=\"font-weight: 400;\">Classifica\u00e7\u00e3o: Livre.<\/span><\/p>\n<p>&#13;<\/p>\n<p style=\"text-align: justify;\"><span style=\"font-weight: 400;\">Realiza\u00e7\u00e3o: Comunidade Santa Ad\u00e9lia, com apoio da Prefeitura, por meio da Secretaria de Cultura.<\/span><\/p>\n<p>&#13;<\/p>\n<p>\u00a0<\/p>\n<p>&#13;<\/p>\n<p style=\"text-align: justify;\"><strong>Evento: Festa da Cultura Nordestina<\/strong><\/p>\n<p>&#13;<\/p>\n<p style=\"text-align: justify;\"><span style=\"font-weight: 400;\">S\u00e1bado (22) e domingo (23), \u00e0s 16h &#8211; Pra\u00e7a Maria<\/span><a href=\"http:\/\/ap.da\/\" rel=\"noopener\"> <span style=\"font-weight: 400;\">Ap.da<\/span><\/a><span style=\"font-weight: 400;\"> Silva Ottani, Jardim Vit\u00f3rio Lucato<\/span><\/p>\n<p>&#13;<\/p>\n<p style=\"text-align: justify;\"><span style=\"font-weight: 400;\">Festa da Cultura Nordestina, com comidas t\u00edpicas e apresenta\u00e7\u00f5es.<\/span><\/p>\n<p>&#13;<\/p>\n<p style=\"text-align: justify;\"><span style=\"font-weight: 400;\">Entrada: Gratuita.<\/span><\/p>\n<p>&#13;<\/p>\n<p style=\"text-align: justify;\"><span style=\"font-weight: 400;\">Classifica\u00e7\u00e3o: Livre.<\/span><\/p>\n<p>&#13;<\/p>\n<p style=\"text-align: justify;\"><span style=\"font-weight: 400;\">Realiza\u00e7\u00e3o: Associa\u00e7\u00e3o de moradores, com apoio da Prefeitura, por meio da Secretaria de Cultura.<\/span><\/p>\n<p>&#13;<\/p>\n<p>\u00a0<\/p>\n<p>&#13;<\/p>\n<p style=\"text-align: justify;\"><strong>Evento: Cultura na Pra\u00e7a<\/strong><\/p>\n<p>&#13;<\/p>\n<p style=\"text-align: justify;\"><span style=\"font-weight: 400;\">S\u00e1bado (22), das 17h \u00e0s 22h &#8211; Pra\u00e7a Marcos Aur\u00e9lio Giardello<\/span><\/p>\n<p>&#13;<\/p>\n<p style=\"text-align: justify;\"><span style=\"font-weight: 400;\">Apresenta\u00e7\u00f5es musicais.\u00a0\u00a0<\/span><\/p>\n<p>&#13;<\/p>\n<p style=\"text-align: justify;\"><span style=\"font-weight: 400;\">Entrada: Gratuita.<\/span><\/p>\n<p>&#13;<\/p>\n<p style=\"text-align: justify;\"><span style=\"font-weight: 400;\">Classifica\u00e7\u00e3o: Livre.<\/span><\/p>\n<p>&#13;<\/p>\n<p style=\"text-align: justify;\"><span style=\"font-weight: 400;\">Realiza\u00e7\u00e3o: Empreendedores locais, com apoio da Prefeitura, por meio da Secretaria de Cultura.<\/span><\/p>\n<p>&#13;<\/p>\n<p>\u00a0<\/p>\n<p>&#13;<\/p>\n<p style=\"text-align: justify;\"><strong>M\u00fasica: Retreta com Corpora\u00e7\u00e3o Musical Arthur Giambelli<\/strong><\/p>\n<p>&#13;<\/p>\n<p style=\"text-align: justify;\"><span style=\"font-weight: 400;\">Domingo (23), \u00e0s 10h30 &#8211; Pra\u00e7a Toledo Barros<\/span><\/p>\n<p>&#13;<\/p>\n<p style=\"text-align: justify;\"><span style=\"font-weight: 400;\">A banda executa m\u00fasicas populares que fazem muito sucesso at\u00e9 hoje. A Corpora\u00e7\u00e3o vem sob a reg\u00eancia do maestro Leandro Pereira.<\/span><\/p>\n<p>&#13;<\/p>\n<p style=\"text-align: justify;\"><span style=\"font-weight: 400;\">Entrada: Gratuita.<\/span><\/p>\n<p>&#13;<\/p>\n<p style=\"text-align: justify;\"><span style=\"font-weight: 400;\">Classifica\u00e7\u00e3o: Livre.<\/span><\/p>\n<p>&#13;<\/p>\n<p style=\"text-align: justify;\"><span style=\"font-weight: 400;\">Realiza\u00e7\u00e3o: Prefeitura, por meio da Secretaria de Cultura, e banda.<\/span><\/p>\n<p>&#13;<\/p>\n<p style=\"text-align: justify;\"><span style=\"font-weight: 400;\">Dura\u00e7\u00e3o:\u00a0 90 min.\u00a0<\/span><\/p>\n<p>&#13;<\/p>\n<p>\u00a0<\/p>\n<p>&#13;<\/p>\n<p style=\"text-align: justify;\"><strong>Teatro: O Vendedor de Sonhos<\/strong><\/p>\n<p>&#13;<\/p>\n<p style=\"text-align: justify;\"><span style=\"font-weight: 400;\">Domingo (23), \u00e0s 19h &#8211; Teatro Vit\u00f3ria Emiliano Bernardo da Silva<\/span><\/p>\n<p>&#13;<\/p>\n<p style=\"text-align: justify;\"><span style=\"font-weight: 400;\">Baseado no best-seller do autor brasileiro Augusto Cury, mais de 250 mil pessoas j\u00e1 puderam rir, chorar e se emocionar com esta linda hist\u00f3ria. \u201cO Vendedor de Sonhos\u201d aborda temas importantes como a preven\u00e7\u00e3o ao suic\u00eddio, o amor ao pr\u00f3ximo, o valor da amizade e da gest\u00e3o das nossas emo\u00e7\u00f5es, algo t\u00e3o necess\u00e1rio na sociedade atual. A trama conta a hist\u00f3ria do personagem J\u00falio C\u00e9sar, que tenta o suic\u00eddio e \u00e9 impedido de cometer o ato por interm\u00e9dio de um mendigo, o Mestre, que lhe vende uma v\u00edrgula, para que continue a escrever a sua hist\u00f3ria. Juntos, convidam Bartolomeu, um b\u00eabado boa-pra\u00e7a para a miss\u00e3o de vender sonhos e despertar a sociedade doente. Entretanto, a revela\u00e7\u00e3o de um passado conflituoso do Mestre pode destro\u00e7ar a grande miss\u00e3o.\u00a0<\/span><\/p>\n<p>&#13;<\/p>\n<p style=\"text-align: justify;\"><span style=\"font-weight: 400;\">Entrada: Plateia &#8211; R$ 100 (inteira), R$ 50 (meia-entrada) e R$ 70 mediante entrega de 1kg de alimento n\u00e3o perec\u00edvel no dia do evento).<\/span><\/p>\n<p>&#13;<\/p>\n<p style=\"text-align: justify;\"><span style=\"font-weight: 400;\">Mezanino &#8211; R$ 80 (inteira), R$ 40 (meia-entrada).<\/span><\/p>\n<p>&#13;<\/p>\n<p style=\"text-align: justify;\"><a href=\"https:\/\/www.ticketfacil.com.br\/eventos\/tv-o-vendedor-de-sonhos.aspx\" rel=\"noopener\"><span style=\"font-weight: 400;\">https:\/\/www.ticketfacil.com.br\/eventos\/tv-o-vendedor-de-sonhos.aspx<\/span><\/a><\/p>\n<p>&#13;<\/p>\n<p style=\"text-align: justify;\"><span style=\"font-weight: 400;\">Classifica\u00e7\u00e3o: A partir de 10 anos.<\/span><\/p>\n<p>&#13;<\/p>\n<p style=\"text-align: justify;\"><span style=\"font-weight: 400;\">Realiza\u00e7\u00e3o: Applaus Conte\u00fados Ltda, com o apoio da Prefeitura, por meio da Secretaria de Cultura.<\/span><\/p>\n<p>&#13;<\/p>\n<p style=\"text-align: justify;\"><span style=\"font-weight: 400;\">Dura\u00e7\u00e3o: 75 min.\u00a0<\/span><\/p>\n<p>&#13;<\/p>\n<p>\u00a0<\/p>\n<p>&#13;<\/p>\n<p style=\"text-align: justify;\"><strong>Jogos: Dia de Jogar<\/strong><\/p>\n<p>&#13;<\/p>\n<p style=\"text-align: justify;\"><span style=\"font-weight: 400;\">Quarta-feira (26), das 17h \u00e0s 19h &#8211; Biblioteca Municipal Professor Jo\u00e3o de Sousa Ferraz<\/span><\/p>\n<p>&#13;<\/p>\n<p style=\"text-align: justify;\"><span style=\"font-weight: 400;\">Atividade para quem gosta de jogos de tabuleiro. Voc\u00ea pode vir sozinho, ou levar sua turma. Os jogos dispon\u00edveis s\u00e3o: Detetive, Monopoly, Scrabble, Imagem &amp; A\u00e7\u00e3o, Banco Imobili\u00e1rio, War, Jogo da Vida, Perfil, Quest, Batalha Naval e mais.\u00a0<\/span><\/p>\n<p>&#13;<\/p>\n<p style=\"text-align: justify;\"><span style=\"font-weight: 400;\">Entrada: Gratuita.<\/span><\/p>\n<p>&#13;<\/p>\n<p style=\"text-align: justify;\"><span style=\"font-weight: 400;\">Classifica\u00e7\u00e3o: A partir de 9 anos.<\/span><\/p>\n<p>&#13;<\/p>\n<p style=\"text-align: justify;\"><span style=\"font-weight: 400;\">Realiza\u00e7\u00e3o: Prefeitura, por meio da Secretaria de Cultura.<\/span><\/p>\n<p>&#13;<\/p>\n<p>\u00a0<\/p>\n<p>&#13;<\/p>\n<p style=\"text-align: justify;\"><strong>M\u00fasica: Viola Livre com Vin\u00edcius Muniz<\/strong><\/p>\n<p>&#13;<\/p>\n<p style=\"text-align: justify;\"><span style=\"font-weight: 400;\">Quarta-feira (26), \u00e0s 20h &#8211;<\/span> <span style=\"font-weight: 400;\">Teatro Vit\u00f3ria Emiliano Bernardo da Silva<\/span><\/p>\n<p>&#13;<\/p>\n<p style=\"text-align: justify;\"><span style=\"font-weight: 400;\">O repert\u00f3rio segue a linha evolutiva da viola, atrav\u00e9s de composi\u00e7\u00f5es pr\u00f3prias e interpreta\u00e7\u00f5es de importantes obras do universo do instrumento. E como continua\u00e7\u00e3o dos processos de incorpora\u00e7\u00e3o da viola em outros segmentos musicais, Vin\u00edcius Muniz prop\u00f5e incorporar elementos da m\u00fasica eletr\u00f4nica, da m\u00fasica cl\u00e1ssica e da m\u00fasica instrumental brasileira junto \u00e0s t\u00e9cnicas da viola. S\u00e3o tocadas obras de Bach, Ivan Vilela, Schubert, Paulo Belinatti, John Mayer, al\u00e9m de composi\u00e7\u00f5es pr\u00f3prias. Viola Livre \u00e9 uma viagem musical cheia de detalhes e sonoridades ricas que exploram a viola em todas as suas nuances.<\/span><\/p>\n<p>&#13;<\/p>\n<p style=\"text-align: justify;\"><span style=\"font-weight: 400;\">Entrada: R$ 30 (inteira) e R$ 15 (meia-entrada) e R$ 25 (B\u00f4nus em compra antecipada at\u00e9\u00a0 31\/05).<\/span><\/p>\n<p>&#13;<\/p>\n<p style=\"text-align: justify;\"><a href=\"https:\/\/www.ticketfacil.com.br\/eventos\/tv-vinicius-muniz-viola-livre.aspx\" rel=\"noopener\"><span style=\"font-weight: 400;\">https:\/\/www.ticketfacil.com.br\/eventos\/tv-vinicius-muniz-viola-livre.aspx<\/span><\/a><\/p>\n<p>&#13;<\/p>\n<p style=\"text-align: justify;\"><span style=\"font-weight: 400;\">Classifica\u00e7\u00e3o: Livre.<\/span><\/p>\n<p>&#13;<\/p>\n<p style=\"text-align: justify;\"><span style=\"font-weight: 400;\">Realiza\u00e7\u00e3o: VHF Produ\u00e7\u00f5es, com o apoio da Prefeitura, por meio da Secretaria de Cultura.<\/span><\/p>\n<p>&#13;<\/p>\n<p style=\"text-align: justify;\"><span style=\"font-weight: 400;\">Dura\u00e7\u00e3o:\u00a0 90min.<\/span><\/p>\n<p>&#13;<\/p>\n<p>\u00a0<\/p>\n<p>&#13;<\/p>\n<p style=\"text-align: justify;\"><strong>Oficina: O Que o Olho Me Move<\/strong><\/p>\n<p>&#13;<\/p>\n<p style=\"text-align: justify;\"><span style=\"font-weight: 400;\">Quinta-feira (27), das 14h \u00e0s 18h &#8211; Museu Major Jos\u00e9 Levy Sobrinho<\/span><\/p>\n<p>&#13;<\/p>\n<p style=\"text-align: justify;\"><span style=\"font-weight: 400;\">A oficina vai abordar alguns nomes da fotografia documental e suas formas de narrar hist\u00f3rias diversas. O intuito \u00e9 estimular o participante a observar e encontrar uma linha narrativa em seu cotidiano. Ser\u00e1 proposta uma atividade de documenta\u00e7\u00e3o a partir de um texto. Em duplas, os participantes dever\u00e3o simular uma hist\u00f3ria e registrar o processo. Os Interessados podem levar fotografias para fazer o diagn\u00f3stico e higieniza\u00e7\u00e3o. A oficina \u00e9 ministrada por Nat\u00e1lia Tonda.<\/span><\/p>\n<p>&#13;<\/p>\n<p style=\"text-align: justify;\"><span style=\"font-weight: 400;\">Entrada: Gratuita, mediante inscri\u00e7\u00e3o pelo telefone 3442-1707 ou email <\/span><span style=\"font-weight: 400;\"><a href=\"https:\/\/limeira.sp.gov.br\/cdn-cgi\/l\/email-protection\" class=\"__cf_email__\" data-cfemail=\"f69791939892979b93988299d89b83859383b69a9f9b939f8497d88586d8919980d89484\" rel=\"noopener\">[email\u00a0protected]<\/a><\/span><span style=\"font-weight: 400;\">.<\/span><\/p>\n<p>&#13;<\/p>\n<p style=\"text-align: justify;\"><span style=\"font-weight: 400;\">Classifica\u00e7\u00e3o: A partir de 16 anos.<\/span><\/p>\n<p>&#13;<\/p>\n<p style=\"text-align: justify;\"><span style=\"font-weight: 400;\">Realiza\u00e7\u00e3o: Governo do Estado de S\u00e3o Paulo e Museu da Imagem e do Som (MIS), em parceria com a Prefeitura de Limeira, por meio da Secretaria de Cultura.<\/span><\/p>\n<p>&#13;<\/p>\n<p>\u00a0<\/p>\n<p>&#13;<\/p>\n<p style=\"text-align: justify;\"><strong>M\u00fasica: Abba + Bee Gees: O Encontro<\/strong><\/p>\n<p>&#13;<\/p>\n<p style=\"text-align: justify;\"><span style=\"font-weight: 400;\">Quinta-feira (27), \u00e0s 20h &#8211; Teatro Vit\u00f3ria Emiliano Bernardo da Silva<\/span><\/p>\n<p>&#13;<\/p>\n<p style=\"text-align: justify;\"><span style=\"font-weight: 400;\">O espet\u00e1culo marca o encontro de duas das mais memor\u00e1veis bandas dos anos 60, 70 e 80. Abba Majest\u00e4t e Bee Gees Way s\u00e3o bandas renomadas presente no circuito de shows em todo territ\u00f3rio brasileiro, refer\u00eancia no segmento tributo. Com\u00a0 requinte de detalhes, s\u00e3o executadas as mais belas can\u00e7\u00f5es que marcaram \u00e9pocas. Sucessos como Dancing Queen, Mama Mia, Chiquitita, Waterloo, I haver a dream, \u201cNight fever\u201d &#8220;Massachusetts&#8221;, Words, More than a woman, Alone, Stayin alive, You should be dancing, Tragedy e muito mais.\u00a0<\/span><\/p>\n<p>&#13;<\/p>\n<p style=\"text-align: justify;\"><span style=\"font-weight: 400;\">Entrada: Plateia &#8211; R$ 120 (inteira), R$ 60 (meia-entrada) e R$ 70 (mediante entrega de 1kg de alimento n\u00e3o perec\u00edvel no dia do evento).<\/span><\/p>\n<p>&#13;<\/p>\n<p style=\"text-align: justify;\"><span style=\"font-weight: 400;\">Mezanino- R$ 80 (inteira), R$ 40 (meia- entrada) e R$ 50 (mediante entrega de 1kg de alimento n\u00e3o perec\u00edvel no dia do evento).<\/span><\/p>\n<p>&#13;<\/p>\n<p style=\"text-align: justify;\"><a href=\"https:\/\/www.ticketfacil.com.br\/eventos\/tv-abba-bee-gees-o-encontro.aspx\" rel=\"noopener\"><span style=\"font-weight: 400;\">https:\/\/www.ticketfacil.com.br\/eventos\/tv-abba-bee-gees-o-encontro.aspx<\/span><\/a><\/p>\n<p>&#13;<\/p>\n<p style=\"text-align: justify;\"><span style=\"font-weight: 400;\">Classifica\u00e7\u00e3o: A partir de 10 anos.<\/span><\/p>\n<p>&#13;<\/p>\n<p style=\"text-align: justify;\"><span style=\"font-weight: 400;\">Realiza\u00e7\u00e3o: Ferreira Eventos Culturais, com o apoio da Prefeitura, por meio da Secretaria de Cultura.<\/span><\/p>\n<p>&#13;<\/p>\n<p style=\"text-align: justify;\"><span style=\"font-weight: 400;\">Dura\u00e7\u00e3o:\u00a0 120min.\u00a0<\/span><\/p>\n<p>&#13;<\/p>\n<p>\u00a0<\/p>\n<p>&#13;<\/p>\n<p style=\"text-align: justify;\"><strong>Literatura: Leia Mulheres &#8211; \u201cA M\u00e3o Esquerda da Escurid\u00e3o\u201d<\/strong><\/p>\n<p>&#13;<\/p>\n<p style=\"text-align: justify;\"><span style=\"font-weight: 400;\">S\u00e1bado (29), \u00e0s 16h &#8211; Anfiteatro Dr. Olindo de Luca da Biblioteca Municipal\u00a0<\/span><\/p>\n<p>&#13;<\/p>\n<p style=\"text-align: justify;\"><span style=\"font-weight: 400;\">Escrito h\u00e1 50 anos, \u201cA m\u00e3o esquerda da escurid\u00e3o\u201d de \u00darsula K. Le Guin \u00e9 um marco na literatura de fantasia e fic\u00e7\u00e3o cient\u00edfica. Enviado em uma miss\u00e3o intergal\u00e1ctica, Genly Ai, um humano, tem como miss\u00e3o persuadir os governantes do planeta Gethen a se unirem a uma comunidade universal. Entretanto, Genly, mesmo depois de anos de estudo, percebe-se despreparado para a situa\u00e7\u00e3o que lhe aguardava. Ao entrar em contato com uma cultura complexa, rica, quase medieval e com outra abordagem na rela\u00e7\u00e3o entre os g\u00eaneros, Genly perde o controle da situa\u00e7\u00e3o. \u00c9 humano demais, e, se n\u00e3o conseguir repensar suas concep\u00e7\u00f5es de feminino e masculino, correr\u00e1 o risco de destruir tanto a miss\u00e3o quanto a si mesmo. A m\u00e3o esquerda da escurid\u00e3o prop\u00f5e ricas discuss\u00f5es sobre assuntos pol\u00eamicos e atemporais &#8211; g\u00eanero, feminismo, alteridade, filosofia e antropologia -, sendo considerado pela cr\u00edtica especializada n\u00e3o s\u00f3 um dos mais importantes livros de fic\u00e7\u00e3o cient\u00edfica j\u00e1 escritos como tamb\u00e9m uma verdadeira obra-prima da literatura moderna. A media\u00e7\u00e3o \u00e9 de Denise Ap. da Silva, Let\u00edcia Reis e Nayara M. Pires.<\/span><\/p>\n<p>&#13;<\/p>\n<p style=\"text-align: justify;\"><span style=\"font-weight: 400;\">Entrada: Gratuita.<\/span><\/p>\n<p>&#13;<\/p>\n<p style=\"text-align: justify;\"><span style=\"font-weight: 400;\">Informa\u00e7\u00f5es: Grupo do WhatsApp <\/span><a href=\"https:\/\/chat.whatsapp.com\/FDfJRqydElH2FGOLampDyx\" rel=\"noopener\"><span style=\"font-weight: 400;\">https:\/\/chat.whatsapp.com\/FDfJRqydElH2FGOLampDyx<\/span><\/a><\/p>\n<p>&#13;<\/p>\n<p style=\"text-align: justify;\"><span style=\"font-weight: 400;\">Classifica\u00e7\u00e3o: Livre.<\/span><\/p>\n<p>&#13;<\/p>\n<p style=\"text-align: justify;\"><span style=\"font-weight: 400;\">Realiza\u00e7\u00e3o: Leia Mulheres, com apoio da Prefeitura de Limeira, por meio da Secretaria de Cultura<\/span><\/p>\n<p>&#13;<\/p>\n<p>\u00a0<\/p>\n<p>&#13;<\/p>\n<p style=\"text-align: justify;\"><strong>M\u00fasica: Concerto de Encerramento do 1\u00b0 Semestre da ELM<\/strong><\/p>\n<p>&#13;<\/p>\n<p style=\"text-align: justify;\"><span style=\"font-weight: 400;\">S\u00e1bado (29), \u00e0s 20h30 &#8211;<\/span> <span style=\"font-weight: 400;\">Teatro Vit\u00f3ria Emiliano Bernardo da Silva<\/span><\/p>\n<p>&#13;<\/p>\n<p style=\"text-align: justify;\"><span style=\"font-weight: 400;\">A Escola Livre de M\u00fasica faz parte da Sociedade Pr\u00f3 Sinf\u00f4nica de Limeira e tem como objetivo a forma\u00e7\u00e3o de m\u00fasicos, levando em considera\u00e7\u00e3o a intera\u00e7\u00e3o da m\u00fasica como meio social e profissional. A m\u00fasica como meio social oferece a todos o direito de aprender uma nova forma de express\u00e3o e por meio dela promover cidadania. Para encerrar as atividades do primeiro semestre a escola traz a Orquestra\u00a0 de Sopros da Osli e\u00a0 Sinf\u00f4nica Jovem.<\/span><\/p>\n<p>&#13;<\/p>\n<p style=\"text-align: justify;\"><span style=\"font-weight: 400;\">Entrada: Gratuita.<\/span><\/p>\n<p>&#13;<\/p>\n<p style=\"text-align: justify;\"><span style=\"font-weight: 400;\">Classifica\u00e7\u00e3o: Livre.<\/span><\/p>\n<p>&#13;<\/p>\n<p style=\"text-align: justify;\"><span style=\"font-weight: 400;\">Realiza\u00e7\u00e3o: Sociedade Pr\u00f3 &#8211; Sinf\u00f4nica de Limeira, com o apoio da Prefeitura, por meio da Secretaria de Cultura.<\/span><\/p>\n<p>&#13;<\/p>\n<p style=\"text-align: justify;\"><span style=\"font-weight: 400;\">Dura\u00e7\u00e3o: 60min.<\/span><\/p>\n<p>&#13;<\/p>\n<p>\u00a0<\/p>\n<p>&#13;<\/p>\n<p style=\"text-align: justify;\"><strong>M\u00fasica: Retreta com Banda Henrique Marques<\/strong><\/p>\n<p>&#13;<\/p>\n<p style=\"text-align: justify;\"><span style=\"font-weight: 400;\">Domingo (30), \u00e0s 10h30 &#8211; Pra\u00e7a Toledo Barros<\/span><\/p>\n<p>&#13;<\/p>\n<p style=\"text-align: justify;\"><span style=\"font-weight: 400;\">A Banda Henrique Marques apresenta obras da m\u00fasica instrumental e popular brasileira, como parte do fomento cultural local.<\/span><\/p>\n<p>&#13;<\/p>\n<p style=\"text-align: justify;\"><span style=\"font-weight: 400;\">Entrada: Gratuita.<\/span><\/p>\n<p>&#13;<\/p>\n<p style=\"text-align: justify;\"><span style=\"font-weight: 400;\">Classifica\u00e7\u00e3o: Livre.<\/span><\/p>\n<p>&#13;<\/p>\n<p style=\"text-align: justify;\"><span style=\"font-weight: 400;\">Realiza\u00e7\u00e3o: Banda Henrique Marques, com o apoio da Prefeitura, por meio da Secretaria de Cultura.<\/span><\/p>\n<p>&#13;<\/p>\n<p style=\"text-align: justify;\"><span style=\"font-weight: 400;\">Dura\u00e7\u00e3o:\u00a0 60 min<\/span><\/p>\n<p>&#13;<\/p>\n<p>\u00a0<\/p>\n<p>&#13;<\/p>\n<p style=\"text-align: justify;\"><strong>M\u00fasica: Concerto de Encerramento do 1\u00ba Semestre da ELM<\/strong><\/p>\n<p>&#13;<\/p>\n<p style=\"text-align: justify;\"><span style=\"font-weight: 400;\">Domingo (30), \u00e0s 11h, 15h e 19h &#8211; Teatro Vit\u00f3ria Emiliano Bernardo da Silva<\/span><\/p>\n<p>&#13;<\/p>\n<p style=\"text-align: justify;\"><span style=\"font-weight: 400;\">\u00c0s 11h, se apresentam a Camerata da Osli, Orquestra de Cordas, Orquestra de C\u00e2mara\u00a0 e Orquestras Preparat\u00f3rias. \u00c0s 15h, se apresentam a Orquestra de Viol\u00f5es da ELM e Casas da Cultura. J\u00e1 \u00e0s 19h, se apresentam as bandas da escola.<\/span><\/p>\n<p>&#13;<\/p>\n<p style=\"text-align: justify;\"><span style=\"font-weight: 400;\">Entrada: Gratuita.<\/span><\/p>\n<p>&#13;<\/p>\n<p style=\"text-align: justify;\"><span style=\"font-weight: 400;\">Classifica\u00e7\u00e3o: Livre.<\/span><\/p>\n<p>&#13;<\/p>\n<p style=\"text-align: justify;\"><span style=\"font-weight: 400;\">Realiza\u00e7\u00e3o: Sociedade Pr\u00f3 &#8211; Sinf\u00f4nica de Limeira, com o apoio da Prefeitura, por meio da Secretaria de Cultura.<\/span><\/p>\n<p>&#13;<\/p>\n<p style=\"text-align: justify;\"><span style=\"font-weight: 400;\">Dura\u00e7\u00e3o: 60min.\u00a0<\/span><\/p>\n<p>&#13;<\/p>\n<p>\u00a0<\/p>\n<p>&#13;<\/p>\n<p style=\"text-align: justify;\"><strong>Evento: Festa Popular da Par\u00f3quia Santa Luzia<\/strong><\/p>\n<p>&#13;<\/p>\n<p style=\"text-align: justify;\"><span style=\"font-weight: 400;\">S\u00e1bado (29), das 19h \u00e0s 22h &#8211; Rua Pedro Elias, 730, Vista Alegre<\/span><\/p>\n<p>&#13;<\/p>\n<p style=\"text-align: justify;\"><span style=\"font-weight: 400;\">Festa Popular da Par\u00f3quia Santa Luzia.<\/span><\/p>\n<p>&#13;<\/p>\n<p style=\"text-align: justify;\"><span style=\"font-weight: 400;\">Entrada: Gratuita.<\/span><\/p>\n<p>&#13;<\/p>\n<p style=\"text-align: justify;\"><span style=\"font-weight: 400;\">Classifica\u00e7\u00e3o: Livre.<\/span><\/p>\n<p>&#13;<\/p>\n<p style=\"text-align: justify;\"><span style=\"font-weight: 400;\">Realiza\u00e7\u00e3o: Par\u00f3quia Santa Luzia, com apoio da Prefeitura, por meio da Secretaria de Cultura.<\/span><\/p>\n<p>&#13;<\/p>\n<p>\u00a0<\/p>\n<p>&#13;<\/p>\n<p style=\"text-align: justify;\"><strong>Exposi\u00e7\u00e3o: Leonardo da Vinci &#8211; As Maravilhas Mec\u00e2nicas<\/strong><\/p>\n<p>&#13;<\/p>\n<p style=\"text-align: justify;\"><span style=\"font-weight: 400;\">De segunda a sexta-feira, das 9h \u00e0s 11h30 e das 14h30 \u00e0s 16h45 &#8211; Centro de Ci\u00eancias e Cultura \u201cProfessor Osvaldo Roberto Leite\u201d<\/span><\/p>\n<p>&#13;<\/p>\n<p style=\"text-align: justify;\"><span style=\"font-weight: 400;\">A exposi\u00e7\u00e3o vem exemplificar, por meio de alguns dos projetos de Da Vinci, como a sua vis\u00e3o foi revolucion\u00e1ria. \u00c9 dividida em quatro \u00e1reas, simbolizadas pelos elementos da natureza (ar, \u00e1gua, fogo e terra), apresentando maquetes, textos e imagens que justificam sua fama de um dos maiores g\u00eanios da humanidade.<\/span><\/p>\n<p>&#13;<\/p>\n<p style=\"text-align: justify;\"><span style=\"font-weight: 400;\">Agenda para visitas de escolas: 3444-7893.<\/span><\/p>\n<p>&#13;<\/p>\n<p style=\"text-align: justify;\"><span style=\"font-weight: 400;\">Entrada: Gratuita.<\/span><\/p>\n<p>&#13;<\/p>\n<p style=\"text-align: justify;\"><span style=\"font-weight: 400;\">Classifica\u00e7\u00e3o: Livre.<\/span><\/p>\n<p>&#13;<\/p>\n<p style=\"text-align: justify;\"><span style=\"font-weight: 400;\">Realiza\u00e7\u00e3o: Prefeitura, por meio da Secretaria de Cultura, e M.A.S.T. \u2013 Museu de Astronomia e Afins.<\/span><\/p>\n<p>&#13;<\/p>\n<p style=\"text-align: justify;\"><strong>\u00a0<\/strong><\/p>\n<p>&#13;<\/p>\n<p style=\"text-align: justify;\"><strong>Exposi\u00e7\u00e3o: Biodiversidade e Sa\u00fade<\/strong><\/p>\n<p>&#13;<\/p>\n<p style=\"text-align: justify;\"><span style=\"font-weight: 400;\">De segunda a sexta-feira, das 9h \u00e0s 11h30 e das 14h30 \u00e0s 16h45 &#8211; Centro de Ci\u00eancias e Cultura \u201cProfessor Osvaldo Roberto Leite\u201d<\/span><\/p>\n<p>&#13;<\/p>\n<p style=\"text-align: justify;\"><span style=\"font-weight: 400;\">A mostra aborda a vasta biodiversidade do pa\u00eds, j\u00e1 que uma a cada cinco esp\u00e9cies existentes no mundo vive no Brasil. A exposi\u00e7\u00e3o provoca reflex\u00f5es sobre as rela\u00e7\u00f5es entre a biodiversidade, a sa\u00fade e suas perspectivas socioambientais, convidando o visitante a compreender a complexidade da vida em seus diferentes n\u00edveis de hierarquia, al\u00e9m de conhecer mais sobre os biomas brasileiros e refletir sobre a interven\u00e7\u00e3o humana na natureza e na acelera\u00e7\u00e3o do processo de extin\u00e7\u00e3o de esp\u00e9cies. Tamb\u00e9m traz um jogo da mem\u00f3ria com informa\u00e7\u00f5es sobre esp\u00e9cies brasileiras amea\u00e7adas de extin\u00e7\u00e3o e uma atividade interativa sobre as rela\u00e7\u00f5es ecol\u00f3gicas que acontecem no ambiente da floresta.<\/span><\/p>\n<p>&#13;<\/p>\n<p style=\"text-align: justify;\"><span style=\"font-weight: 400;\">Agenda para visitas de escolas: 3444-7893.<\/span><\/p>\n<p>&#13;<\/p>\n<p style=\"text-align: justify;\"><span style=\"font-weight: 400;\">Entrada: Gratuita.<\/span><\/p>\n<p>&#13;<\/p>\n<p style=\"text-align: justify;\"><span style=\"font-weight: 400;\">Classifica\u00e7\u00e3o: Livre.<\/span><\/p>\n<p>&#13;<\/p>\n<p style=\"text-align: justify;\"><span style=\"font-weight: 400;\">Realiza\u00e7\u00e3o: Prefeitura, por meio da Secretaria de Cultura, e Museu da Vida &#8211; Funda\u00e7\u00e3o Oswaldo Cruz<\/span><\/p>\n<p>&#13;<\/p>\n<p>\u00a0<\/p>\n<p>&#13;<\/p>\n<p style=\"text-align: justify;\"><strong>Exposi\u00e7\u00e3o de Longa Dura\u00e7\u00e3o: Limeira, Uma Cidade Entre S\u00e9culos<\/strong><\/p>\n<p>&#13;<\/p>\n<p style=\"text-align: justify;\"><span style=\"font-weight: 400;\">De ter\u00e7a a sexta-feira, das 9h \u00e0s 17h &#8211; Museu Major Jos\u00e9 Levy Sobrinho<\/span><\/p>\n<p>&#13;<\/p>\n<p style=\"text-align: justify;\"><span style=\"font-weight: 400;\">A exposi\u00e7\u00e3o apresenta ao p\u00fablico uma vis\u00e3o das variadas dimens\u00f5es que formam a identidade limeirense, tendo como eixo central a vida na cidade. Cada sala reflete uma din\u00e2mica que se desdobra da conviv\u00eancia comunit\u00e1ria: o viver na cidade e seus temas correlatos; o \u00e2mbito dom\u00e9stico e o morar; os of\u00edcios e a industrializa\u00e7\u00e3o; as dimens\u00f5es pol\u00edticas; e as rela\u00e7\u00f5es entre sa\u00fade e educa\u00e7\u00e3o. Com o objetivo de despertar o interesse pela hist\u00f3ria da cidade de Limeira, proporciona uma percep\u00e7\u00e3o cr\u00edtica e sens\u00edvel da realidade hist\u00f3rica e, ainda, busca estabelecer rela\u00e7\u00f5es de di\u00e1logo com os diversos p\u00fablicos, e promove a ressignifica\u00e7\u00e3o acerca das obras observadas pelos participantes dos grupos.<\/span><\/p>\n<p>&#13;<\/p>\n<p style=\"text-align: justify;\"><span style=\"font-weight: 400;\">Agendamento de grupos: <\/span><a href=\"http:\/\/agendamento.museu\/\" rel=\"noopener\"><span style=\"font-weight: 400;\">agendamento.museu<\/span><\/a><span style=\"font-weight: 400;\">@<\/span><a href=\"https:\/\/limeira.sp.gov.br\/\" rel=\"noopener\"><span style=\"font-weight: 400;\">limeira.sp.gov.br<\/span><\/a><\/p>\n<p>&#13;<\/p>\n<p style=\"text-align: justify;\"><span style=\"font-weight: 400;\">Entrada: Gratuita.<\/span><\/p>\n<p>&#13;<\/p>\n<p style=\"text-align: justify;\"><span style=\"font-weight: 400;\">Classifica\u00e7\u00e3o Livre.<\/span><\/p>\n<p>&#13;<\/p>\n<p style=\"text-align: justify;\"><span style=\"font-weight: 400;\">Realiza\u00e7\u00e3o: Prefeitura, por meio da Secretaria de Cultura.<\/span><\/p>\n<p>&#13;<\/p>\n<p>\u00a0<\/p>\n<p>&#13;<\/p>\n<p style=\"text-align: justify;\"><strong>Exposi\u00e7\u00e3o: Gruta da Paz e Sua Hist\u00f3ria<\/strong><\/p>\n<p>&#13;<\/p>\n<p style=\"text-align: justify;\"><span style=\"font-weight: 400;\">De ter\u00e7a a sexta-feira, das 12h \u00e0s 17h; e aos s\u00e1bados, das 9h \u00e0s 13h &#8211; Gruta da Paz<\/span><\/p>\n<p>&#13;<\/p>\n<p style=\"text-align: justify;\"><span style=\"font-weight: 400;\">Constru\u00edda entre 1919 e 1920 e reinaugurada em julho de 2017 pela Prefeitura Municipal de Limeira, o local que passou por reformas e revitaliza\u00e7\u00e3o, se destaca como um dos principais cart\u00f5es postais da cidade. Marcando a reabertura deste espa\u00e7o, o Museu Major Jos\u00e9 Levy Sobrinho preparou a exposi\u00e7\u00e3o \u201cGruta da Paz e sua Hist\u00f3ria\u201d, que procura por meio de imagens e fotos do passado, contar um pouco de sua rica hist\u00f3ria e de sua trajet\u00f3ria marcante para a sociedade e para a cultura de Limeira e regi\u00e3o.<\/span><\/p>\n<p>&#13;<\/p>\n<p style=\"text-align: justify;\"><span style=\"font-weight: 400;\">Entrada: Gratuita.<\/span><\/p>\n<p>&#13;<\/p>\n<p style=\"text-align: justify;\"><span style=\"font-weight: 400;\">Classifica\u00e7\u00e3o: Livre.<\/span><\/p>\n<p>&#13;<\/p>\n<p style=\"text-align: justify;\"><span style=\"font-weight: 400;\">Realiza\u00e7\u00e3o: Prefeitura, por meio da Secretaria de Cultura.<\/span><\/p>\n<p>&#13;<\/p>\n<p>\u00a0<\/p>\n<p>&#13;<\/p>\n<p style=\"text-align: justify;\"><strong>*** Programa\u00e7\u00e3o sujeita \u00e0 altera\u00e7\u00f5es.<\/strong><\/p>\n<p>&#13;<\/p>\n<p style=\"text-align: justify;\"><strong>_____________________________________________________________<\/strong><\/p>\n<p>&#13;<\/p>\n<p style=\"text-align: justify;\"><strong>ENDERE\u00c7OS E TELEFONES DA CULTURA:<\/strong><\/p>\n<p>&#13;<\/p>\n<p style=\"text-align: justify;\"><strong>Gabinete do Secret\u00e1rio de Cultura \/ Orquestra Sinf\u00f4nica de Limeira \/ Departamento de Cultura \/ Departamento Operacional &#8211; Palacete Levy<\/strong><span style=\"font-weight: 400;\"> &#8211; Largo da Boa Morte, 11 &#8211; Centro. Telefone: 3441 7905.<\/span><\/p>\n<p>&#13;<\/p>\n<p style=\"text-align: justify;\"><strong>Escola Municipal de Cultura e Artes Maestro M\u00e1rio Tintori &#8211; Emcea\/ Departamento de Forma\u00e7\u00e3o para as Artes \/ Sede do Programa Oficinas Culturais <\/strong><span style=\"font-weight: 400;\">&#8211; Rua da Boa Morte, 471 &#8211; Centro. Telefone: 3441 5493.<\/span><\/p>\n<p>&#13;<\/p>\n<p style=\"text-align: justify;\"><strong>Museu Major Jos\u00e9 Levy Sobrinho \/ Centro Municipal de Mem\u00f3ria Hist\u00f3rica de Limeira<\/strong><span style=\"font-weight: 400;\"> &#8211; Rua da Boa Morte, 471 &#8211; Centro. Telefone: 3442 1707.<\/span><\/p>\n<p>&#13;<\/p>\n<p style=\"text-align: justify;\"><strong>Espa\u00e7o Expositivo Prof\u00aa Maria Eloisa Gon\u00e7alves de Oliveira Rossi<\/strong><span style=\"font-weight: 400;\"> &#8211; Rua Treze de Maio, 102, Centro. Telefone: 3442 1707.<\/span><\/p>\n<p>&#13;<\/p>\n<p style=\"text-align: justify;\"><strong>Teatro Vit\u00f3ria \u201cEmiliano Bernardo da Silva\u201d <\/strong><span style=\"font-weight: 400;\">&#8211; Pra\u00e7a Toledo Barros &#8211; s\/no &#8211; Centro. Telefone: 3451 6679.<\/span><\/p>\n<p>&#13;<\/p>\n<p style=\"text-align: justify;\"><strong>Centro de Ci\u00eancias e Cultura Prof. Osvaldo Roberto Leite<\/strong><span style=\"font-weight: 400;\"> &#8211; Parque Cidade &#8211; Rua Jos\u00e9 Botelho Veloso, s\/no &#8211; Vila S\u00e3o Jo\u00e3o. Telefone: 3444 7893.<\/span><\/p>\n<p>&#13;<\/p>\n<p style=\"text-align: justify;\"><strong>Biblioteca Municipal Professor Jo\u00e3o de Sousa Ferraz e Infantil Profa. Cec\u00edlia Quadros <\/strong><span style=\"font-weight: 400;\">&#8211; Parque Cidade &#8211; Rua Jos\u00e9 Botelho Veloso, s\/n &#8211; Vila S\u00e3o Jo\u00e3o. Telefone: 3442 6539.<\/span><\/p>\n<p>&#13;<\/p>\n<p style=\"text-align: justify;\"><strong>Casa da Cultura Oswaldo Salibe <\/strong><span style=\"font-weight: 400;\">&#8211; Rua Renato Moretti, 222 &#8211; Parque Nossa Senhora das Dores. Telefone: 3453 9009.<\/span><\/p>\n<p>&#13;<\/p>\n<p style=\"text-align: justify;\"><strong>Casa da Cultura 2<\/strong><span style=\"font-weight: 400;\"> &#8211; Rua Alberto Pelegrino, 37 &#8211; Vista Alegre. Telefone: 3442 8470.<\/span><\/p>\n<p>&#13;<\/p>\n<p style=\"text-align: justify;\"><strong>Pracinhas da Cultura (CEU) <\/strong><span style=\"font-weight: 400;\">&#8211; Av. Prefeito Ari Levi Pereira, 845 \u2013 Geada. Telefone: 3451- 2650.<\/span><\/p>\n<p>&#13;<\/p>\n<p style=\"text-align: justify;\">\u00a0<\/p>\n<p>&#13;<br \/>\n&#13;<br \/>\n&#13;<br \/>\n&#13;<\/p>\n<aside class=\"list-related no-print\">&#13;<br \/>\n        &#13;<br \/>\n&#13;<\/p>\n<article class=\"list-item noticias \">&#13;<br \/>\n                    <a class=\"list-item__img\" href=\"https:\/\/limeira.sp.gov.br\/imprensa\/noticias\/cultura\/teatro-vitoria-recebe-patrulha-canina-neste-domingo-2\" tabindex=\"-1\" aria-hidden=\"true\" rel=\"noopener\">&#13;<br \/>\n                        <img data-recalc-dims=\"1\" decoding=\"async\" src=\"https:\/\/i0.wp.com\/ecrie.com.br\/sistema\/conteudos\/imagem\/m_137_0_1_29052024144402.jpeg?w=696&#038;ssl=1\" alt=\"Teatro Vit\u00f3ria recebe Patrulha Canina neste domingo (2)\"\/>&#13;<br \/>\n                    <\/a>&#13;<br \/>\n&#13;<br \/>\n                &#13;<br \/>\n            <\/article>\n<p>&#13;<\/p>\n<article class=\"list-item noticias \">&#13;<br \/>\n                    <a class=\"list-item__img\" href=\"https:\/\/limeira.sp.gov.br\/imprensa\/noticias\/cultura\/festival-ecodanca-acontece-neste-sabado-1\" tabindex=\"-1\" aria-hidden=\"true\" rel=\"noopener\">&#13;<br \/>\n                        <img data-recalc-dims=\"1\" decoding=\"async\" src=\"https:\/\/i0.wp.com\/ecrie.com.br\/sistema\/conteudos\/imagem\/m_137_0_1_29052024144003.jpeg?w=696&#038;ssl=1\" alt=\"Festival Ecodan\u00e7a acontece neste s\u00e1bado (1\u00ba)\"\/>&#13;<br \/>\n                    <\/a>&#13;<br \/>\n&#13;<br \/>\n                &#13;<br \/>\n            <\/article>\n<p>&#13;<\/p>\n<article class=\"list-item noticias \">&#13;<br \/>\n                    <a class=\"list-item__img\" href=\"https:\/\/limeira.sp.gov.br\/imprensa\/noticias\/cultura\/retreta-com-banda-henrique-marques-e-neste-domingo-2\" tabindex=\"-1\" aria-hidden=\"true\" rel=\"noopener\">&#13;<br \/>\n                        <img data-recalc-dims=\"1\" decoding=\"async\" src=\"https:\/\/i0.wp.com\/ecrie.com.br\/sistema\/conteudos\/imagem\/m_137_0_1_22032024140354.jpeg?w=696&#038;ssl=1\" alt=\"Retreta com Banda Henrique Marques \u00e9 neste domingo (2)\"\/>&#13;<br \/>\n                    <\/a>&#13;<br \/>\n&#13;<br \/>\n                &#13;<br \/>\n            <\/article>\n<p>&#13;<br \/>\n    <\/aside>\n<p>&#13;<br \/>\n&#13;\n            <\/p><\/div>\n<p><br \/>\n<br \/><a href=\"https:\/\/limeira.sp.gov.br\/festa-junina-municipal-e-verso-e-voz-sao-destaques-da-programacao-cultural-do-mes\" rel=\"noopener\">Informa\u00e7\u00f5es da PML <\/a><\/p>\n","protected":false},"excerpt":{"rendered":"<p>&#13; &#13; &#13; &#13; &#13; &#13; &#13; A programa\u00e7\u00e3o de junho tem como destaque a Festa Junina Municipal, que acontece nos dias 14 e 15, no Parque Cidade, \u00e0s 18h; e tamb\u00e9m o projeto de literatura Verso e Voz, com declama\u00e7\u00e3o de poesias de alunos, no dia 6, \u00e0s 13h30, no Teatro Vit\u00f3ria. A realiza\u00e7\u00e3o [&hellip;]<\/p>\n","protected":false},"author":1,"featured_media":3419,"comment_status":"open","ping_status":"open","sticky":false,"template":"","format":"standard","meta":{"_jetpack_newsletter_access":"","_jetpack_dont_email_post_to_subs":false,"_jetpack_newsletter_tier_id":0,"_jetpack_memberships_contains_paywalled_content":false,"_mbp_banners":[],"_jetpack_feature_clip_id":0,"_jetpack_memberships_contains_paid_content":false,"footnotes":"","jetpack_publicize_message":"","jetpack_publicize_feature_enabled":true,"jetpack_social_post_already_shared":true,"jetpack_social_options":{"image_generator_settings":{"template":"highway","default_image_id":0,"font":"","enabled":false},"version":2},"jetpack_post_was_ever_published":false},"categories":[16],"tags":[],"class_list":["post-6912","post","type-post","status-publish","format-standard","has-post-thumbnail","category-local"],"jetpack_publicize_connections":[],"jetpack-related-posts":[],"jetpack_shortlink":"https:\/\/wp.me\/p7Eq1F-1Nu","jetpack_sharing_enabled":true,"jetpack_featured_media_url":"https:\/\/i0.wp.com\/guialimeira.com.br\/news\/wp-content\/uploads\/2024\/05\/m_137_0_1_30042024141915.jpeg?fit=1250%2C852&ssl=1","_links":{"self":[{"href":"https:\/\/guialimeira.com.br\/news\/wp-json\/wp\/v2\/posts\/6912","targetHints":{"allow":["GET"]}}],"collection":[{"href":"https:\/\/guialimeira.com.br\/news\/wp-json\/wp\/v2\/posts"}],"about":[{"href":"https:\/\/guialimeira.com.br\/news\/wp-json\/wp\/v2\/types\/post"}],"author":[{"embeddable":true,"href":"https:\/\/guialimeira.com.br\/news\/wp-json\/wp\/v2\/users\/1"}],"replies":[{"embeddable":true,"href":"https:\/\/guialimeira.com.br\/news\/wp-json\/wp\/v2\/comments?post=6912"}],"version-history":[{"count":0,"href":"https:\/\/guialimeira.com.br\/news\/wp-json\/wp\/v2\/posts\/6912\/revisions"}],"wp:featuredmedia":[{"embeddable":true,"href":"https:\/\/guialimeira.com.br\/news\/wp-json\/wp\/v2\/media\/3419"}],"wp:attachment":[{"href":"https:\/\/guialimeira.com.br\/news\/wp-json\/wp\/v2\/media?parent=6912"}],"wp:term":[{"taxonomy":"category","embeddable":true,"href":"https:\/\/guialimeira.com.br\/news\/wp-json\/wp\/v2\/categories?post=6912"},{"taxonomy":"post_tag","embeddable":true,"href":"https:\/\/guialimeira.com.br\/news\/wp-json\/wp\/v2\/tags?post=6912"}],"curies":[{"name":"wp","href":"https:\/\/api.w.org\/{rel}","templated":true}]}}